{"id":36938,"date":"2024-11-15T12:30:55","date_gmt":"2024-11-15T09:30:55","guid":{"rendered":"https:\/\/mersinkadingazetesi.com\/?p=36938"},"modified":"2024-11-15T12:30:56","modified_gmt":"2024-11-15T09:30:56","slug":"chp-milletvekili-talat-dincer-aclik-sefalet-ve-hayat-pahaliligi-halki-ezdi","status":"publish","type":"post","link":"https:\/\/mersinkadingazetesi.com\/?p=36938","title":{"rendered":"CHP Milletvekili Talat Din\u00e7er: &#8220;A\u00e7l\u0131k, Sefalet ve Hayat Pahal\u0131l\u0131\u011f\u0131 Halk\u0131 Ezdi&#8221;"},"content":{"rendered":"\n<p>CHP Mersin Milletvekili Talat Din\u00e7er, TBMM Genel Kurulu&#8217;nda yapt\u0131\u011f\u0131 konu\u015fmada ekonomik krizin vatanda\u015flar \u00fczerindeki a\u011f\u0131r etkilerine dikkat \u00e7ekti. Din\u00e7er, T\u00dc\u0130K taraf\u0131ndan a\u00e7\u0131klanan enflasyon rakamlar\u0131n\u0131n ger\u00e7ekleri yans\u0131tmad\u0131\u011f\u0131n\u0131 belirterek, sokaktaki enflasyonun y\u00fczde 100\u2019\u00fcn \u00fczerinde oldu\u011funu vurgulad\u0131.<\/p>\n\n\n\n<p>&#8220;Halk Sipari\u015f \u00fczerine verilen T\u00dc\u0130K rakamlar\u0131na de\u011fil, cebindeki paran\u0131n al\u0131m g\u00fcc\u00fcne bak\u0131yor,&#8221; diyen Din\u00e7er, AKP&#8217;nin 22 y\u0131ll\u0131k iktidar\u0131nda izledi\u011fi yanl\u0131\u015f ekonomik politikalar\u0131n enflasyonu bu seviyelere \u00e7\u0131kard\u0131\u011f\u0131n\u0131 s\u00f6yledi. &#8220;Bu enflasyonu \u00e7ift\u00e7i mi yaratt\u0131, emekli mi yaratt\u0131? Hay\u0131r! Bu, sizin iktidar\u0131n\u0131z\u0131n eseridir, emekli inliyor, 12.500 lirayla ge\u00e7inemiyor, &#8220;A\u00e7\u0131z!&#8221; diye ba\u011f\u0131r\u0131yor. Yoksullar sokakta, evine ekmek g\u00f6t\u00fcremiyor. Emek yo\u011fun \u00e7al\u0131\u015fan insanlar satt\u0131\u011f\u0131 \u00fcr\u00fcn\u00fcn yerine yenisini koyam\u0131yor. \u0130\u015fsizleri zaten s\u00f6ylemek bile istemiyorum.&#8221; diyerek h\u00fck\u00fcmete sert ele\u015ftirilerde bulundu.<\/p>\n\n\n\n<p><strong>\u201cGariban Vergi \u00d6derken Yanda\u015flar Kollan\u0131yor\u201d<\/strong><\/p>\n\n\n\n<p>Din\u00e7er, mevcut vergi sisteminin adaletsizli\u011fine de de\u011findi. Dolayl\u0131 vergilerle en \u00e7ok y\u00fck\u00fcn dar gelirli vatanda\u015flar\u0131n omuzlar\u0131na y\u00fcklendi\u011fini ifade eden Din\u00e7er, b\u00fcy\u00fck \u015firketlerin ve h\u00fck\u00fcmete yak\u0131n firmalar\u0131n ise vergi y\u00fck\u00fcnden kurtuldu\u011funu dile getirdi. &#8220;Fakir fukara vergiyi \u00f6derken, b\u00fcy\u00fck firmalara ve garanti s\u00f6zleri verdi\u011finiz yak\u0131n \u015firketlere her t\u00fcrl\u00fc te\u015fvik sa\u011flan\u0131yor. Bu nas\u0131l adalet?&#8221; diye sordu.<\/p>\n\n\n\n<p><strong>&#8220;Esnaf Tezg\u00e2htar, \u00c7ift\u00e7i Amele Oldu&#8221;<\/strong><\/p>\n\n\n\n<p>AKP d\u00f6neminde k\u00fc\u00e7\u00fck esnaf\u0131n kepenk kapatmaya mecbur b\u0131rak\u0131ld\u0131\u011f\u0131n\u0131 belirten Din\u00e7er, &#8220;Mahallenin bek\u00e7isi olan esnaf\u0131 AVM\u2019lerde tezg\u00e2htar yapt\u0131n\u0131z,&#8221; dedi. \u00c7ift\u00e7ilerin de topraklar\u0131n\u0131 terk ederek \u015fehirlerde g\u00fcnl\u00fck i\u015flerde \u00e7al\u0131\u015fmak zorunda kald\u0131\u011f\u0131n\u0131 kaydeden Din\u00e7er, k\u0131rsalda \u00fcretimin durma noktas\u0131na geldi\u011fine dikkat \u00e7ekti.<\/p>\n\n\n\n<p><strong>\u201cHalk A\u00e7l\u0131k ve Yoksullukla M\u00fccadele Ediyor\u201d<\/strong><\/p>\n\n\n\n<p>Din\u00e7er, emeklilerin, asgari \u00fccretlilerin ve i\u015f\u00e7ilerin hayat pahal\u0131l\u0131\u011f\u0131 kar\u015f\u0131s\u0131nda ayakta kalmakta zorland\u0131\u011f\u0131n\u0131 vurgulad\u0131. Hastanelere gitmekte, \u00e7ocuklar\u0131n\u0131n e\u011fitim masraflar\u0131n\u0131 kar\u015f\u0131lamakta zorlanan milyonlarca vatanda\u015f\u0131n sesine kulak verilmesi gerekti\u011fini belirten Din\u00e7er, &#8220;Bu ma\u011fduriyeti yaratan AKP\u2019nin yanl\u0131\u015f ekonomik politikalar\u0131d\u0131r,&#8221; dedi.<\/p>\n\n\n\n<p>Din\u00e7er, 31 Mart yerel se\u00e7imlerinin halk\u0131n h\u00fck\u00fcmete bir uyar\u0131s\u0131 oldu\u011funu belirterek, &#8220;Bu mesaj\u0131 iyi okumak ve bundan sonra ayn\u0131 yanl\u0131\u015flar\u0131 yapmamak laz\u0131m,&#8221; dedi.<\/p>\n","protected":false},"excerpt":{"rendered":"<p>CHP Mersin Milletvekili Talat Din\u00e7er, TBMM Genel Kurulu&#8217;nda yapt\u0131\u011f\u0131 konu\u015fmada ekonomik krizin vatanda\u015flar \u00fczerindeki a\u011f\u0131r etkilerine dikkat \u00e7ekti. Din\u00e7er, T\u00dc\u0130K taraf\u0131ndan a\u00e7\u0131klanan enflasyon rakamlar\u0131n\u0131n ger\u00e7ekleri yans\u0131tmad\u0131\u011f\u0131n\u0131 belirterek, sokaktaki enflasyonun y\u00fczde 100\u2019\u00fcn \u00fczerinde oldu\u011funu vurgulad\u0131. &#8220;Halk Sipari\u015f \u00fczerine verilen T\u00dc\u0130K rakamlar\u0131na de\u011fil, cebindeki paran\u0131n al\u0131m g\u00fcc\u00fcne bak\u0131yor,&#8221; diyen Din\u00e7er, AKP&#8217;nin 22 y\u0131ll\u0131k iktidar\u0131nda izledi\u011fi yanl\u0131\u015f ekonomik [&hellip;]<\/p>\n","protected":false},"author":2,"featured_media":36939,"comment_status":"closed","ping_status":"closed","sticky":false,"template":"","format":"standard","meta":{"footnotes":""},"categories":[2,3,5],"tags":[],"class_list":["post-36938","post","type-post","status-publish","format-standard","has-post-thumbnail","hentry","category-gundem","category-manset","category-mersin"],"views":1,"_links":{"self":[{"href":"https:\/\/mersinkadingazetesi.com\/index.php?rest_route=\/wp\/v2\/posts\/36938"}],"collection":[{"href":"https:\/\/mersinkadingazetesi.com\/index.php?rest_route=\/wp\/v2\/posts"}],"about":[{"href":"https:\/\/mersinkadingazetesi.com\/index.php?rest_route=\/wp\/v2\/types\/post"}],"author":[{"embeddable":true,"href":"https:\/\/mersinkadingazetesi.com\/index.php?rest_route=\/wp\/v2\/users\/2"}],"replies":[{"embeddable":true,"href":"https:\/\/mersinkadingazetesi.com\/index.php?rest_route=%2Fwp%2Fv2%2Fcomments&post=36938"}],"version-history":[{"count":1,"href":"https:\/\/mersinkadingazetesi.com\/index.php?rest_route=\/wp\/v2\/posts\/36938\/revisions"}],"predecessor-version":[{"id":36940,"href":"https:\/\/mersinkadingazetesi.com\/index.php?rest_route=\/wp\/v2\/posts\/36938\/revisions\/36940"}],"wp:featuredmedia":[{"embeddable":true,"href":"https:\/\/mersinkadingazetesi.com\/index.php?rest_route=\/wp\/v2\/media\/36939"}],"wp:attachment":[{"href":"https:\/\/mersinkadingazetesi.com\/index.php?rest_route=%2Fwp%2Fv2%2Fmedia&parent=36938"}],"wp:term":[{"taxonomy":"category","embeddable":true,"href":"https:\/\/mersinkadingazetesi.com\/index.php?rest_route=%2Fwp%2Fv2%2Fcategories&post=36938"},{"taxonomy":"post_tag","embeddable":true,"href":"https:\/\/mersinkadingazetesi.com\/index.php?rest_route=%2Fwp%2Fv2%2Ftags&post=36938"}],"curies":[{"name":"wp","href":"https:\/\/api.w.org\/{rel}","templated":true}]}}