{"id":36944,"date":"2024-11-15T12:34:26","date_gmt":"2024-11-15T09:34:26","guid":{"rendered":"https:\/\/mersinkadingazetesi.com\/?p=36944"},"modified":"2024-11-15T12:34:27","modified_gmt":"2024-11-15T09:34:27","slug":"mhp-mersin-milletvekili-dr-levent-uysal-engelli-ogretmenlerin-kadro-sayilarinin-artirilmasini-istedi","status":"publish","type":"post","link":"https:\/\/mersinkadingazetesi.com\/?p=36944","title":{"rendered":"MHP MERS\u0130N M\u0130LLETVEK\u0130L\u0130 DR. LEVENT UYSAL, ENGELL\u0130 \u00d6\u011eRETMENLER\u0130N KADRO SAYILARININ ARTIRILMASINI \u0130STED\u0130"},"content":{"rendered":"\n<p>Milliyet\u00e7i Hareket Partisi Mersin Milletvekili ve MYK \u00dcyesi Dr. Levent Uysal Milli E\u011fitim Bakanl\u0131\u011f\u01312025&nbsp;Y\u0131l\u0131 B\u00fct\u00e7e g\u00f6r\u00fc\u015fmelerinde konu\u015ftu. Milletvekili Uysal geli\u015fen teknolojinin e\u011fitime daha \u00e7ok entegre edilmesini isteyerek <strong>\u201cMersin Dumlup\u0131nar Lisesinin Fen ve Teknoloji Lisesine, Tarsus Cengiz Topel Anadolu Lisesinin Bili\u015fim ve Teknoloji Lisesine, Erdemli Akdeniz Anadolu Lisesinin Tar\u0131m Teknoloji Lisesine, Silifke Lisesinin Yaz\u0131l\u0131m Anadolu Lisesine d\u00f6n\u00fc\u015ft\u00fcr\u00fclmesini ve ayr\u0131ca Tarsus il\u00e7emizde kurmay\u0131 planlad\u0131\u011f\u0131m\u0131z Tarsus Spor Lisesine destek vermenizi istiyoruz.\u201d<\/strong> dedi.<\/p>\n\n\n\n<p>T\u00fcrkiye B\u00fcy\u00fck Millet Meclisi\u2019nde bakanl\u0131klar\u0131n b\u00fct\u00e7e g\u00f6r\u00fc\u015fmeleri devam ediyor. Milli E\u011fitim Bakanl\u0131\u011f\u0131 2025 Y\u0131l\u0131 B\u00fct\u00e7e g\u00f6r\u00fc\u015fmelerinde Milliyet\u00e7i Hareket Partisi Mersin Milletvekili ve MYK \u00dcyesi Dr. Levent Uysal da s\u00f6z ald\u0131. Mersin\u2019in e\u011fitim alan\u0131ndaki ihtiya\u00e7lar\u0131n\u0131 dile getiren Milletvekili Uysal, kentte bulunan 4 \u00fcniversitenin ortak bir platformda birle\u015ferek teknoloji, yapay zeka ve ar-ge merkezleri kurulmas\u0131 \u00f6nerisini g\u00fcndeme getirdi.<\/p>\n\n\n\n<p>Uysal <strong>\u201cMilli E\u011fitim Bakan\u0131m\u0131z Say\u0131n Yusuf Tekin beyefendi ve Y\u00fcksek\u00f6\u011fretim Kurulu Ba\u015fkan\u0131m\u0131z Say\u0131n Prof. Dr. Erol \u00d6zvar beyefendi siz uygun g\u00f6r\u00fcrseniz Mersin\u2019imizde yer alan 2 devlet 2 vak\u0131f toplamda 4 \u00fcniversitemizin ortak bir platformda bulu\u015fturulup; teknoloji, yapay zeka ve ara\u015ft\u0131rma merkezi kurulabilir. \u00dcniversiteler kendi aralar\u0131ndaki sanayi i\u015f birlikteli\u011fini geli\u015ftirerek hem Mersin ekonomisine hem de devletimizin b\u00fct\u00e7esine katk\u0131da bulunacaklar\u0131n\u0131 d\u00fc\u015f\u00fcn\u00fcyoruz. Y\u00d6K Ba\u015fkan\u0131m\u0131za Mersinli karde\u015flerim ad\u0131na da \u00e7ok te\u015fekk\u00fcr ediyorum \u00e7\u00fcnk\u00fc mesleki e\u011fitim ve teknoloji e\u011fitimine ciddi destek sa\u011fl\u0131yor. Mersin\u2019de bulunan \u00fcniversitelerimizle beraber sekt\u00f6rel projeler yap\u0131yoruz ve bu da Mersin\u2019in ekonomisine y\u00fcksek katma de\u011fer sa\u011fl\u0131yor.\u201d<\/strong> \u015feklinde konu\u015ftu.<\/p>\n\n\n\n<p>Asr\u0131n felaketi 6 \u015eubat depremlerinin ard\u0131ndan Mersin\u2019de de pek \u00e7ok okulda g\u00fc\u00e7lendirme ve in\u015faat \u00e7al\u0131\u015fmalar\u0131n\u0131n devam etti\u011fini aktaran MHP Mersin Milletvekili Dr. Levent <strong>Uysal \u201cBiliyorsunuz Mersin\u2019imizde 1400 okulumuz 400 bin \u00f6\u011frencimiz 32 bin \u00f6\u011fretmenimiz var. Ve bunun yan\u0131nda 2 devlet \u00fcniversitesi 2 vak\u0131f \u00fcniversitesinde 60 bin \u00f6\u011frencimiz y\u00fcksek \u00f6\u011frenim e\u011fitimi al\u0131yor. 2023 y\u0131l\u0131nda ya\u015fad\u0131\u011f\u0131m\u0131z 6 \u015eubat deprem felaketinden sonra performans analiz raporlar\u0131na ba\u011fl\u0131 olarak g\u00fc\u00e7lendirme karar\u0131 verilen okullar\u0131m\u0131zdan 25 okulumuzun ve 519 dersli\u011fimizin ihalesi yap\u0131lm\u0131\u015ft\u0131r. 18 okul ve 366 dersli\u011fin g\u00fc\u00e7lendirme i\u015flemleri tamamlanm\u0131\u015f ve e\u011fitime a\u00e7\u0131lm\u0131\u015ft\u0131r. 7 okulumuz ve 153 dersli\u011fimizin in\u015fas\u0131 devam etmektedir. Okullar\u0131m\u0131z\u0131n in\u015faat\u0131n\u0131 tamamlay\u0131p, \u00f6\u011frencilerimizin okullar\u0131na h\u0131zl\u0131ca kavu\u015fmas\u0131n\u0131 sa\u011flamak isteriz.\u201d<\/strong> a\u00e7\u0131klamas\u0131nda bulundu.<\/p>\n\n\n\n<p>Mersin\u2019in teknoloji \u00fcss\u00fc bir kent olmas\u0131 i\u00e7in giri\u015fimlerde bulunduklar\u0131n\u0131 hat\u0131rlatan Uysal, \u00f6\u011frencilerin daha \u00e7ok teknoloji e\u011fitimi alabilecekleri okullar ve platformlar kurulmas\u0131n\u0131 isteyerek <strong>\u201cMersin\u2019imiz \u00f6zel sekt\u00f6r ve devlet kurumlar\u0131m\u0131zla ortakla\u015fa teknoloji ve ar-ge \u015fehri olmas\u0131yla ilgili \u00e7al\u0131\u015fmalar yapmaktad\u0131r. Kentin ekonomik anlamda b\u00fcy\u00fcmesi ve geli\u015fen teknoloji \u00e7a\u011f\u0131na ayak uydurabilmesi i\u00e7in teknoloji e\u011fitiminin al\u0131nabilece\u011fi okullar ve platformlar kurulmas\u0131n\u0131 talep ediyoruz. Bu nedenle Mersin Dumlup\u0131nar Lisesinin Fen ve Teknoloji Lisesine, Tarsus Cengiz Topel Anadolu Lisesinin Bili\u015fim ve Teknoloji Lisesine, Erdemli Akdeniz Anadolu Lisesinin Tar\u0131m Teknoloji Lisesine, Silifke Lisesinin Yaz\u0131l\u0131m Anadolu Lisesine d\u00f6n\u00fc\u015ft\u00fcr\u00fclmesini ve ayr\u0131ca Tarsus\u2019ta kurmaya \u00e7al\u0131\u015ft\u0131\u011f\u0131m\u0131z ve aksiyon planlar\u0131m\u0131zda olan Tarsus Spor Lisesine destek vermenizi temenni ediyoruz.\u201d<\/strong> dedi.<\/p>\n\n\n\n<p>Engelli \u00f6\u011fretmen kadro say\u0131lar\u0131n\u0131n art\u0131r\u0131lmas\u0131n\u0131 da talep eden Milliyet\u00e7i Hareket Partisi Mersin Milletvekili ve MYK \u00dcyesi Dr. Levent Uysal <strong>\u201cMersin\u2019deki engelli \u00f6\u011fretmenlerimizin kadro say\u0131lar\u0131n\u0131n art\u0131r\u0131lmas\u0131n\u0131 talep ediyoruz. Konuyu Aile ve Sosyal Hizmetler Bakanl\u0131\u011f\u0131m\u0131za aktard\u0131k. Milli E\u011fitim Bakanl\u0131\u011f\u0131m\u0131zdan da bu konuda destek bekliyoruz.\u201d<\/strong> \u015feklinde konu\u015ftu.<\/p>\n","protected":false},"excerpt":{"rendered":"<p>Milliyet\u00e7i Hareket Partisi Mersin Milletvekili ve MYK \u00dcyesi Dr. Levent Uysal Milli E\u011fitim Bakanl\u0131\u011f\u01312025&nbsp;Y\u0131l\u0131 B\u00fct\u00e7e g\u00f6r\u00fc\u015fmelerinde konu\u015ftu. Milletvekili Uysal geli\u015fen teknolojinin e\u011fitime daha \u00e7ok entegre edilmesini isteyerek \u201cMersin Dumlup\u0131nar Lisesinin Fen ve Teknoloji Lisesine, Tarsus Cengiz Topel Anadolu Lisesinin Bili\u015fim ve Teknoloji Lisesine, Erdemli Akdeniz Anadolu Lisesinin Tar\u0131m Teknoloji Lisesine, Silifke Lisesinin Yaz\u0131l\u0131m Anadolu Lisesine [&hellip;]<\/p>\n","protected":false},"author":2,"featured_media":36874,"comment_status":"closed","ping_status":"closed","sticky":false,"template":"","format":"standard","meta":{"footnotes":""},"categories":[3],"tags":[],"class_list":["post-36944","post","type-post","status-publish","format-standard","has-post-thumbnail","hentry","category-manset"],"views":39,"_links":{"self":[{"href":"https:\/\/mersinkadingazetesi.com\/index.php?rest_route=\/wp\/v2\/posts\/36944"}],"collection":[{"href":"https:\/\/mersinkadingazetesi.com\/index.php?rest_route=\/wp\/v2\/posts"}],"about":[{"href":"https:\/\/mersinkadingazetesi.com\/index.php?rest_route=\/wp\/v2\/types\/post"}],"author":[{"embeddable":true,"href":"https:\/\/mersinkadingazetesi.com\/index.php?rest_route=\/wp\/v2\/users\/2"}],"replies":[{"embeddable":true,"href":"https:\/\/mersinkadingazetesi.com\/index.php?rest_route=%2Fwp%2Fv2%2Fcomments&post=36944"}],"version-history":[{"count":1,"href":"https:\/\/mersinkadingazetesi.com\/index.php?rest_route=\/wp\/v2\/posts\/36944\/revisions"}],"predecessor-version":[{"id":36945,"href":"https:\/\/mersinkadingazetesi.com\/index.php?rest_route=\/wp\/v2\/posts\/36944\/revisions\/36945"}],"wp:featuredmedia":[{"embeddable":true,"href":"https:\/\/mersinkadingazetesi.com\/index.php?rest_route=\/wp\/v2\/media\/36874"}],"wp:attachment":[{"href":"https:\/\/mersinkadingazetesi.com\/index.php?rest_route=%2Fwp%2Fv2%2Fmedia&parent=36944"}],"wp:term":[{"taxonomy":"category","embeddable":true,"href":"https:\/\/mersinkadingazetesi.com\/index.php?rest_route=%2Fwp%2Fv2%2Fcategories&post=36944"},{"taxonomy":"post_tag","embeddable":true,"href":"https:\/\/mersinkadingazetesi.com\/index.php?rest_route=%2Fwp%2Fv2%2Ftags&post=36944"}],"curies":[{"name":"wp","href":"https:\/\/api.w.org\/{rel}","templated":true}]}}