{"id":36953,"date":"2024-11-17T10:18:02","date_gmt":"2024-11-17T07:18:02","guid":{"rendered":"https:\/\/mersinkadingazetesi.com\/?p=36953"},"modified":"2024-11-17T10:18:03","modified_gmt":"2024-11-17T07:18:03","slug":"tarsus-kultur-parkta-sanat-dolu-etkinlik","status":"publish","type":"post","link":"https:\/\/mersinkadingazetesi.com\/?p=36953","title":{"rendered":"TARSUS K\u00dcLT\u00dcR PARK&#8217;TA SANAT DOLU ETK\u0130NL\u0130K"},"content":{"rendered":"\n<p>Mersin B\u00fcy\u00fck\u015fehir Belediyesi&#8217;nin, K\u00fclt\u00fcr ve Sosyal \u0130\u015fler Dairesi Ba\u015fkanl\u0131\u011f\u0131 koordinesinde bu y\u0131l 3.&#8217;s\u00fcn\u00fc ger\u00e7ekle\u015ftirdi\u011fi&nbsp;<strong>&#8216;Uluslararas\u0131 Tarsus Festivali&#8217;<\/strong>nin kapan\u0131\u015f\u0131, muhte\u015fem bir sergi ile yap\u0131ld\u0131. Sergide, Uluslararas\u0131 Tarsus Festivali kapsam\u0131nda d\u00fczenlenen&nbsp;<strong>&#8216;Sanat \u00c7al\u0131\u015ftay\u0131&#8217;<\/strong>na kat\u0131l\u0131m sa\u011flayan 35 ressam\u0131n, festival boyunca Tarsus K\u00fclt\u00fcr Park i\u00e7erisinde yapt\u0131klar\u0131 70 eser sanatseverlerin be\u011fenisine sunuldu.<\/p>\n\n\n\n<p>Sanat, tarih ve farkl\u0131 k\u00fclt\u00fcrlerin bir arada bulundu\u011fu Tarsus&#8217;ta; yurti\u00e7i ve yurtd\u0131\u015f\u0131ndan gelen sanat\u00e7\u0131lar\u0131 ve farkl\u0131 k\u00fclt\u00fcrlerin bir araya gelmesini sa\u011flamay\u0131 ama\u00e7layan Sanat \u00c7al\u0131\u015ftay\u0131&#8217;na, T\u00fcrk sanat\u00e7\u0131lar\u0131n yan\u0131 s\u0131ra 12 farkl\u0131 \u00fclkeden toplam 35 sanat\u00e7\u0131 kat\u0131l\u0131m sa\u011flad\u0131.<\/p>\n\n\n\n<p>Tarsus&#8217;a \u00f6zg\u00fc de\u011ferlerin tuvallere yans\u0131t\u0131ld\u0131\u011f\u0131 \u00e7al\u0131\u015ftayda, sanat\u00e7\u0131lar \u00f6zg\u00fcn eserler ortaya \u00e7\u0131kard\u0131. Her sanat\u00e7\u0131n\u0131n 2&#8217;\u015fer eser ile kat\u0131ld\u0131\u011f\u0131 programda ortaya \u00e7\u0131kan 70 resim, Tarsus K\u00fclt\u00fcr Park&#8217;\u0131n do\u011fal ortam\u0131nda sanatseverlerle bulu\u015fturuldu. Sergiye sanatseverler de yo\u011fun ilgi g\u00f6sterdi.<\/p>\n\n\n\n<p><strong>\u00d6zd\u00fclger: &#8220;Amac\u0131m\u0131z bu eserleri, ileriki s\u00fcre\u00e7te yapmak istedi\u011fimiz m\u00fczede sergilemek&#8221;<\/strong><\/p>\n\n\n\n<p>Bu y\u0131l festival kapsam\u0131nda ilk kez Sanat \u00c7al\u0131\u015ftay\u0131 d\u00fczenlediklerini kaydeden K\u00fclt\u00fcr ve Sosyal \u0130\u015fler Dairesi Ba\u015fkanl\u0131\u011f\u0131 Koordinat\u00f6r\u00fc, Opera Sanat\u00e7\u0131s\u0131 Bengi \u0130spir \u00d6zd\u00fclger,&nbsp;<strong>&#8220;TADEKA Plastik Sanatlar Kurulumuzun \u00f6nerisiyle ilk kez ba\u015flatt\u0131\u011f\u0131m\u0131z \u00e7al\u0131\u015ftay\u0131m\u0131z\u0131n, sergiyle beraber kapan\u0131\u015f\u0131n\u0131 ger\u00e7ekle\u015ftirdik. Son derece ba\u015far\u0131l\u0131, birbirinden de\u011ferli 70 eserle beraberiz. Bu sergiyi en iyi \u015fekilde sanatseverlerle, vatanda\u015flar\u0131m\u0131zla bulu\u015fturmay\u0131 ve onlar\u0131n be\u011fenisine sunmay\u0131 arzu ediyoruz&#8221;<\/strong>&nbsp;dedi.<\/p>\n\n\n\n<p>Ama\u00e7lar\u0131n\u0131n, ileriki s\u00fcre\u00e7te yapmak istedikleri m\u00fcze ve galerilerde bu eserlerin halkla bulu\u015fmas\u0131n\u0131 sa\u011flamak oldu\u011funu ifade eden \u00d6zd\u00fclger,&nbsp;<strong>&#8220;Herkesi sanatla ilgilenmeye, sanatla bir arada olmaya, sanatla bulu\u015fmaya davet ediyorum. \u00c7\u00fcnk\u00fc sanat\u0131n iyile\u015ftirici, birle\u015ftirici ve \u015fifaland\u0131r\u0131c\u0131 g\u00fcc\u00fcn\u00fcn fark\u0131nday\u0131z. B\u00f6yle bir festivalin yap\u0131lm\u0131\u015f olmas\u0131nda emek veren herkese, ama en ba\u015fta B\u00fcy\u00fck\u015fehir Belediye Ba\u015fkan\u0131m\u0131z Say\u0131n Vahap Se\u00e7er&#8217;e; Tarsus&#8217;umuza yara\u015f\u0131r, Tarsuslu vatanda\u015flar\u0131m\u0131z\u0131n da memnun kalaca\u011f\u0131n\u0131 bildi\u011fimiz, o do\u011frultuda i\u00e7eri\u011fini olu\u015fturdu\u011fumuz bir festivalde bir araya gelmemizi sa\u011flad\u0131\u011f\u0131 i\u00e7in te\u015fekk\u00fcr ederim&#8221;<\/strong>&nbsp;diye konu\u015ftu.<\/p>\n\n\n\n<p><strong>Prof. Cebrailo\u011flu: &#8220;100&#8242; e yak\u0131n \u00fclkenin g\u00f6z\u00fc kula\u011f\u0131 bu festivaldeydi&#8221;<\/strong><\/p>\n\n\n\n<p>Sel\u00e7uk \u00dcniversitesi G\u00fczel Sanatlar Fak\u00fcltesi \u00d6\u011fretim \u00dcyesi ve Sanat \u00c7al\u0131\u015ftay\u0131&#8217;n\u0131n k\u00fcrat\u00f6rlerinden Prof. Dr. Orhan Cebrailo\u011flu, festivalin bir\u00e7ok \u00fclkede ses getirdi\u011fini belirterek,&nbsp;<strong>&#8220;35 sanat\u00e7\u0131yla beraber Tarsus&#8217;un g\u00fczel park\u0131nda bir haftad\u0131r work shoplar, performanslar, resimler yap\u0131yoruz. \u00c7ok farkl\u0131 disiplinlerde sanat\u00e7\u0131lar var burada. Kendi alan\u0131nda \u00e7ok \u00fcnl\u00fc sanat\u00e7\u0131lar Tarsus&#8217;ta bir hafta boyunca; Tarsus&#8217;un sosyal, k\u00fclt\u00fcrel hayat\u0131n\u0131, burada g\u00f6rd\u00fckleri konular\u0131, burada rastlad\u0131klar\u0131 insanlarla sohbetlerinde ald\u0131klar\u0131 duygular\u0131 tuvallere aksettirdiler&#8221;<\/strong>&nbsp;ifadelerini kulland\u0131.<\/p>\n\n\n\n<p>Bu resimlerin, ileride kurulmas\u0131 planlanan Mersin Modern Sanatlar M\u00fczesi&#8217;nde sergilenece\u011fini s\u00f6zlerine ekleyen Prof. Cebrailo\u011flu,&nbsp;<strong>&#8220;Bu konuda desteklerini esirgemeyen B\u00fcy\u00fck\u015fehir Belediye Ba\u015fkan\u0131&#8217;na can\u0131 g\u00f6n\u00fclden te\u015fekk\u00fcrlerimi, \u015f\u00fckranlar\u0131m\u0131 sunuyorum. \u00c7\u00fcnk\u00fc uluslararas\u0131 anlamda, d\u00fcnya \u00e7ap\u0131nda bir i\u015f ba\u015fard\u0131. 100&#8217;e yak\u0131n \u00fclkenin g\u00f6z\u00fc kula\u011f\u0131 burada. Neler olup-bitti\u011fini \u00f6\u011frenmek istiyorlar&#8221;<\/strong>&nbsp;dedi.<\/p>\n\n\n\n<p><strong>Aslan: &#8220;Festivaldeki sanatsal etkinlikler, k\u00fclt\u00fcrler aras\u0131 kayna\u015fmaya da arac\u0131l\u0131k etti&#8221;<\/strong><\/p>\n\n\n\n<p>\u00c7al\u0131\u015ftay k\u00fcrat\u00f6rlerinden \u00dcmit Aslan,&nbsp;<strong>&#8220;Bir hafta boyunca burada \u00e7ok g\u00fczel \u00e7al\u0131\u015fmalar yapt\u0131k. Ya\u011fl\u0131 boya ve akredit boya \u00e7al\u0131\u015fmalar \u00e7\u0131kt\u0131. G\u00fczel ve keyifli zaman ge\u00e7irdik. Konuklar\u0131m\u0131z Tarsus&#8217;u \u00e7ok sevdiler. Kendileri aras\u0131nda da k\u00fclt\u00fcrler aras\u0131 bir kayna\u015fma oldu ve buna sanat arac\u0131l\u0131k etti&#8221;<\/strong>&nbsp;dedi.<\/p>\n","protected":false},"excerpt":{"rendered":"<p>Mersin B\u00fcy\u00fck\u015fehir Belediyesi&#8217;nin, K\u00fclt\u00fcr ve Sosyal \u0130\u015fler Dairesi Ba\u015fkanl\u0131\u011f\u0131 koordinesinde bu y\u0131l 3.&#8217;s\u00fcn\u00fc ger\u00e7ekle\u015ftirdi\u011fi&nbsp;&#8216;Uluslararas\u0131 Tarsus Festivali&#8217;nin kapan\u0131\u015f\u0131, muhte\u015fem bir sergi ile yap\u0131ld\u0131. Sergide, Uluslararas\u0131 Tarsus Festivali kapsam\u0131nda d\u00fczenlenen&nbsp;&#8216;Sanat \u00c7al\u0131\u015ftay\u0131&#8217;na kat\u0131l\u0131m sa\u011flayan 35 ressam\u0131n, festival boyunca Tarsus K\u00fclt\u00fcr Park i\u00e7erisinde yapt\u0131klar\u0131 70 eser sanatseverlerin be\u011fenisine sunuldu. Sanat, tarih ve farkl\u0131 k\u00fclt\u00fcrlerin bir arada bulundu\u011fu Tarsus&#8217;ta; yurti\u00e7i [&hellip;]<\/p>\n","protected":false},"author":2,"featured_media":36954,"comment_status":"closed","ping_status":"closed","sticky":false,"template":"","format":"standard","meta":{"footnotes":""},"categories":[3],"tags":[],"class_list":["post-36953","post","type-post","status-publish","format-standard","has-post-thumbnail","hentry","category-manset"],"views":5,"_links":{"self":[{"href":"https:\/\/mersinkadingazetesi.com\/index.php?rest_route=\/wp\/v2\/posts\/36953"}],"collection":[{"href":"https:\/\/mersinkadingazetesi.com\/index.php?rest_route=\/wp\/v2\/posts"}],"about":[{"href":"https:\/\/mersinkadingazetesi.com\/index.php?rest_route=\/wp\/v2\/types\/post"}],"author":[{"embeddable":true,"href":"https:\/\/mersinkadingazetesi.com\/index.php?rest_route=\/wp\/v2\/users\/2"}],"replies":[{"embeddable":true,"href":"https:\/\/mersinkadingazetesi.com\/index.php?rest_route=%2Fwp%2Fv2%2Fcomments&post=36953"}],"version-history":[{"count":1,"href":"https:\/\/mersinkadingazetesi.com\/index.php?rest_route=\/wp\/v2\/posts\/36953\/revisions"}],"predecessor-version":[{"id":36955,"href":"https:\/\/mersinkadingazetesi.com\/index.php?rest_route=\/wp\/v2\/posts\/36953\/revisions\/36955"}],"wp:featuredmedia":[{"embeddable":true,"href":"https:\/\/mersinkadingazetesi.com\/index.php?rest_route=\/wp\/v2\/media\/36954"}],"wp:attachment":[{"href":"https:\/\/mersinkadingazetesi.com\/index.php?rest_route=%2Fwp%2Fv2%2Fmedia&parent=36953"}],"wp:term":[{"taxonomy":"category","embeddable":true,"href":"https:\/\/mersinkadingazetesi.com\/index.php?rest_route=%2Fwp%2Fv2%2Fcategories&post=36953"},{"taxonomy":"post_tag","embeddable":true,"href":"https:\/\/mersinkadingazetesi.com\/index.php?rest_route=%2Fwp%2Fv2%2Ftags&post=36953"}],"curies":[{"name":"wp","href":"https:\/\/api.w.org\/{rel}","templated":true}]}}