{"id":36959,"date":"2024-11-17T10:20:10","date_gmt":"2024-11-17T07:20:10","guid":{"rendered":"https:\/\/mersinkadingazetesi.com\/?p=36959"},"modified":"2024-11-17T10:20:10","modified_gmt":"2024-11-17T07:20:10","slug":"deva-partili-ekmen-mevsimlik-tarim-iscileri-genelgesini-uygulayin","status":"publish","type":"post","link":"https:\/\/mersinkadingazetesi.com\/?p=36959","title":{"rendered":"DEVA Partili Ekmen: Mevsimlik Tar\u0131m \u0130\u015f\u00e7ileri Genelgesi\u2019ni uygulay\u0131n\u00a0"},"content":{"rendered":"\n<p><strong>DEVA Partisi Genel Ba\u015fkan Yard\u0131mc\u0131s\u0131 Mehmet Emin Ekmen, \u00c7al\u0131\u015fma Bakanl\u0131\u011f\u0131n\u0131n 2025 y\u0131l\u0131 b\u00fct\u00e7esine yapt\u0131\u011f\u0131 konu\u015fmada, Mevsimlik Tar\u0131m \u0130\u015f\u00e7ileri \u0130zleme ve De\u011ferlendirme Kurulu Genelgesini g\u00fcndeme getirdi. Bas\u0131n a\u00e7\u0131klamalar\u0131, soru \u00f6nergeleri ve TBMM\u2019deki \u00e7al\u0131\u015fmalar\u0131nda s\u00fcrekli olarak genelgenin \u00f6nemine dikkat \u00e7eken Ekmen, mevsimlik tar\u0131m i\u015f\u00e7ilerinin k\u0131ymetinin bilinmesi gerekti\u011fine vurgu yapt\u0131. Genelgenin neredeyse m\u00fckemmel bir genelge oldu\u011funun alt\u0131n\u0131 \u00e7izen Ekmen, genelgede yer alan Cumhurba\u015fkan\u0131n talimatlar\u0131n\u0131n yerine getirilmedi\u011fini belirterek, \u201cGenelge ile ilgili \u00c7al\u0131\u015fma Bakan\u0131 Vedat I\u015f\u0131khan\u2019\u0131 Cumhurba\u015fkan\u0131 Erdo\u011fan\u2019a \u015fik\u00e2yet edebilece\u011fini\u201d s\u00f6yledi.&nbsp;<\/strong><\/p>\n\n\n\n<p>DEVA Partisi Genel Ba\u015fkan Yard\u0131mc\u0131s\u0131 ve Mersin Milletvekili Mehmet Emin Ekmen, TBMM Plan B\u00fct\u00e7e Komisyonunda \u00c7al\u0131\u015fma ve Sosyal G\u00fcvenlik Bakanl\u0131\u011f\u0131 2025 y\u0131l\u0131 b\u00fct\u00e7esinde Mevsim Tar\u0131m \u0130\u015f\u00e7ili\u011fi \u0130zleme ve De\u011ferlendirme Kurulu Genelgesini g\u00fcndeme getirdi. Bas\u0131n a\u00e7\u0131klamalar\u0131nda, soru \u00f6nergelerinde ve TBMM\u2019deki \u00e7al\u0131\u015fmalar\u0131nda s\u00fcrekli olarak genelgenin \u00f6nemine vurgu yapan Ekmen, b\u00fct\u00e7e g\u00f6r\u00fc\u015fmelerinde genelgeyle ilgili \u00e7al\u0131\u015fmalar\u0131n yap\u0131lmamas\u0131n\u0131 ele\u015ftirdi.<\/p>\n\n\n\n<p><strong>Tar\u0131m i\u015f\u00e7ilerini k\u00fcst\u00fcrmeyelim<\/strong><\/p>\n\n\n\n<p>Ekmen, ge\u00e7ti\u011fimiz b\u00fct\u00e7e d\u00f6neminde de Mevsimlik Tar\u0131m \u0130\u015f\u00e7ileri Genelgesi\u2019ni g\u00fcndeme getirerek, tar\u0131m i\u015f\u00e7ilerinin ya\u015fad\u0131\u011f\u0131 sorunlara vurgu yapm\u0131\u015ft\u0131. Mevsimlik tar\u0131m i\u015f\u00e7ilerinin ya\u015fad\u0131\u011f\u0131 sorunlar\u0131 insani, hukuki bir talep ve sosyal devletin gere\u011fi olarak de\u011ferlendirilmesi gerekti\u011fini s\u00f6yleyen Ekmen, son d\u00f6nemde uygulanan yanl\u0131\u015f tar\u0131m politikalar\u0131 nedeniyle tar\u0131mda \u00e7al\u0131\u015facak insan bulanamad\u0131\u011f\u0131n\u0131n alt\u0131n\u0131 \u00e7izerek, \u201cMevsimlik tar\u0131m i\u015f\u00e7ilerimizin k\u0131ymetini bilmezsek, onlar\u0131 k\u00fcst\u00fcr\u00fcrsek ve onlar\u0131 sekt\u00f6rden uzakla\u015ft\u0131r\u0131rsak bir s\u00fcre sonra narenciyeyi, domatesi, \u00e7ile\u011fi, f\u0131nd\u0131\u011f\u0131 toplayacak adam da bulamayaca\u011f\u0131z\u201d dedi.&nbsp;<\/p>\n\n\n\n<p><strong>Cumhurba\u015fkan\u0131\u2019n\u0131n talimatlar\u0131 yerine getirilmemi\u015ftir<\/strong><\/p>\n\n\n\n<p>Mevsimlik tar\u0131m i\u015f\u00e7ileriyle ilgili olarak ilk genelgenin 2010 y\u0131l\u0131nda yay\u0131nland\u0131\u011f\u0131n\u0131 hat\u0131rlatan Ekmen, s\u00f6z konusu genelgenin 2017 y\u0131l\u0131nda g\u00fcncellendi\u011fini, bu y\u0131l 27 Nisan tarihinde Cumhurba\u015fkanl\u0131\u011f\u0131 Genelgesi&#8217;yle tekrar yay\u0131mland\u0131\u011f\u0131n\u0131 dile getirdi. \u00c7al\u0131\u015fma Bakan\u0131 Vedat I\u015f\u0131khan\u2019\u0131 ziyaret ederek genelgenin gere\u011finin yerine getirilmesi hususunda hat\u0131rlatmalarda bulundu\u011funu aktaran Ekmen, \u015f\u00f6yle devam etti; \u201c\u00dcz\u00fclerek ifade ediyorum ki; Bakanl\u0131\u011f\u0131n\u0131z ve b\u00fcrokrasiniz Say\u0131n Cumhurba\u015fkan\u0131\u2019n\u0131n talimatlar\u0131n\u0131n gere\u011fini yerine getirmemi\u015ftir. Sadece Bakanl\u0131\u011f\u0131n\u0131z de\u011fil, ilgili Bakanl\u0131klar da getirmemi\u015ftir. Bir muhalefet milletvekili olarak \u015funu a\u00e7\u0131k ve net olarak s\u00f6yl\u00fcyorum. Bu tip sorunlara g\u00f6re \u00e7ok ileri bir genelgeyle kar\u015f\u0131 kar\u015f\u0131yay\u0131z. Bu genelge tam 3 kere g\u00fcncellenmi\u015ftir ve bug\u00fcn, bu h\u00e2liyle kusursuz ve m\u00fckemmel bir genelgedir.\u201d<\/p>\n\n\n\n<p><strong>\u201cSizi Cumhurba\u015fkan\u0131\u2019na \u015fik\u00e2yet edebilirim\u201d<\/strong><\/p>\n\n\n\n<p>Genelgenin \u00e7al\u0131\u015fma alanlar\u0131n\u0131 ve ilgili 11 bakanl\u0131\u011f\u0131 tek tek s\u0131ralayan Ekmen, genelgenin i\u015fletilmemesine sert ele\u015ftirilerde bulunarak, \u201cSay\u0131n Cumhurba\u015fkan\u0131, biz ba\u015fka bir Meclis\u2019in milletvekiliymi\u015fiz gibi bizi bir\u00e7ok kutlamaya davet etmiyor ama kendisiyle ileti\u015fim f\u0131rsat\u0131 bulursam sizi \u015fik\u00e2yet etmekten imtina etmeyebilirim. \u00c7\u00fcnk\u00fc aradan ge\u00e7en bu s\u00fcre i\u00e7erisinde Bakanl\u0131k bu i\u015fin gere\u011fini yapmam\u0131\u015ft\u0131r. Bu insani bir sorumluluktur, vicdani bir sorumluluktur, siyasi bir sorumluluktur\u201d de\u011ferlendirmesinde bulundu.&nbsp;<\/p>\n\n\n\n<p><strong>\u201cMevsimlik Tar\u0131m \u0130\u015f\u00e7ileri Kurulunu neden toplamad\u0131n\u0131z?\u201d<\/strong><\/p>\n\n\n\n<p>Ekmen, Mevsim Tar\u0131m \u0130\u015f\u00e7ili\u011fi \u0130zleme ve De\u011ferlendirme Kurulu Genelgesi ile ilgili 11 bakanl\u0131\u011fa soru \u00f6nergesi verdi\u011fini hat\u0131rlatarak, sadece \u00fc\u00e7 bakanl\u0131\u011f\u0131n soru \u00f6nergesine yan\u0131t verdi\u011fini dile getirdi. S\u00f6z konusu genelgenin \u00c7al\u0131\u015fma Bakanl\u0131\u011f\u0131\u2019na ba\u011fl\u0131 olmas\u0131na ra\u011fmen soru \u00f6nergelerine yan\u0131t verilmedi\u011fini s\u00f6yleyen Ekmen, \u00c7al\u0131\u015fma Bakan\u0131 Vedat I\u015f\u0131khan\u2019a sorular y\u00f6nelterek, \u201cMevsimlik tar\u0131m i\u015f\u00e7ili\u011fi izleme ve de\u011ferlendirme kurulunu ya Bakanl\u0131\u011f\u0131n\u0131z\u0131n ya da bir Bakan Yard\u0131mc\u0131n\u0131z\u0131n ba\u015fkanl\u0131\u011f\u0131nda ni\u00e7in toplamad\u0131n\u0131z?Toplad\u0131ysan\u0131z ni\u00e7in kamuoyunu bilgilendirmediniz? \u0130llerde bu toplant\u0131lar\u0131n yap\u0131l\u0131p yap\u0131lmad\u0131\u011f\u0131n\u0131 ni\u00e7in takip etmiyorsunuz? Bu genelgenin uygulanmas\u0131 g\u0131da g\u00fcvenli\u011fiyle, insan haklar\u0131yla, sosyal devletle de ili\u015fkilidir. L\u00fctfen, g\u00fcndemimize al\u0131n\u0131z. Gelecek b\u00fct\u00e7ede size bunun i\u00e7in te\u015fekk\u00fcr edelim!\u201d ifadelerini kulland\u0131.<\/p>\n","protected":false},"excerpt":{"rendered":"<p>DEVA Partisi Genel Ba\u015fkan Yard\u0131mc\u0131s\u0131 Mehmet Emin Ekmen, \u00c7al\u0131\u015fma Bakanl\u0131\u011f\u0131n\u0131n 2025 y\u0131l\u0131 b\u00fct\u00e7esine yapt\u0131\u011f\u0131 konu\u015fmada, Mevsimlik Tar\u0131m \u0130\u015f\u00e7ileri \u0130zleme ve De\u011ferlendirme Kurulu Genelgesini g\u00fcndeme getirdi. Bas\u0131n a\u00e7\u0131klamalar\u0131, soru \u00f6nergeleri ve TBMM\u2019deki \u00e7al\u0131\u015fmalar\u0131nda s\u00fcrekli olarak genelgenin \u00f6nemine dikkat \u00e7eken Ekmen, mevsimlik tar\u0131m i\u015f\u00e7ilerinin k\u0131ymetinin bilinmesi gerekti\u011fine vurgu yapt\u0131. Genelgenin neredeyse m\u00fckemmel bir genelge oldu\u011funun alt\u0131n\u0131 \u00e7izen [&hellip;]<\/p>\n","protected":false},"author":2,"featured_media":36960,"comment_status":"closed","ping_status":"closed","sticky":false,"template":"","format":"standard","meta":{"footnotes":""},"categories":[34,3,5,6],"tags":[],"class_list":["post-36959","post","type-post","status-publish","format-standard","has-post-thumbnail","hentry","category-flas-haber","category-manset","category-mersin","category-siyaset-2"],"views":3,"_links":{"self":[{"href":"https:\/\/mersinkadingazetesi.com\/index.php?rest_route=\/wp\/v2\/posts\/36959"}],"collection":[{"href":"https:\/\/mersinkadingazetesi.com\/index.php?rest_route=\/wp\/v2\/posts"}],"about":[{"href":"https:\/\/mersinkadingazetesi.com\/index.php?rest_route=\/wp\/v2\/types\/post"}],"author":[{"embeddable":true,"href":"https:\/\/mersinkadingazetesi.com\/index.php?rest_route=\/wp\/v2\/users\/2"}],"replies":[{"embeddable":true,"href":"https:\/\/mersinkadingazetesi.com\/index.php?rest_route=%2Fwp%2Fv2%2Fcomments&post=36959"}],"version-history":[{"count":1,"href":"https:\/\/mersinkadingazetesi.com\/index.php?rest_route=\/wp\/v2\/posts\/36959\/revisions"}],"predecessor-version":[{"id":36961,"href":"https:\/\/mersinkadingazetesi.com\/index.php?rest_route=\/wp\/v2\/posts\/36959\/revisions\/36961"}],"wp:featuredmedia":[{"embeddable":true,"href":"https:\/\/mersinkadingazetesi.com\/index.php?rest_route=\/wp\/v2\/media\/36960"}],"wp:attachment":[{"href":"https:\/\/mersinkadingazetesi.com\/index.php?rest_route=%2Fwp%2Fv2%2Fmedia&parent=36959"}],"wp:term":[{"taxonomy":"category","embeddable":true,"href":"https:\/\/mersinkadingazetesi.com\/index.php?rest_route=%2Fwp%2Fv2%2Fcategories&post=36959"},{"taxonomy":"post_tag","embeddable":true,"href":"https:\/\/mersinkadingazetesi.com\/index.php?rest_route=%2Fwp%2Fv2%2Ftags&post=36959"}],"curies":[{"name":"wp","href":"https:\/\/api.w.org\/{rel}","templated":true}]}}