{"id":36968,"date":"2024-11-17T10:23:00","date_gmt":"2024-11-17T07:23:00","guid":{"rendered":"https:\/\/mersinkadingazetesi.com\/?p=36968"},"modified":"2024-11-17T10:23:00","modified_gmt":"2024-11-17T07:23:00","slug":"ara-tatilde-cocuklar-buyuksehirle-hem-eglendi-hem-ogrendi","status":"publish","type":"post","link":"https:\/\/mersinkadingazetesi.com\/?p=36968","title":{"rendered":"ARA TAT\u0130LDE \u00c7OCUKLAR B\u00dcY\u00dcK\u015eEH\u0130R&#8217;LE HEM E\u011eLEND\u0130 HEM \u00d6\u011eREND\u0130"},"content":{"rendered":"\n<p>Okullar\u0131n ara tatil d\u00f6neminde kentin her yan\u0131n\u0131 \u00e7ocuklar i\u00e7in e\u011flence ve e\u011fitim noktas\u0131na \u00e7eviren Mersin B\u00fcy\u00fck\u015fehir Belediyesi; birbirinden renkli, e\u011flenceli ve e\u011fitici etkinlikler ile \u00e7ocuklar\u0131n mutluluk kayna\u011f\u0131 oldu. Tarsus&#8217;tan Anamur&#8217;a kadar her il\u00e7ede bir dizi etkinlik ger\u00e7ekle\u015ftiren ekipler; tiyatrodan deneylere, at\u00f6lyelerden gezi programlar\u0131na kadar \u00e7ocuklar\u0131n her an\u0131n\u0131 d\u00fc\u015f\u00fcnd\u00fc.<\/p>\n\n\n\n<p><strong>Kentin de\u011ferleri \u00c7ocuk Meclisi \u00fcyelerine tan\u0131t\u0131ld\u0131<\/strong><\/p>\n\n\n\n<p>\u00c7ocuklar\u0131n gezerek \u00f6\u011frenmesinin \u00f6n\u00fcn\u00fc a\u00e7an Kad\u0131n ve Aile Hizmetleri Dairesi, \u00c7ocuk Meclisi&#8217;nin \u00fcyeleriyle ara tatil d\u00f6neminde d\u00fczenlenen gezi program\u0131nda bir araya geldi. 13 il\u00e7eden kat\u0131l\u0131m sa\u011flayan \u00e7ocuklar; tarih, k\u00fclt\u00fcr, sanat ve \u00e7evre bilincinin bir arada oldu\u011fu gezi program\u0131nda keyifli bir g\u00fcn ge\u00e7irdiler. D\u00fczenlenen gezi program\u0131, Arkeoloji M\u00fczesi ile ba\u015flad\u0131. \u00c7ocuklar eski \u00e7a\u011flardan kalma tarihi eserleri ilgiyle inceledikten sonra, Deniz M\u00fczesi&#8217;ni de gezdi. B\u00fcy\u00fck\u015fehir Belediyesi \u00c7evre Koruma ve Kontrol Dairesi&#8217;nin denetim teknelerinde temizlik \u00e7al\u0131\u015fmalar\u0131n\u0131 izleme f\u0131rsat\u0131 bulan \u00e7ocuklar; daha sonra s\u0131ras\u0131yla MESK\u0130 Genel M\u00fcd\u00fcrl\u00fc\u011f\u00fc&#8217;ne ba\u011fl\u0131 tarihi MESK\u0130 Su M\u00fczesi&#8217;ni ve Yeni\u015fehir Belediyesi Ahmet Ye\u015fil Sanat Galerisi&#8217;nde yer alan resim sergisini ziyaret ettiler.<\/p>\n\n\n\n<p><strong>\u00d6zt\u00fcrk: &#8220;B\u00fcy\u00fck\u015fehir olarak \u00e7ocuklar\u0131n varl\u0131\u011f\u0131na ve fikirlerine \u00f6nem veriyoruz&#8221;<\/strong><\/p>\n\n\n\n<p>Kad\u0131n ve Aile Hizmetleri Dairesi Ba\u015fkanl\u0131\u011f\u0131&#8217;na ba\u011fl\u0131 Aile ve \u00c7ocuk \u015eube M\u00fcd\u00fcr\u00fc \u00d6zay \u00d6zt\u00fcrk, Mersin B\u00fcy\u00fck\u015fehir Belediyesi \u00c7ocuk Meclisi \u00fcyelerine, okullar\u0131n ara tatil d\u00f6neminde k\u00fclt\u00fcr-sanat ve \u00e7evre-bilim konular\u0131nda bir gezi d\u00fczenlediklerini belirterek,&nbsp;<strong>&#8220;Gezimizi; \u00e7ocuklar\u0131n \u00f6zg\u00fcvenlerini ve \u00f6zg\u00fcr d\u00fc\u015f\u00fcncelerini, Meclis&#8217;teki \u00f6neri ve tekliflerini, bu \u015fehrin kararlar\u0131n\u0131 etkileyebilme ad\u0131na Meclis&#8217;te kullanabilmeleri i\u00e7in planlad\u0131k&#8221;<\/strong>&nbsp;ifadelerine yer verdi.<\/p>\n\n\n\n<p>MESK\u0130 Su M\u00fczesi ziyaretinde \u00e7ocuklar; m\u00fczede tarihi \u00f6nemi bulunan i\u00e7me suyu \u00fcniteleri ve ar\u015fivlerden derlenen foto\u011fraflara b\u00fcy\u00fck ilgi g\u00f6sterirken, \u00c7ocuk Meclisi&#8217;nde Ba\u015fkan Vekili olan Cihan \u00c7elik;&nbsp;<strong>&#8220;M\u00fczede Mersin&#8217;in ilk ar\u0131tma tesislerinden biri oldu\u011funu \u00f6\u011frendik.&nbsp;<em>&#8216;Mersin&#8217;de su musluktan i\u00e7ilir&#8217;<\/em>&nbsp;diyor ya Vahap Se\u00e7er Ba\u015fkan\u0131m\u0131z, MESK\u0130 sayesinde vatanda\u015flar\u0131m\u0131z g\u00f6n\u00fcl rahatl\u0131\u011f\u0131yla musluktan su i\u00e7ebiliyor&#8221;<\/strong>&nbsp;dedi.<\/p>\n\n\n\n<p><strong>\u00c7ocuk Meclisi \u00dcyeleri, gezi ile daha \u00f6nce g\u00f6rmedikleri yerleri g\u00f6rme f\u0131rsat\u0131 buldu<\/strong><\/p>\n\n\n\n<p>G\u00fclnar \u00c7ocuk Meclisi \u00dcyesi Mustafa Serto\u011flu, okullar\u0131n ara tatil d\u00f6neminde b\u00f6yle bir gezi program\u0131 d\u00fczenlenmesinden dolay\u0131 mutlu oldu\u011funu ifade ederek,&nbsp;<strong>&#8220;Meclis b\u00f6yle bir gezi d\u00fczenledi\u011fi i\u00e7in mutluyuz. Arkada\u015flar\u0131mla beraber m\u00fczeleri gezdik. M\u00fcze&#8217;de tarihi eserlere bakt\u0131m. Bir\u00e7ok heykel ve k\u00fcpler vard\u0131. Buraya daha \u00f6nce gelmemi\u015ftim, \u015fimdi g\u00f6rm\u00fc\u015f oldum&#8221;&nbsp;<\/strong>dedi.<\/p>\n\n\n\n<p>Mezitli \u00c7ocuk Meclisi \u00dcyesi Hasan Can K\u0131l\u0131\u00e7, gezi esnas\u0131nda en \u00e7ok deniz denetim teknelerini sevdi\u011fini belirterek,<strong>&nbsp;&#8220;Tekne ile bir sefer yapt\u0131k ve Abanoz Gemisi&#8217;ni izledik. Abanoz Gemisi denizi temizliyor. Paletleri var ve paletlerden denizdeki pet \u015fi\u015feleri \u00e7ekiyor. Gezide arkada\u015flar\u0131mla da \u00e7ok g\u00fczel zaman ge\u00e7irdim, foto\u011fraf \u00e7ekildik. Benim i\u00e7in e\u011flenceli oldu&#8221;&nbsp;<\/strong>diye konu\u015ftu.<\/p>\n\n\n\n<p>\u00c7ocuk Meclisi \u00dcyesi ve Bas\u0131n Yay\u0131n Komisyonu Ba\u015fkan\u0131 Mehmet Kaan \u00c7avu\u015fo\u011flu ise gezinin e\u011flenceli ge\u00e7ti\u011finden bahsederek,<strong>&nbsp;&#8220;Abanoz Gemisi&#8217;nin 4 metrek\u00fcpl\u00fck bir depolama alan\u0131nda her g\u00fcn \u00e7\u00f6pleri biriktirdi\u011fini ve geri d\u00f6n\u00fc\u015f\u00fcme kazand\u0131r\u0131ld\u0131\u011f\u0131n\u0131 \u00f6\u011frendik. Gezi ile farkl\u0131 ve g\u00fczel bir g\u00fcn ge\u00e7irdik, fark\u0131ndal\u0131k kazand\u0131k&#8221;&nbsp;<\/strong>ifadelerini kulland\u0131.<\/p>\n\n\n\n<p><strong>MERCAN Bilim Merkezi de \u00e7ocuklarla dolup ta\u015ft\u0131<\/strong><\/p>\n\n\n\n<p>\u0130klim De\u011fi\u015fikli\u011fi ve S\u0131f\u0131r At\u0131k Dairesi Ba\u015fkanl\u0131\u011f\u0131 b\u00fcnyesinde hizmet veren MERCAN 100. Y\u0131l \u0130klim ve \u00c7evre Bilim Merkezi ise 1 haftal\u0131k ara tatil d\u00f6neminde \u00e7ocuklarla doldu ta\u015ft\u0131. Merkez sayesinde \u00e7ocuklar; bilim \u00fczerine kurulu d\u00fczenek ve at\u00f6lyelerde e\u011flenirken, \u00f6\u011frenmenin yan\u0131 s\u0131ra yap\u0131lan deneylerle \u00e7evre bilinci de kazand\u0131. T\u00fcrkiye&#8217;de iklim ve \u00e7evre temalar\u0131 \u00fczerine kurulan ilk ve tek tematik bilim merkezi olma \u00f6zelli\u011fi ta\u015f\u0131yan MERCAN; 119&#8217;dan fazla interaktif deney d\u00fczene\u011fine, 6 at\u00f6lyeye, 35 cm \u00e7apl\u0131 teleskobu bulunan g\u00f6zlem evine ve 120 ki\u015filik kapasitesiyle T\u00fcrkiye&#8217;nin en b\u00fcy\u00fck planetaryumuna sahip.<\/p>\n\n\n\n<p>Merkezi ziyaret eden \u00f6\u011frencilerden Egemen Y\u0131lmaz,&nbsp;<strong><em>&#8216;Fen Bilimleri At\u00f6lyesi<\/em><\/strong>&#8216;ndeki deneyimiyle ilgili bilgi aktararak,&nbsp;<strong>&#8220;Elodea bitkisinin nas\u0131l fotosentez yapt\u0131\u011f\u0131n\u0131 ve tepki verdi\u011fini \u00f6\u011frendim. Deney yapmak ho\u015fuma gitti. A\u015fa\u011f\u0131 katlarda elementleri birle\u015ftirip deney yapt\u0131\u011f\u0131m\u0131z bir alan vard\u0131 ve oras\u0131 da \u00e7ok ho\u015fuma gitti&#8221;<\/strong>&nbsp;dedi.&nbsp;<strong><em>&#8216;Minik Mucitler At\u00f6lyesi<\/em><\/strong>&#8216;nde&nbsp;<strong>&#8216;Bez \u00c7anta Boyama&#8217;<\/strong>&nbsp;etkinli\u011fine kat\u0131lan \u00f6\u011frencilerden Defne Deniz G\u00f6kt\u00fcrk,&nbsp;<strong>&#8220;\u00c7anta boyad\u0131m, \u00e7\u00fcnk\u00fc plastikler do\u011fada \u00e7ok zor kayboluyor. Ama bez \u00e7antalar daha uzun s\u00fcre kullan\u0131labiliyor. Vahap Ba\u015fkan&#8217;a da te\u015fekk\u00fcr ediyoruz&#8221;<\/strong>&nbsp;diye konu\u015ftu.<\/p>\n\n\n\n<p><strong><em>&#8216;Minik Mucitler At\u00f6lyesi&#8217;<\/em><\/strong>ndeki etkinli\u011fe \u00e7ocu\u011fu ile kat\u0131l\u0131m sa\u011flayan Y\u0131ld\u0131z Karado\u011fan ise, etkinlik say\u0131s\u0131n\u0131n \u00e7ok oldu\u011funu ve merkezde keyifli zaman ge\u00e7irdi\u011fini belirterek,&nbsp;<strong>&#8220;\u00c7ocu\u011fumuzu ara tatilde etkinlik i\u00e7in getirdik. Pazarda ve markette kullanmak \u00fczere bez \u00e7anta boyad\u0131k. Merkezimiz \u00e7ok g\u00fczel, daha \u00f6nce de gezdik. Planetaryum&#8217;da astronotlarla ve uzayla ilgili film izledik. \u00c7ocuklar i\u00e7in de b\u00fcy\u00fckler i\u00e7in de \u00e7ok faydal\u0131 bir yer. Etkinlikler saymakla bitmiyor. Vahap Ba\u015fkan\u0131m\u0131za \u00e7ok te\u015fekk\u00fcr ediyoruz. O&#8217;nu \u00e7ok seviyoruz&#8221;&nbsp;<\/strong>dedi.<\/p>\n\n\n\n<p><strong>B\u00fcy\u00fck\u015fehir Ana Hizmet Binas\u0131 \u00e7ocuklar\u0131n tiyatro merkezi oldu<\/strong><\/p>\n\n\n\n<p><strong><em>&#8216;Tiyatro Seyretmeyen \u00c7ocuk Kalmas\u0131n&#8217;<\/em><\/strong>&nbsp;diyerek yola \u00e7\u0131kan K\u00fclt\u00fcr ve Sosyal \u0130\u015fler Dairesi Ba\u015fkanl\u0131\u011f\u0131 da, her \u00e7ocu\u011fun k\u00fclt\u00fcr ve sanatla tan\u0131\u015fmas\u0131n\u0131 sa\u011flamak amac\u0131yla \u00e7ocuklarla bir araya gelmeye devam ediyor. \u015eimdiye kadar \u00e7ocuk tiyatrosu g\u00f6sterimleri ile binlerce \u00e7ocu\u011fa ula\u015fan \u015eehir Tiyatrosu ekipleri, son olarak&nbsp;<strong><em>&#8216;\u0130ki Bavul Dolusu&#8217;<\/em><\/strong>&nbsp;adl\u0131 \u00e7ocuk oyununu, Aile ve Sosyal Hizmetler \u0130l M\u00fcd\u00fcrl\u00fc\u011f\u00fc&#8217;ne ba\u011fl\u0131 Sevgi Evi&#8217;nde kalan \u00e7ocuklar i\u00e7in sergiledi.<\/p>\n\n\n\n<p>B\u00fcy\u00fck\u015fehir Belediyesi Ana Hizmet Binas\u0131&#8217;nda yer alan \u00c7ocuk Sahnesi&#8217;nde oynanan oyun; renkli ve e\u011flenceli sahneleri ile \u00e7ocuklar\u0131 etkisi alt\u0131na al\u0131rken, bol bol kahkahalar y\u00fckseldi. \u00c7ocuklar\u0131n, her an\u0131n\u0131 b\u00fcy\u00fck bir ilgi ve keyifle izledi\u011fi tiyatro salonunun havas\u0131 adeta ne\u015feyle doldu.<\/p>\n","protected":false},"excerpt":{"rendered":"<p>Okullar\u0131n ara tatil d\u00f6neminde kentin her yan\u0131n\u0131 \u00e7ocuklar i\u00e7in e\u011flence ve e\u011fitim noktas\u0131na \u00e7eviren Mersin B\u00fcy\u00fck\u015fehir Belediyesi; birbirinden renkli, e\u011flenceli ve e\u011fitici etkinlikler ile \u00e7ocuklar\u0131n mutluluk kayna\u011f\u0131 oldu. Tarsus&#8217;tan Anamur&#8217;a kadar her il\u00e7ede bir dizi etkinlik ger\u00e7ekle\u015ftiren ekipler; tiyatrodan deneylere, at\u00f6lyelerden gezi programlar\u0131na kadar \u00e7ocuklar\u0131n her an\u0131n\u0131 d\u00fc\u015f\u00fcnd\u00fc. Kentin de\u011ferleri \u00c7ocuk Meclisi \u00fcyelerine tan\u0131t\u0131ld\u0131 \u00c7ocuklar\u0131n [&hellip;]<\/p>\n","protected":false},"author":2,"featured_media":36969,"comment_status":"closed","ping_status":"closed","sticky":false,"template":"","format":"standard","meta":{"footnotes":""},"categories":[3],"tags":[],"class_list":["post-36968","post","type-post","status-publish","format-standard","has-post-thumbnail","hentry","category-manset"],"views":6,"_links":{"self":[{"href":"https:\/\/mersinkadingazetesi.com\/index.php?rest_route=\/wp\/v2\/posts\/36968"}],"collection":[{"href":"https:\/\/mersinkadingazetesi.com\/index.php?rest_route=\/wp\/v2\/posts"}],"about":[{"href":"https:\/\/mersinkadingazetesi.com\/index.php?rest_route=\/wp\/v2\/types\/post"}],"author":[{"embeddable":true,"href":"https:\/\/mersinkadingazetesi.com\/index.php?rest_route=\/wp\/v2\/users\/2"}],"replies":[{"embeddable":true,"href":"https:\/\/mersinkadingazetesi.com\/index.php?rest_route=%2Fwp%2Fv2%2Fcomments&post=36968"}],"version-history":[{"count":1,"href":"https:\/\/mersinkadingazetesi.com\/index.php?rest_route=\/wp\/v2\/posts\/36968\/revisions"}],"predecessor-version":[{"id":36970,"href":"https:\/\/mersinkadingazetesi.com\/index.php?rest_route=\/wp\/v2\/posts\/36968\/revisions\/36970"}],"wp:featuredmedia":[{"embeddable":true,"href":"https:\/\/mersinkadingazetesi.com\/index.php?rest_route=\/wp\/v2\/media\/36969"}],"wp:attachment":[{"href":"https:\/\/mersinkadingazetesi.com\/index.php?rest_route=%2Fwp%2Fv2%2Fmedia&parent=36968"}],"wp:term":[{"taxonomy":"category","embeddable":true,"href":"https:\/\/mersinkadingazetesi.com\/index.php?rest_route=%2Fwp%2Fv2%2Fcategories&post=36968"},{"taxonomy":"post_tag","embeddable":true,"href":"https:\/\/mersinkadingazetesi.com\/index.php?rest_route=%2Fwp%2Fv2%2Ftags&post=36968"}],"curies":[{"name":"wp","href":"https:\/\/api.w.org\/{rel}","templated":true}]}}