{"id":36971,"date":"2024-11-17T10:31:44","date_gmt":"2024-11-17T07:31:44","guid":{"rendered":"https:\/\/mersinkadingazetesi.com\/?p=36971"},"modified":"2024-11-17T10:31:44","modified_gmt":"2024-11-17T07:31:44","slug":"renkli-yunlerin-hikayesi-mtso-sanat-galerisinde","status":"publish","type":"post","link":"https:\/\/mersinkadingazetesi.com\/?p=36971","title":{"rendered":"Renkli y\u00fcnlerin hikayesi, MTSO Sanat Galerisi\u2019nde\u00a0"},"content":{"rendered":"\n<p>Se\u00e7il Co\u015fgun\u2019un \u2018Y\u00fcnl\u00fc Hikayeler Atlas\u0131\u2019 adl\u0131 sergisi, Mersin Ticaret ve Sanayi Odas\u0131 (MTSO) Sanat Galerisi\u2019nde sanatseverlerle bulu\u015ftu. Tamam\u0131 y\u00fczde y\u00fcz do\u011fal ve renkli y\u00fcnlerden, s\u0131k\u0131\u015ft\u0131r\u0131lm\u0131\u015f ke\u00e7e zemin \u00fczerine \u00e7entikli i\u011fne kullan\u0131larak haz\u0131rlanan sanat eserleri, ziyaret\u00e7ilerinden tam not ald\u0131. Sanat\u00e7\u0131 sergide, do\u011fa ve canl\u0131 varl\u0131klarla insan\u0131n spirit\u00fcelli\u011fini bir arada sunarak kendine has tarz\u0131yla 15 eser sergiliyor. Sanat\u00e7\u0131, ayn\u0131 zamanda kulland\u0131\u011f\u0131 teknik a\u00e7\u0131s\u0131ndan T\u00fcrkiye\u2019de tek olma \u00f6zelli\u011fi ta\u015f\u0131yor.&nbsp;<br>Serginin a\u00e7\u0131l\u0131\u015f\u0131na, MTSO Meclis Ba\u015fkan\u0131 Hamit \u0130zol, Genel Sekreter Mahmut Ta\u015fhan, Ressam Ahmet Ye\u015fil ve sanatseverler kat\u0131ld\u0131.&nbsp;<\/p>\n\n\n\n<p><strong>Co\u015fgun; \u201cEserlerimi g\u00f6rsellikten interaktif bir boyuta ta\u015f\u0131yorum\u201d<\/strong><br>Sergi a\u00e7\u0131l\u0131\u015f\u0131nda konu\u015fan Sanat\u00e7\u0131 Se\u00e7il Co\u015fgun, y\u0131llarca severek yapt\u0131\u011f\u0131 tekstil m\u00fchendisli\u011fini b\u0131rak\u0131p kendini tamamen sanata adad\u0131\u011f\u0131n\u0131 s\u00f6yledi. Sanatta tekni\u011fiyle fark yaratan Co\u015fgun T\u00fcrkiye\u2019de genellikle \u0131slak ke\u00e7eyle \u00e7al\u0131\u015f\u0131ld\u0131\u011f\u0131n\u0131 belirtip kendi eserlerinin farkl\u0131l\u0131klar\u0131n\u0131 \u015f\u00f6yle s\u0131ralad\u0131:<br>\u201cEserlerimde y\u00fczde y\u00fcz do\u011fal ve renkli y\u00fcnler kullan\u0131yorum. S\u0131k\u0131\u015ft\u0131r\u0131lm\u0131\u015f ke\u00e7e zemin \u00fczerine \u00e7entikli i\u011fne kullanarak binlerce kez yap\u0131lan itme i\u015flemi neticesinde olu\u015fuyor. Bilinen suyla ke\u00e7ele\u015ftirme i\u015fleminden farkl\u0131 olarak sadece i\u011fne darbeleriyle eserlerimi haz\u0131rl\u0131yorum. Olu\u015fturdu\u011fum eserler, resim sanat\u0131nda materyal kavram\u0131n\u0131 farkl\u0131la\u015ft\u0131rarak bak\u0131\u015f a\u00e7\u0131s\u0131n\u0131 geni\u015fletti\u011fi gibi olu\u015fan doku, derinlik ve dokunma hissi, eseri g\u00f6rsellikten interaktif bir boyuta ta\u015f\u0131yor\u201d dedi.&nbsp;<\/p>\n\n\n\n<p><strong>\u201cFarkl\u0131 bir materyalle, farkl\u0131 bir bak\u0131\u015f a\u00e7\u0131s\u0131 sunmay\u0131 ama\u00e7l\u0131yorum\u201d<\/strong><br>Pandemiden bu yana sanatsal \u00e7al\u0131\u015fmalar\u0131n\u0131 s\u00fcrd\u00fcrd\u00fc\u011f\u00fcnden bahseden Se\u00e7il Co\u015fgun, fuarlar, workshoplar ve sempozyumlar\u0131n yan\u0131 s\u0131ra 10\u2019dan fazla karma sergide yer ald\u0131\u011f\u0131n\u0131 ve 1 ki\u015fisel sergisi bulundu\u011funu kaydetti. Teknik anlamda kendi kendini geli\u015ftirdi\u011fini ve yapt\u0131k\u00e7a yeni \u015feyler \u00f6\u011frendi\u011fini belirten Co\u015fgun, \u201cY\u00fcn\u00fcn ge\u00e7mi\u015fi bu topraklarda \u00e7ok eski ve de\u011ferli, Anadolu\u2019da \u0131slak ke\u00e7e \u00e7al\u0131\u015fmalar\u0131 me\u015fhurdur. Bense, ke\u00e7e zemin \u00fczerine y\u00fcn elyaf i\u011fneliyorum. Boyas\u0131z y\u00fczde y\u00fcz y\u00fcnler kullan\u0131yorum. Bir eserde milyonlarca i\u011fne darbesi var. Sadece g\u00fcn \u0131\u015f\u0131\u011f\u0131nda \u00e7al\u0131\u015fabiliyorum. Bunu yaparken farkl\u0131 bir materyalle farkl\u0131 bir bak\u0131\u015f a\u00e7\u0131s\u0131 sunmay\u0131 ama\u00e7l\u0131yorum. Eserler dokunma enerjisi yarat\u0131yor\u201d diye konu\u015ftu.&nbsp;<br>Sergide yer alan eserlerin; varolu\u015f, elementler ve spirit\u00fcel varl\u0131kl\u0131 kad\u0131nlar serilerinden olu\u015ftu\u011funu bildiren Co\u015fgun, proje bazl\u0131 \u00e7al\u0131\u015ft\u0131\u011f\u0131n\u0131 ve \u00e7ok\u00e7a mitolojik varl\u0131klardan, \u00e7izgi film ve animelerden ilham ald\u0131\u011f\u0131n\u0131 s\u00f6yledi. \u00d6n\u00fcm\u00fczdeki d\u00f6nem i\u00e7in \u2018Film Serisi\u2019 ile \u2018D\u00fcnyaya Y\u00f6n Verenler\u2019 adl\u0131 iki ayr\u0131 seri haz\u0131rlad\u0131\u011f\u0131n\u0131 da kaydeden Co\u015fgun, sergiden sonraki sanatsal hedeflerini ise \u015f\u00f6yle aktard\u0131:<br>\u201cBu sergim, hem bu teknikle a\u00e7\u0131lm\u0131\u015f ilk ki\u015fisel sergi hem de y\u00fcn elyaf\u0131yla yap\u0131lan bir tablo eseri yok. D\u00fcnyada \u0131slak ke\u00e7e \u00e7al\u0131\u015fmalar\u0131n\u0131n \u00f6rnekleri var. Bense kendi tekni\u011fimi s\u00fcrd\u00fcrebilir k\u0131lmak, tan\u0131tmak ve yayg\u0131nla\u015ft\u0131r\u0131lmak istiyorum.\u201d<br>4 Aral\u0131k g\u00fcn\u00fcne kadar a\u00e7\u0131k kalacak olan sergi, hafta i\u00e7i 08.30-18.00, Cumartesi g\u00fcn\u00fc ise 10.00-17.00 saatleri aras\u0131nda gezilebilir.<\/p>\n\n\n\n<hr class=\"wp-block-separator has-alpha-channel-opacity\"\/>\n\n\n\n<p><a href=\"https:\/\/www.mtso.org.tr\/uploads\/gallery\/2024\/11\/1-7wiv.jpg\"><\/a><\/p>\n","protected":false},"excerpt":{"rendered":"<p>Se\u00e7il Co\u015fgun\u2019un \u2018Y\u00fcnl\u00fc Hikayeler Atlas\u0131\u2019 adl\u0131 sergisi, Mersin Ticaret ve Sanayi Odas\u0131 (MTSO) Sanat Galerisi\u2019nde sanatseverlerle bulu\u015ftu. Tamam\u0131 y\u00fczde y\u00fcz do\u011fal ve renkli y\u00fcnlerden, s\u0131k\u0131\u015ft\u0131r\u0131lm\u0131\u015f ke\u00e7e zemin \u00fczerine \u00e7entikli i\u011fne kullan\u0131larak haz\u0131rlanan sanat eserleri, ziyaret\u00e7ilerinden tam not ald\u0131. Sanat\u00e7\u0131 sergide, do\u011fa ve canl\u0131 varl\u0131klarla insan\u0131n spirit\u00fcelli\u011fini bir arada sunarak kendine has tarz\u0131yla 15 eser sergiliyor. [&hellip;]<\/p>\n","protected":false},"author":2,"featured_media":36972,"comment_status":"closed","ping_status":"closed","sticky":false,"template":"","format":"standard","meta":{"footnotes":""},"categories":[3,5],"tags":[],"class_list":["post-36971","post","type-post","status-publish","format-standard","has-post-thumbnail","hentry","category-manset","category-mersin"],"views":8,"_links":{"self":[{"href":"https:\/\/mersinkadingazetesi.com\/index.php?rest_route=\/wp\/v2\/posts\/36971"}],"collection":[{"href":"https:\/\/mersinkadingazetesi.com\/index.php?rest_route=\/wp\/v2\/posts"}],"about":[{"href":"https:\/\/mersinkadingazetesi.com\/index.php?rest_route=\/wp\/v2\/types\/post"}],"author":[{"embeddable":true,"href":"https:\/\/mersinkadingazetesi.com\/index.php?rest_route=\/wp\/v2\/users\/2"}],"replies":[{"embeddable":true,"href":"https:\/\/mersinkadingazetesi.com\/index.php?rest_route=%2Fwp%2Fv2%2Fcomments&post=36971"}],"version-history":[{"count":1,"href":"https:\/\/mersinkadingazetesi.com\/index.php?rest_route=\/wp\/v2\/posts\/36971\/revisions"}],"predecessor-version":[{"id":36973,"href":"https:\/\/mersinkadingazetesi.com\/index.php?rest_route=\/wp\/v2\/posts\/36971\/revisions\/36973"}],"wp:featuredmedia":[{"embeddable":true,"href":"https:\/\/mersinkadingazetesi.com\/index.php?rest_route=\/wp\/v2\/media\/36972"}],"wp:attachment":[{"href":"https:\/\/mersinkadingazetesi.com\/index.php?rest_route=%2Fwp%2Fv2%2Fmedia&parent=36971"}],"wp:term":[{"taxonomy":"category","embeddable":true,"href":"https:\/\/mersinkadingazetesi.com\/index.php?rest_route=%2Fwp%2Fv2%2Fcategories&post=36971"},{"taxonomy":"post_tag","embeddable":true,"href":"https:\/\/mersinkadingazetesi.com\/index.php?rest_route=%2Fwp%2Fv2%2Ftags&post=36971"}],"curies":[{"name":"wp","href":"https:\/\/api.w.org\/{rel}","templated":true}]}}