{"id":36992,"date":"2024-11-18T11:04:44","date_gmt":"2024-11-18T08:04:44","guid":{"rendered":"https:\/\/mersinkadingazetesi.com\/?p=36992"},"modified":"2024-11-18T11:04:45","modified_gmt":"2024-11-18T08:04:45","slug":"mezitli-belediyesinden-berline-kardes-sehir-ziyareti","status":"publish","type":"post","link":"https:\/\/mersinkadingazetesi.com\/?p=36992","title":{"rendered":"MEZ\u0130TL\u0130 BELED\u0130YES\u0130&#8217;NDEN BERL\u0130N&#8217;E KARDE\u015e \u015eEH\u0130R Z\u0130YARET\u0130"},"content":{"rendered":"\n<p>Mezitli Belediye Ba\u015fkan\u0131 Ahmet Serkan Tuncer, D\u0131\u015f \u0130li\u015fkiler, Proje ve Koordinasyon Heyeti ve belediye meclis \u00fcyeleriyle birlikte karde\u015f \u015fehri Berlin Tempelhof-Sch\u00f6neberg&#8217;e bir ziyaret ger\u00e7ekle\u015ftirdi. Almanya&#8217;n\u0131n ba\u015fkenti Berlin&#8217;de, iki \u015fehir aras\u0131ndaki dostlu\u011fu ve i\u015f birli\u011fini g\u00fc\u00e7lendirmek ad\u0131na \u00f6nemli temaslarda bulunuldu.<\/p>\n\n\n\n<p><strong>DEZAVANTAJLI GRUPLARA Y\u00d6NEL\u0130K H\u0130ZMETLER YER\u0130NDE \u0130NCELEND\u0130<\/strong><\/p>\n\n\n\n<p>Ziyaret kapsam\u0131nda, Alman heyeti taraf\u0131ndan haz\u0131rlanan resmi program \u00e7er\u00e7evesinde, dezavantajl\u0131 gruplara y\u00f6nelik sosyal hizmetler yerinde incelendi. Ba\u015fkan Tuncer ve heyeti, Berlin Tempelhof-Sch\u00f6neberg Belediyesi&#8217;nin bu alandaki uygulamalar\u0131 ve ba\u015far\u0131l\u0131 projeleri hakk\u0131nda detayl\u0131 bilgi ald\u0131.<\/p>\n\n\n\n<p><strong>ORTAK PROJELER G\u00d6R\u00dc\u015e\u00dcLD\u00dc<\/strong><\/p>\n\n\n\n<p>Mezitli ve Berlin aras\u0131nda \u00f6zellikle kad\u0131nlar ve gen\u00e7lere y\u00f6nelik projelerin geli\u015ftirilmesi \u00fczerine verimli g\u00f6r\u00fc\u015fmeler yap\u0131ld\u0131. Her iki belediye, sosyal , k\u00fclt\u00fcrel ve e\u011fitim alanlar\u0131nda fark yaratacak projelere \u00f6ncelik vereceklerini belirtti.<\/p>\n\n\n\n<p><strong>MEZ\u0130TL\u0130 ONURUNA RESEPS\u0130YON D\u00dcZENLEND\u0130<\/strong><\/p>\n\n\n\n<p>Berlin Tempelhof-Sch\u00f6neberg Belediyesi taraf\u0131ndan Ba\u015fkan Tuncer onuruna bir resepsiyon d\u00fczenlendi. Etkinlikte, iki \u015fehir aras\u0131ndaki karde\u015flik ili\u015fkilerinin \u00f6nemi bir kez daha vurgulan\u0131rken, i\u015f birli\u011fi \u00e7al\u0131\u015fmalar\u0131 hakk\u0131nda g\u00f6r\u00fc\u015f\u00fcld\u00fc.<\/p>\n\n\n\n<p>Ba\u015fkan Ahmet Serkan Tuncer, karde\u015f \u015fehir ziyaretinin \u00f6nemine dikkat \u00e7ekerek, &#8220;Mezitli ve Berlin Tempelhof-Sch\u00f6neberg aras\u0131ndaki ba\u011flar, sosyal projelerle daha da g\u00fc\u00e7lenecek. Buradaki ba\u015far\u0131l\u0131 uygulamalar\u0131 Mezitli&#8217;ye ta\u015f\u0131yarak, hem\u015fehrilerimize daha nitelikli hizmetler sunmay\u0131 hedefliyoruz. Bu ziyaret bu sebeple bizler i\u00e7in \u00f6nem arz ediyor&#8221; dedi.<\/p>\n","protected":false},"excerpt":{"rendered":"<p>Mezitli Belediye Ba\u015fkan\u0131 Ahmet Serkan Tuncer, D\u0131\u015f \u0130li\u015fkiler, Proje ve Koordinasyon Heyeti ve belediye meclis \u00fcyeleriyle birlikte karde\u015f \u015fehri Berlin Tempelhof-Sch\u00f6neberg&#8217;e bir ziyaret ger\u00e7ekle\u015ftirdi. Almanya&#8217;n\u0131n ba\u015fkenti Berlin&#8217;de, iki \u015fehir aras\u0131ndaki dostlu\u011fu ve i\u015f birli\u011fini g\u00fc\u00e7lendirmek ad\u0131na \u00f6nemli temaslarda bulunuldu. DEZAVANTAJLI GRUPLARA Y\u00d6NEL\u0130K H\u0130ZMETLER YER\u0130NDE \u0130NCELEND\u0130 Ziyaret kapsam\u0131nda, Alman heyeti taraf\u0131ndan haz\u0131rlanan resmi program \u00e7er\u00e7evesinde, dezavantajl\u0131 [&hellip;]<\/p>\n","protected":false},"author":2,"featured_media":36993,"comment_status":"closed","ping_status":"closed","sticky":false,"template":"","format":"standard","meta":{"footnotes":""},"categories":[7,34,3],"tags":[],"class_list":["post-36992","post","type-post","status-publish","format-standard","has-post-thumbnail","hentry","category-dunya","category-flas-haber","category-manset"],"views":9,"_links":{"self":[{"href":"https:\/\/mersinkadingazetesi.com\/index.php?rest_route=\/wp\/v2\/posts\/36992"}],"collection":[{"href":"https:\/\/mersinkadingazetesi.com\/index.php?rest_route=\/wp\/v2\/posts"}],"about":[{"href":"https:\/\/mersinkadingazetesi.com\/index.php?rest_route=\/wp\/v2\/types\/post"}],"author":[{"embeddable":true,"href":"https:\/\/mersinkadingazetesi.com\/index.php?rest_route=\/wp\/v2\/users\/2"}],"replies":[{"embeddable":true,"href":"https:\/\/mersinkadingazetesi.com\/index.php?rest_route=%2Fwp%2Fv2%2Fcomments&post=36992"}],"version-history":[{"count":1,"href":"https:\/\/mersinkadingazetesi.com\/index.php?rest_route=\/wp\/v2\/posts\/36992\/revisions"}],"predecessor-version":[{"id":36994,"href":"https:\/\/mersinkadingazetesi.com\/index.php?rest_route=\/wp\/v2\/posts\/36992\/revisions\/36994"}],"wp:featuredmedia":[{"embeddable":true,"href":"https:\/\/mersinkadingazetesi.com\/index.php?rest_route=\/wp\/v2\/media\/36993"}],"wp:attachment":[{"href":"https:\/\/mersinkadingazetesi.com\/index.php?rest_route=%2Fwp%2Fv2%2Fmedia&parent=36992"}],"wp:term":[{"taxonomy":"category","embeddable":true,"href":"https:\/\/mersinkadingazetesi.com\/index.php?rest_route=%2Fwp%2Fv2%2Fcategories&post=36992"},{"taxonomy":"post_tag","embeddable":true,"href":"https:\/\/mersinkadingazetesi.com\/index.php?rest_route=%2Fwp%2Fv2%2Ftags&post=36992"}],"curies":[{"name":"wp","href":"https:\/\/api.w.org\/{rel}","templated":true}]}}