{"id":36995,"date":"2024-11-18T11:24:07","date_gmt":"2024-11-18T08:24:07","guid":{"rendered":"https:\/\/mersinkadingazetesi.com\/?p=36995"},"modified":"2024-11-18T11:24:08","modified_gmt":"2024-11-18T08:24:08","slug":"sumerolog-muazzez-ilmiye-cig-hayatini-kaybetti","status":"publish","type":"post","link":"https:\/\/mersinkadingazetesi.com\/?p=36995","title":{"rendered":"S\u00fcmerolog Muazzez \u0130lmiye \u00c7\u0131\u011f hayat\u0131n\u0131 kaybetti"},"content":{"rendered":"\n<p><a href=\"javascript:;\"><\/a><\/p>\n\n\n\n<p><\/p>\n\n\n\n<p>S\u00fcmeroloji alan\u0131nda d\u00fcnyaca tan\u0131nan bilimsel \u00e7al\u0131\u015fmalara imza atan Muazzez \u0130lmiye \u00c7\u0131\u011f, Mersin&#8217;de tedavi g\u00f6rd\u00fc\u011f\u00fc hastanede 110 ya\u015f\u0131nda ya\u015fam\u0131n\u0131 yitirdi.\u00a0<br><br>Mezitli il\u00e7esindeki \u00f6zel bir hastanede rahats\u0131zl\u0131\u011f\u0131 nedeniyle tedavi g\u00f6ren 1914 do\u011fumlu S\u00fcmerolog ve akademisyen \u00c7\u0131\u011f, yo\u011fun bak\u0131ma al\u0131nd\u0131. \u00c7\u0131\u011f, doktorlar\u0131n m\u00fcdahalesine ra\u011fmen hayat\u0131n\u0131 kaybetti.<\/p>\n\n\n\n<p>\u00d6l\u00fcm haberini Kaynak Yay\u0131nlar\u0131, &#8220;Son S\u00fcmer Krali\u00e7esi, de\u011ferli yazar\u0131m\u0131z Muazzez \u0130lmiye \u00c7\u0131\u011f&#8217;\u0131 kaybettik&#8221; s\u00f6zleri ile duyurdu.<br><\/p>\n","protected":false},"excerpt":{"rendered":"<p>S\u00fcmeroloji alan\u0131nda d\u00fcnyaca tan\u0131nan bilimsel \u00e7al\u0131\u015fmalara imza atan Muazzez \u0130lmiye \u00c7\u0131\u011f, Mersin&#8217;de tedavi g\u00f6rd\u00fc\u011f\u00fc hastanede 110 ya\u015f\u0131nda ya\u015fam\u0131n\u0131 yitirdi.\u00a0 Mezitli il\u00e7esindeki \u00f6zel bir hastanede rahats\u0131zl\u0131\u011f\u0131 nedeniyle tedavi g\u00f6ren 1914 do\u011fumlu S\u00fcmerolog ve akademisyen \u00c7\u0131\u011f, yo\u011fun bak\u0131ma al\u0131nd\u0131. \u00c7\u0131\u011f, doktorlar\u0131n m\u00fcdahalesine ra\u011fmen hayat\u0131n\u0131 kaybetti. \u00d6l\u00fcm haberini Kaynak Yay\u0131nlar\u0131, &#8220;Son S\u00fcmer Krali\u00e7esi, de\u011ferli yazar\u0131m\u0131z Muazzez \u0130lmiye \u00c7\u0131\u011f&#8217;\u0131 [&hellip;]<\/p>\n","protected":false},"author":2,"featured_media":36996,"comment_status":"closed","ping_status":"closed","sticky":false,"template":"","format":"standard","meta":{"footnotes":""},"categories":[34,2,3,5],"tags":[],"class_list":["post-36995","post","type-post","status-publish","format-standard","has-post-thumbnail","hentry","category-flas-haber","category-gundem","category-manset","category-mersin"],"views":9,"_links":{"self":[{"href":"https:\/\/mersinkadingazetesi.com\/index.php?rest_route=\/wp\/v2\/posts\/36995"}],"collection":[{"href":"https:\/\/mersinkadingazetesi.com\/index.php?rest_route=\/wp\/v2\/posts"}],"about":[{"href":"https:\/\/mersinkadingazetesi.com\/index.php?rest_route=\/wp\/v2\/types\/post"}],"author":[{"embeddable":true,"href":"https:\/\/mersinkadingazetesi.com\/index.php?rest_route=\/wp\/v2\/users\/2"}],"replies":[{"embeddable":true,"href":"https:\/\/mersinkadingazetesi.com\/index.php?rest_route=%2Fwp%2Fv2%2Fcomments&post=36995"}],"version-history":[{"count":1,"href":"https:\/\/mersinkadingazetesi.com\/index.php?rest_route=\/wp\/v2\/posts\/36995\/revisions"}],"predecessor-version":[{"id":36997,"href":"https:\/\/mersinkadingazetesi.com\/index.php?rest_route=\/wp\/v2\/posts\/36995\/revisions\/36997"}],"wp:featuredmedia":[{"embeddable":true,"href":"https:\/\/mersinkadingazetesi.com\/index.php?rest_route=\/wp\/v2\/media\/36996"}],"wp:attachment":[{"href":"https:\/\/mersinkadingazetesi.com\/index.php?rest_route=%2Fwp%2Fv2%2Fmedia&parent=36995"}],"wp:term":[{"taxonomy":"category","embeddable":true,"href":"https:\/\/mersinkadingazetesi.com\/index.php?rest_route=%2Fwp%2Fv2%2Fcategories&post=36995"},{"taxonomy":"post_tag","embeddable":true,"href":"https:\/\/mersinkadingazetesi.com\/index.php?rest_route=%2Fwp%2Fv2%2Ftags&post=36995"}],"curies":[{"name":"wp","href":"https:\/\/api.w.org\/{rel}","templated":true}]}}