{"id":37047,"date":"2024-11-20T00:16:51","date_gmt":"2024-11-19T21:16:51","guid":{"rendered":"https:\/\/mersinkadingazetesi.com\/?p=37047"},"modified":"2024-11-20T00:16:52","modified_gmt":"2024-11-19T21:16:52","slug":"biz-halki-dusunen-halkci-bir-partiyiz","status":"publish","type":"post","link":"https:\/\/mersinkadingazetesi.com\/?p=37047","title":{"rendered":"&#8216;Biz halk\u0131 d\u00fc\u015f\u00fcnen halk\u00e7\u0131 bir partiyiz&#8217;"},"content":{"rendered":"\n<p>CHP Gen\u00e7lik Kollar\u0131 Genel Ba\u015fkan Yard\u0131mc\u0131s\u0131 \u0130zzet K\u0131r\u0131lmaz, Toroslar Belediye Ba\u015fkan\u0131 Abdurrahman Y\u0131ld\u0131z&#8217;\u0131n arkas\u0131nda olduklar\u0131n\u0131 s\u00f6yledi.<\/p>\n\n\n\n<p>K\u0131r\u0131lmaz, &#8221;Biz yerel se\u00e7imlere girerken \u015fehrimizi en iyi \u015fekilde y\u00f6netmi\u015f Mersin&#8217;imizin modern bir \u015fekilde mimarisini yapm\u0131\u015f, garip gurabas\u0131na sahip \u00e7\u0131km\u0131\u015f, evinde hastalar\u0131m\u0131za tedavi g\u00f6t\u00fcrm\u00fc\u015f, \u00fclkenin en ucuz yeme\u011fini ihtiya\u00e7 sahibi vatanda\u015flar\u0131m\u0131za ula\u015ft\u0131rm\u0131\u015f, \u00f6\u011frenci karde\u015flerimize en ucuz ula\u015f\u0131m\u0131 sa\u011flam\u0131\u015f ve bunun gibi say\u0131s\u0131z hizmeti sa\u011flam\u0131\u015f Vahap Se\u00e7er ba\u015fkan\u0131m\u0131z ve onun d\u00fcsturu ile yola \u00e7\u0131km\u0131\u015f bir partinin neferleriydik. Toroslar Belediye Ba\u015fkan\u0131m\u0131z Abdurrahman Y\u0131ld\u0131z se\u00e7imi kazand\u0131\u011f\u0131nda Toroslar halk\u0131 zafer kazanm\u0131\u015f bir \u015fekilde belediyemiz \u00f6n\u00fcnde konu\u015fma yaparken bir annemiz gelip bana dedi ki &#8220;iki evlat kaybettim t\u00fcm ac\u0131lara dayand\u0131m ama a\u00e7l\u0131\u011fa ve bunlar\u0131n yapt\u0131\u011f\u0131na dayanam\u0131yorum ben emekli bir \u00f6\u011fretmenim iyi ki vars\u0131n\u0131z evlad\u0131m Abdurrahman ba\u015fkana sahip \u00e7\u0131k\u0131n&#8221; demi\u015ftii bunu siyasi hayat\u0131m boyunca unutmayaca\u011f\u0131m.&#8221; dedi.<\/p>\n\n\n\n<p>&#8221;Bu \u015fehre, bu il\u00e7eye k\u0131yamazs\u0131n\u0131z!&#8221;<\/p>\n\n\n\n<p>K\u0131r\u0131lmaz \u015f\u00f6yle devam etti,<\/p>\n\n\n\n<p>&#8221;Biz halk\u0131 d\u00fc\u015f\u00fcnen halk\u00e7\u0131 bir partiyiz. &#8220;\u00dc\u00e7 be\u015f \u00e7apulcu&#8221; demi\u015flerdi &#8220;Gezi&#8221; zaman\u0131nda bak\u0131n ger\u00e7ek \u00e7apulcu kimlerdir. Bir kesim zengin olacak diye halk\u0131n daha uygun daha ucuz al\u0131\u015fveri\u015f hakk\u0131n\u0131 elinden almaya \u00e7al\u0131\u015fanlar sizedir s\u00f6z\u00fcm;<\/p>\n\n\n\n<p>Beyler bu vatana, bu \u015fehre, bu il\u00e7eye k\u0131yamazs\u0131n\u0131z. \u00c7\u00fcnk\u00fc biz do\u011fru ile yanl\u0131\u015f aras\u0131nda bir se\u00e7im yapt\u0131k. Mersin ve Toroslar Halk\u0131 her zaman do\u011fruyu, adaleti ve hizmeti se\u00e7er.&#8221;<\/p>\n","protected":false},"excerpt":{"rendered":"<p>CHP Gen\u00e7lik Kollar\u0131 Genel Ba\u015fkan Yard\u0131mc\u0131s\u0131 \u0130zzet K\u0131r\u0131lmaz, Toroslar Belediye Ba\u015fkan\u0131 Abdurrahman Y\u0131ld\u0131z&#8217;\u0131n arkas\u0131nda olduklar\u0131n\u0131 s\u00f6yledi. K\u0131r\u0131lmaz, &#8221;Biz yerel se\u00e7imlere girerken \u015fehrimizi en iyi \u015fekilde y\u00f6netmi\u015f Mersin&#8217;imizin modern bir \u015fekilde mimarisini yapm\u0131\u015f, garip gurabas\u0131na sahip \u00e7\u0131km\u0131\u015f, evinde hastalar\u0131m\u0131za tedavi g\u00f6t\u00fcrm\u00fc\u015f, \u00fclkenin en ucuz yeme\u011fini ihtiya\u00e7 sahibi vatanda\u015flar\u0131m\u0131za ula\u015ft\u0131rm\u0131\u015f, \u00f6\u011frenci karde\u015flerimize en ucuz ula\u015f\u0131m\u0131 sa\u011flam\u0131\u015f ve [&hellip;]<\/p>\n","protected":false},"author":2,"featured_media":37048,"comment_status":"closed","ping_status":"closed","sticky":false,"template":"","format":"standard","meta":{"footnotes":""},"categories":[34,3],"tags":[],"class_list":["post-37047","post","type-post","status-publish","format-standard","has-post-thumbnail","hentry","category-flas-haber","category-manset"],"views":6,"_links":{"self":[{"href":"https:\/\/mersinkadingazetesi.com\/index.php?rest_route=\/wp\/v2\/posts\/37047"}],"collection":[{"href":"https:\/\/mersinkadingazetesi.com\/index.php?rest_route=\/wp\/v2\/posts"}],"about":[{"href":"https:\/\/mersinkadingazetesi.com\/index.php?rest_route=\/wp\/v2\/types\/post"}],"author":[{"embeddable":true,"href":"https:\/\/mersinkadingazetesi.com\/index.php?rest_route=\/wp\/v2\/users\/2"}],"replies":[{"embeddable":true,"href":"https:\/\/mersinkadingazetesi.com\/index.php?rest_route=%2Fwp%2Fv2%2Fcomments&post=37047"}],"version-history":[{"count":1,"href":"https:\/\/mersinkadingazetesi.com\/index.php?rest_route=\/wp\/v2\/posts\/37047\/revisions"}],"predecessor-version":[{"id":37049,"href":"https:\/\/mersinkadingazetesi.com\/index.php?rest_route=\/wp\/v2\/posts\/37047\/revisions\/37049"}],"wp:featuredmedia":[{"embeddable":true,"href":"https:\/\/mersinkadingazetesi.com\/index.php?rest_route=\/wp\/v2\/media\/37048"}],"wp:attachment":[{"href":"https:\/\/mersinkadingazetesi.com\/index.php?rest_route=%2Fwp%2Fv2%2Fmedia&parent=37047"}],"wp:term":[{"taxonomy":"category","embeddable":true,"href":"https:\/\/mersinkadingazetesi.com\/index.php?rest_route=%2Fwp%2Fv2%2Fcategories&post=37047"},{"taxonomy":"post_tag","embeddable":true,"href":"https:\/\/mersinkadingazetesi.com\/index.php?rest_route=%2Fwp%2Fv2%2Ftags&post=37047"}],"curies":[{"name":"wp","href":"https:\/\/api.w.org\/{rel}","templated":true}]}}