{"id":37050,"date":"2024-11-20T11:20:45","date_gmt":"2024-11-20T08:20:45","guid":{"rendered":"https:\/\/mersinkadingazetesi.com\/?p=37050"},"modified":"2024-11-20T11:20:45","modified_gmt":"2024-11-20T08:20:45","slug":"chp-mezitli-ilce-baskani-av-ulas-yilmaz-cocuklar-gelecek-icin-degerli-bir-miras","status":"publish","type":"post","link":"https:\/\/mersinkadingazetesi.com\/?p=37050","title":{"rendered":"CHP MEZ\u0130TL\u0130 \u0130L\u00c7E BA\u015eKANI AV. ULA\u015e YILMAZ: &#8220;\u00c7OCUKLAR, GELECEK \u0130\u00c7\u0130N DE\u011eERL\u0130 B\u0130R M\u0130RAS&#8221;"},"content":{"rendered":"\n<p>Cumhuriyet Halk Partisi<br>Mezitli \u0130l\u00e7e Ba\u015fkan\u0131 Av. Ula\u015f Y\u0131lmaz, 20 Kas\u0131m D\u00fcnya \u00c7ocuk Haklar\u0131 G\u00fcn\u00fc&#8217;n\u00fc kutlayarak \u00f6nemli mesajlar verdi.<\/p>\n\n\n\n<p>Y\u0131lmaz, t\u00fcm \u00e7ocuklar\u0131n gelece\u011fimizin en de\u011ferli miras\u0131 oldu\u011funu belirterek, &#8220;Onlar, umutlar\u0131m\u0131z\u0131n ve hayallerimizin temsilcileridir. Her bir \u00e7ocuk, sa\u011fl\u0131kl\u0131 bir ya\u015fam s\u00fcrme ve potansiyelini ger\u00e7ekle\u015ftirme hakk\u0131na sahiptir&#8221; dedi.<\/p>\n\n\n\n<p>E\u011e\u0130T\u0130M HAKKINI SAVUNMA SORUMLULU\u011eU<\/p>\n\n\n\n<p>Ba\u015fkan Y\u0131lmaz, \u00e7ocuklar\u0131n e\u011fitim hakk\u0131n\u0131n, onlar\u0131n geli\u015fimi i\u00e7in hayati \u00f6nem ta\u015f\u0131d\u0131\u011f\u0131n\u0131 vurgulayarak, &#8220;E\u011fitimde f\u0131rsat e\u015fitli\u011fi sa\u011flanmad\u0131\u011f\u0131 s\u00fcrece, \u00e7ocuklar\u0131m\u0131z\u0131n potansiyelini ger\u00e7ekle\u015ftirmesi m\u00fcmk\u00fcn de\u011fildir. Her \u00e7ocuk, nitelikli bir e\u011fitim alma hakk\u0131na sahiptir ve bu hakk\u0131n korunmas\u0131 toplumsal bir sorumluluktur&#8221; ifadelerini kulland\u0131.<\/p>\n\n\n\n<p>S\u00dcRD\u00dcR\u00dcLEB\u0130L\u0130R GELECEK \u0130\u00c7\u0130N M\u00dcCADELE<\/p>\n\n\n\n<p>Ula\u015f Y\u0131lmaz, \u00e7ocuk haklar\u0131 konusunda toplumsal bilincin art\u0131r\u0131lmas\u0131n\u0131n elzem oldu\u011funu dile getirerek, &#8220;Bug\u00fcn, \u00e7ocuklar\u0131m\u0131za daha iyi bir gelecek sa\u011flaman\u0131n yollar\u0131n\u0131 aramak i\u00e7in toplumsal bir sorumluluk ta\u015f\u0131maktay\u0131z. Yar\u0131nlar\u0131m\u0131z, bug\u00fcn\u00fcn \u00e7ocuklar\u0131n\u0131n hayalleriyle \u015fekillenecektir. Bu nedenle, onlara verilen her t\u00fcrl\u00fc f\u0131rsat\u0131 de\u011ferlendirmek i\u00e7in birlikte \u00e7al\u0131\u015fmal\u0131y\u0131z&#8221; dedi.<\/p>\n\n\n\n<p>MEVCUT SORUNLARA D\u0130KKAT \u00c7EKT\u0130<\/p>\n\n\n\n<p>Ayr\u0131ca, Y\u0131lmaz, \u00e7ocuklar\u0131n maruz kald\u0131\u011f\u0131 hak ihlalleri ve sosyal sorunlara da dikkat \u00e7ekerek, &#8220;D\u00fcnyada ve \u00fclkemizde \u00e7ocuklar\u0131n ya\u015fad\u0131\u011f\u0131 zorluklar artmakta. \u015eiddet, istismar ve yoksulluk gibi sorunlar, \u00e7ocuklar\u0131m\u0131z\u0131n gelece\u011fini tehdit ediyor. Bu durumu de\u011fi\u015ftirmek i\u00e7in hepimize d\u00fc\u015fen g\u00f6revler var&#8221; diyerek, bu konulara duyarl\u0131l\u0131k g\u00f6sterilmesi gerekti\u011fini vurgulad\u0131.<\/p>\n\n\n\n<p>HEP B\u0130RL\u0130KTE YEN\u0130 B\u0130R UYANI\u015e OLALIM<\/p>\n\n\n\n<p>Son olarak, B\u00f6lgedeki \u00e7ocuklara y\u00f6nelik projelerin desteklenmesi gerekti\u011fini belirten Y\u0131lmaz, &#8220;Yerel y\u00f6netimler, sivil toplum kurulu\u015flar\u0131 ve aileler olarak birlikte hareket ederek \u00e7ocuklar\u0131m\u0131z\u0131n hayatlar\u0131nda olumlu de\u011fi\u015fimler yaratmal\u0131y\u0131z. Hep birlikte yeni bir uyan\u0131\u015f i\u00e7in sorumluluk almal\u0131 ve \u00e7ocuk haklar\u0131n\u0131 korumak i\u00e7in m\u00fccadele etmeliyiz&#8221; diyerek, topluma \u00e7a\u011fr\u0131da bulundu.<\/p>\n","protected":false},"excerpt":{"rendered":"<p>Cumhuriyet Halk PartisiMezitli \u0130l\u00e7e Ba\u015fkan\u0131 Av. Ula\u015f Y\u0131lmaz, 20 Kas\u0131m D\u00fcnya \u00c7ocuk Haklar\u0131 G\u00fcn\u00fc&#8217;n\u00fc kutlayarak \u00f6nemli mesajlar verdi. Y\u0131lmaz, t\u00fcm \u00e7ocuklar\u0131n gelece\u011fimizin en de\u011ferli miras\u0131 oldu\u011funu belirterek, &#8220;Onlar, umutlar\u0131m\u0131z\u0131n ve hayallerimizin temsilcileridir. Her bir \u00e7ocuk, sa\u011fl\u0131kl\u0131 bir ya\u015fam s\u00fcrme ve potansiyelini ger\u00e7ekle\u015ftirme hakk\u0131na sahiptir&#8221; dedi. E\u011e\u0130T\u0130M HAKKINI SAVUNMA SORUMLULU\u011eU Ba\u015fkan Y\u0131lmaz, \u00e7ocuklar\u0131n e\u011fitim hakk\u0131n\u0131n, onlar\u0131n [&hellip;]<\/p>\n","protected":false},"author":2,"featured_media":37051,"comment_status":"closed","ping_status":"closed","sticky":false,"template":"","format":"standard","meta":{"footnotes":""},"categories":[3],"tags":[],"class_list":["post-37050","post","type-post","status-publish","format-standard","has-post-thumbnail","hentry","category-manset"],"views":4,"_links":{"self":[{"href":"https:\/\/mersinkadingazetesi.com\/index.php?rest_route=\/wp\/v2\/posts\/37050"}],"collection":[{"href":"https:\/\/mersinkadingazetesi.com\/index.php?rest_route=\/wp\/v2\/posts"}],"about":[{"href":"https:\/\/mersinkadingazetesi.com\/index.php?rest_route=\/wp\/v2\/types\/post"}],"author":[{"embeddable":true,"href":"https:\/\/mersinkadingazetesi.com\/index.php?rest_route=\/wp\/v2\/users\/2"}],"replies":[{"embeddable":true,"href":"https:\/\/mersinkadingazetesi.com\/index.php?rest_route=%2Fwp%2Fv2%2Fcomments&post=37050"}],"version-history":[{"count":1,"href":"https:\/\/mersinkadingazetesi.com\/index.php?rest_route=\/wp\/v2\/posts\/37050\/revisions"}],"predecessor-version":[{"id":37052,"href":"https:\/\/mersinkadingazetesi.com\/index.php?rest_route=\/wp\/v2\/posts\/37050\/revisions\/37052"}],"wp:featuredmedia":[{"embeddable":true,"href":"https:\/\/mersinkadingazetesi.com\/index.php?rest_route=\/wp\/v2\/media\/37051"}],"wp:attachment":[{"href":"https:\/\/mersinkadingazetesi.com\/index.php?rest_route=%2Fwp%2Fv2%2Fmedia&parent=37050"}],"wp:term":[{"taxonomy":"category","embeddable":true,"href":"https:\/\/mersinkadingazetesi.com\/index.php?rest_route=%2Fwp%2Fv2%2Fcategories&post=37050"},{"taxonomy":"post_tag","embeddable":true,"href":"https:\/\/mersinkadingazetesi.com\/index.php?rest_route=%2Fwp%2Fv2%2Ftags&post=37050"}],"curies":[{"name":"wp","href":"https:\/\/api.w.org\/{rel}","templated":true}]}}