{"id":37053,"date":"2024-11-20T11:21:41","date_gmt":"2024-11-20T08:21:41","guid":{"rendered":"https:\/\/mersinkadingazetesi.com\/?p=37053"},"modified":"2024-11-20T11:21:41","modified_gmt":"2024-11-20T08:21:41","slug":"buyuksehir-kent-orkestrasi-bando-ile-turk-muzigi-topluluklarina-sanatci-alimi-yapiyor","status":"publish","type":"post","link":"https:\/\/mersinkadingazetesi.com\/?p=37053","title":{"rendered":"B\u00dcY\u00dcK\u015eEH\u0130R; KENT ORKESTRASI, BANDO \u0130LE T\u00dcRK M\u00dcZ\u0130\u011e\u0130 TOPLULUKLARINA SANAT\u00c7I ALIMI YAPIYOR"},"content":{"rendered":"\n<p>Sanata ve sanat\u00e7\u0131ya de\u011fer veren Mersin B\u00fcy\u00fck\u015fehir Belediyesi, b\u00fcnyesine yeni sanat\u00e7\u0131lar kazand\u0131r\u0131yor. K\u00fclt\u00fcr ve Sosyal \u0130\u015fler Dairesi Ba\u015fkanl\u0131\u011f\u0131 \u00e7at\u0131s\u0131 alt\u0131nda faaliyet g\u00f6steren Kent Orkestras\u0131, Belediye Bandosu, T\u00fcrk Halk M\u00fczi\u011fi ile T\u00fcrk Sanat M\u00fczi\u011fi Toplulu\u011fu&#8217;na sanat\u00e7\u0131 al\u0131m\u0131 yap\u0131l\u0131yor. 19-23 Kas\u0131m tarihleri aras\u0131nda s\u00fcrecek s\u0131navlarla, bir\u00e7ok bran\u015fta toplam 31 sanat\u00e7\u0131 ve solist al\u0131m\u0131 yap\u0131lacak.<\/p>\n\n\n\n<p><strong>B\u00fcy\u00fck\u015fehir yeni yeteneklere kap\u0131s\u0131n\u0131 a\u00e7t\u0131<\/strong><\/p>\n\n\n\n<p>K\u00fclt\u00fcr ve sanat\u0131n kenti olan Mersin&#8217;e yeni yetenekler kazand\u0131rmay\u0131 hedefleyen B\u00fcy\u00fck\u015fehir Belediyesi, sanat kadrolar\u0131n\u0131 g\u00fcnden g\u00fcne g\u00fc\u00e7lendiriyor. B\u00fcy\u00fck\u015fehir Belediyesi K\u00fclt\u00fcr ve Sosyal \u0130\u015fler Dairesi Ba\u015fkanl\u0131\u011f\u0131 Koordinat\u00f6r\u00fc, Opera Sanat\u00e7\u0131s\u0131 Bengi \u0130spir \u00d6zd\u00fclger&#8217;in de j\u00fcri \u00fcyesi oldu\u011fu s\u0131navda Mersin Devlet Opera ve Balesi, Eski\u015fehir Senfoni Orkestras\u0131 ve \u00c7ukurova Senfoni Orkestras\u0131&#8217;ndan sanat\u00e7\u0131 j\u00fcri \u00fcyeleri yer al\u0131yor. Kamera kayd\u0131 e\u015fli\u011finde, \u015feffaf ve liyakata dayal\u0131 olarak yap\u0131lan sanat\u00e7\u0131 al\u0131m\u0131 kapsam\u0131nda keman, viyola, viyolonsel, trompet, trombon, tuba, saksafon, klarnet gibi bir\u00e7ok farkl\u0131 dalda sanat\u00e7\u0131 ve solist al\u0131m\u0131 yap\u0131lacak. Adaylar s\u0131nav sonu\u00e7lar\u0131na,&nbsp;<strong>mersin.bel.tr<\/strong>&nbsp;adresinin duyurular k\u0131sm\u0131ndan ula\u015fabilecek.<\/p>\n\n\n\n<p><strong>\u00d6zd\u00fclger: &#8220;S\u0131navlar\u0131m\u0131z objektif de\u011ferlendirme ve liyakate dayal\u0131&#8221;<\/strong><\/p>\n\n\n\n<p>B\u00fcy\u00fck\u015fehir Belediyesi K\u00fclt\u00fcr ve Sosyal \u0130\u015fler Dairesi Ba\u015fkanl\u0131\u011f\u0131 Koordinat\u00f6r\u00fc, Opera Sanat\u00e7\u0131s\u0131 Bengi \u0130spir \u00d6zd\u00fclger, ger\u00e7ekle\u015ftirilen s\u0131navlarla ilgili bilgi vererek,<strong>&nbsp;&#8220;Objektif de\u011ferlendirme<\/strong>&nbsp;<strong>ve liyakat\u0131 \u00f6n planda tutan bir j\u00fcrinin \u00f6n\u00fcnde; Mersin Devlet Opera ve Balesi, Eski\u015fehir Senfoni Orkestras\u0131 ve \u00c7ukurova Senfoni Orkestras\u0131&#8217;nda yer alan ve profesyonel sanat\u00e7\u0131lardan olu\u015fan bir j\u00fcri \u00f6n\u00fcnde s\u0131nav\u0131m\u0131z\u0131 ger\u00e7ekle\u015ftiriyoruz. S\u0131navlar\u0131m\u0131z objektif de\u011ferlendirme ve liyakate dayal\u0131d\u0131r. \u00c7\u00fcnk\u00fc bu, sanat\u0131n olmazsa olmaz\u0131d\u0131r. Olduk\u00e7a yo\u011fun bir kat\u0131l\u0131m var. Birbirinden yetenekli ve ba\u015far\u0131l\u0131 sanat\u00e7\u0131 adaylar\u0131n\u0131 dinliyoruz, \u00e7ok da keyif al\u0131yoruz. \u00d6ncesinde belirlemi\u015f oldu\u011fumuz \u015fartname do\u011frultusunda, s\u0131nava haz\u0131rland\u0131klar\u0131 par\u00e7alar\u0131 kendi enstr\u00fcmanlar\u0131 ile dinliyoruz&#8221;<\/strong>&nbsp;dedi.<\/p>\n\n\n\n<p><strong>&#8220;\u00d6nemsenen ve tevecc\u00fch edilen sanat kurumlar\u0131na sahibiz&#8221;<\/strong><\/p>\n\n\n\n<p>Farkl\u0131 enstr\u00fcmanlar i\u00e7in s\u0131nav yapt\u0131klar\u0131n\u0131 kaydeden \u00d6zd\u00fclger, solist al\u0131m\u0131 da ger\u00e7ekle\u015ftireceklerini s\u00f6yledi. \u00d6zd\u00fclger, s\u0131nav\u0131n objektifli\u011fine dikkat \u00e7ekerek,&nbsp;<strong>&#8220;\u00d6zendi\u011fimizi, \u00f6nemsedi\u011fimizi ve ne kadar objektif oldu\u011fumuzu belli etti\u011fimiz ve bunun da herkes taraf\u0131ndan fark edildi\u011fini g\u00f6rd\u00fc\u011f\u00fcm\u00fcz bir s\u0131nav bu. \u00c7\u00fcnk\u00fc gelen t\u00fcm sanat\u00e7\u0131 aday\u0131 arkada\u015flar\u0131m\u0131z, kendi e\u011fitimlerini ve ki\u015fisel anlamda i\u00e7 disiplinlerini tamamlam\u0131\u015f, eserlerine ve enstr\u00fcmanlar\u0131na hakimler. Buradan anl\u0131yoruz ki; belediye \u00e7at\u0131s\u0131 alt\u0131nda tevecc\u00fch edilen, \u00f6nemsenen sanat kurumlar\u0131na sahibiz. Bunun mutlulu\u011funu ben g\u00f6rd\u00fcm, ya\u015fad\u0131m ve j\u00fcri \u00fcyesi di\u011fer arkada\u015flar\u0131m da bunu dile getirdiler. Ba\u015fkan\u0131m\u0131z Say\u0131n Vahap Se\u00e7er&#8217;in sanata ve sanat\u00e7\u0131ya verdi\u011fi \u00f6nem, \u00f6zen zaten ortada. Bunu art\u0131k sadece Mersin de\u011fil, t\u00fcm T\u00fcrkiye biliyor&#8221;<\/strong>&nbsp;diye konu\u015ftu.<\/p>\n\n\n\n<p><strong>&#8220;S\u0131nava, T\u00fcrkiye&#8217;nin bir\u00e7ok \u015fehrinden sanat\u00e7\u0131lar kat\u0131l\u0131yor&#8221;<\/strong><\/p>\n\n\n\n<p>S\u0131nava sadece Mersin&#8217;den de\u011fil, T\u00fcrkiye&#8217;nin farkl\u0131 kentlerinden de kat\u0131l\u0131m\u0131n oldu\u011funu s\u00f6zlerine ekleyen \u00d6zd\u00fclger,&nbsp;<strong>&#8220;\u00c7anakkale&#8217;den, Eski\u015fehir&#8217;den, Ankara&#8217;dan, Adana&#8217;dan, Mu\u011fla&#8217;dan, \u0130zmir&#8217;den gelen arkada\u015flar\u0131m\u0131z var. Bu da bizim asl\u0131nda ger\u00e7ekten \u00e7ok sevgiyle, \u00e7ok \u00f6zenerek, \u00e7ok \u00f6nemseyerek, \u00e7ok dikkat ederek ve kaliteden \u00f6d\u00fcn vermeyerek; e\u011fitimine \u00f6nem vermi\u015f ki\u015fileri liyakate dayal\u0131 bir \u015fekilde ve objektif bakarak de\u011ferlendirdi\u011fimizi g\u00f6steriyor&#8221;<\/strong>&nbsp;ifadelerini kulland\u0131.<\/p>\n","protected":false},"excerpt":{"rendered":"<p>Sanata ve sanat\u00e7\u0131ya de\u011fer veren Mersin B\u00fcy\u00fck\u015fehir Belediyesi, b\u00fcnyesine yeni sanat\u00e7\u0131lar kazand\u0131r\u0131yor. K\u00fclt\u00fcr ve Sosyal \u0130\u015fler Dairesi Ba\u015fkanl\u0131\u011f\u0131 \u00e7at\u0131s\u0131 alt\u0131nda faaliyet g\u00f6steren Kent Orkestras\u0131, Belediye Bandosu, T\u00fcrk Halk M\u00fczi\u011fi ile T\u00fcrk Sanat M\u00fczi\u011fi Toplulu\u011fu&#8217;na sanat\u00e7\u0131 al\u0131m\u0131 yap\u0131l\u0131yor. 19-23 Kas\u0131m tarihleri aras\u0131nda s\u00fcrecek s\u0131navlarla, bir\u00e7ok bran\u015fta toplam 31 sanat\u00e7\u0131 ve solist al\u0131m\u0131 yap\u0131lacak. B\u00fcy\u00fck\u015fehir yeni yeteneklere [&hellip;]<\/p>\n","protected":false},"author":2,"featured_media":37054,"comment_status":"closed","ping_status":"closed","sticky":false,"template":"","format":"standard","meta":{"footnotes":""},"categories":[3],"tags":[],"class_list":["post-37053","post","type-post","status-publish","format-standard","has-post-thumbnail","hentry","category-manset"],"views":6,"_links":{"self":[{"href":"https:\/\/mersinkadingazetesi.com\/index.php?rest_route=\/wp\/v2\/posts\/37053"}],"collection":[{"href":"https:\/\/mersinkadingazetesi.com\/index.php?rest_route=\/wp\/v2\/posts"}],"about":[{"href":"https:\/\/mersinkadingazetesi.com\/index.php?rest_route=\/wp\/v2\/types\/post"}],"author":[{"embeddable":true,"href":"https:\/\/mersinkadingazetesi.com\/index.php?rest_route=\/wp\/v2\/users\/2"}],"replies":[{"embeddable":true,"href":"https:\/\/mersinkadingazetesi.com\/index.php?rest_route=%2Fwp%2Fv2%2Fcomments&post=37053"}],"version-history":[{"count":1,"href":"https:\/\/mersinkadingazetesi.com\/index.php?rest_route=\/wp\/v2\/posts\/37053\/revisions"}],"predecessor-version":[{"id":37055,"href":"https:\/\/mersinkadingazetesi.com\/index.php?rest_route=\/wp\/v2\/posts\/37053\/revisions\/37055"}],"wp:featuredmedia":[{"embeddable":true,"href":"https:\/\/mersinkadingazetesi.com\/index.php?rest_route=\/wp\/v2\/media\/37054"}],"wp:attachment":[{"href":"https:\/\/mersinkadingazetesi.com\/index.php?rest_route=%2Fwp%2Fv2%2Fmedia&parent=37053"}],"wp:term":[{"taxonomy":"category","embeddable":true,"href":"https:\/\/mersinkadingazetesi.com\/index.php?rest_route=%2Fwp%2Fv2%2Fcategories&post=37053"},{"taxonomy":"post_tag","embeddable":true,"href":"https:\/\/mersinkadingazetesi.com\/index.php?rest_route=%2Fwp%2Fv2%2Ftags&post=37053"}],"curies":[{"name":"wp","href":"https:\/\/api.w.org\/{rel}","templated":true}]}}