{"id":37059,"date":"2024-11-20T11:25:08","date_gmt":"2024-11-20T08:25:08","guid":{"rendered":"https:\/\/mersinkadingazetesi.com\/?p=37059"},"modified":"2024-11-20T11:25:09","modified_gmt":"2024-11-20T08:25:09","slug":"baskan-secerden-dunya-cocuk-haklari-gunu-mesaji","status":"publish","type":"post","link":"https:\/\/mersinkadingazetesi.com\/?p=37059","title":{"rendered":"BA\u015eKAN SE\u00c7ER&#8217;DEN &#8216;D\u00dcNYA \u00c7OCUK HAKLARI G\u00dcN\u00dc&#8217; MESAJI"},"content":{"rendered":"\n<p>Mersin B\u00fcy\u00fck\u015fehir Belediye Ba\u015fkan\u0131 Vahap Se\u00e7er&nbsp;<strong><em>&#8216;D\u00fcnya \u00c7ocuk Haklar\u0131 G\u00fcn\u00fc&#8217;&nbsp;<\/em><\/strong>dolay\u0131s\u0131yla bir mesaj yay\u0131mlad\u0131.<\/p>\n\n\n\n<p>Ba\u015fkan Se\u00e7er mesaj\u0131nda \u015fu ifadelere yer verdi:<\/p>\n\n\n\n<p><strong>&#8220;\u00dclkemizde \u00e7ocuklar\u0131n mutlu ve g\u00fcvende oldu\u011fu bir ortam\u0131 yaratmak, onlar\u0131n e\u011fitim, sa\u011fl\u0131k, beslenme,&nbsp;<\/strong><strong>bar\u0131nma ve g\u00fcvenlik gibi en temel ihtiya\u00e7lar\u0131n\u0131 sa\u011flamak hepimizin ortak y\u00fck\u00fcml\u00fcl\u00fc\u011f\u00fc. G\u00f6reve geldi\u011fimiz 2019 y\u0131l\u0131ndan bu yana tam da bu sorumluluk bilinciyle hareket ediyoruz. Yoksullukla m\u00fccadele, hak temelli sosyal politikalar \u00fcretme, e\u011fitimde f\u0131rsat e\u015fitli\u011fi sa\u011flama, kentte g\u00fcven ve huzur ortam\u0131na katk\u0131 sunma sahalar\u0131nda verdi\u011fimiz etkin m\u00fccadelenin en b\u00fcy\u00fck motivasyonu kentimizdeki t\u00fcm \u00e7ocuklar\u0131n kendini mutlu ve g\u00fcvende hissetmesidir.<\/strong><\/p>\n\n\n\n<p><strong>\u00c7ocuk haklar\u0131 konusunda \u00fclkemizin \u00e7ok daha iyi noktalara gelmesi gerekti\u011fi a\u015fikar. Bunun i\u00e7in t\u00fcm kurumlar\u0131n ve her yetkilinin \u00fczerine d\u00fc\u015fen sorumlulu\u011fa uygun hareket etmesi gerekiyor.<\/strong><\/p>\n\n\n\n<p><strong>Toplumsal sorunlar\u0131n giderek derinle\u015fmesi, \u00e7ocuk haklar\u0131 konusundaki sorunlar\u0131 da maalesef her ge\u00e7en g\u00fcn daha da derinle\u015ftiriyor. Bir an \u00f6nce e\u011fitimde f\u0131rsat e\u015fitli\u011fi sa\u011flamak, \u00e7ocuk i\u015f\u00e7ili\u011finin \u00f6n\u00fcne ge\u00e7mek, yoksullukla m\u00fccadele etmek, yetersiz beslenme sorunlar\u0131n\u0131n \u00f6n\u00fcne ge\u00e7mek, \u00e7ocuklar\u0131n maruz kald\u0131\u011f\u0131 \u015fiddet ve istismar su\u00e7lar\u0131na kar\u015f\u0131 sert tedbirler almak gerekiyor.<\/strong><\/p>\n\n\n\n<p><strong>D\u00fcnyada meclis kurdu\u011fu g\u00fcn\u00fc \u00fclkesinin \u00e7ocuklar\u0131 i\u00e7in bayram ilan eden e\u015fsiz liderimiz Ulu \u00d6nder Mustafa Kemal Atat\u00fcrk&#8217;\u00fcn bizlere a\u00e7t\u0131\u011f\u0131 yolu takip ederek, \u00fclkemizi \u00e7ocuklar\u0131m\u0131z i\u00e7in ya\u015fan\u0131labilir bir yer haline getirmek i\u00e7in var g\u00fcc\u00fcm\u00fczle \u00e7al\u0131\u015fmaya devam edece\u011fiz.<\/strong><\/p>\n\n\n\n<p><strong>Bu duygularla bu \u00f6zel g\u00fcnde t\u00fcm \u00e7ocuklar\u0131m\u0131za duydu\u011fumuz g\u00fc\u00e7l\u00fc sevgiyi bir kez daha dile getiriyor kentimizde ya\u015fayan t\u00fcm vatanda\u015flar\u0131m\u0131z\u0131 sayg\u0131yla selaml\u0131yorum.&#8221;<\/strong><\/p>\n","protected":false},"excerpt":{"rendered":"<p>Mersin B\u00fcy\u00fck\u015fehir Belediye Ba\u015fkan\u0131 Vahap Se\u00e7er&nbsp;&#8216;D\u00fcnya \u00c7ocuk Haklar\u0131 G\u00fcn\u00fc&#8217;&nbsp;dolay\u0131s\u0131yla bir mesaj yay\u0131mlad\u0131. Ba\u015fkan Se\u00e7er mesaj\u0131nda \u015fu ifadelere yer verdi: &#8220;\u00dclkemizde \u00e7ocuklar\u0131n mutlu ve g\u00fcvende oldu\u011fu bir ortam\u0131 yaratmak, onlar\u0131n e\u011fitim, sa\u011fl\u0131k, beslenme,&nbsp;bar\u0131nma ve g\u00fcvenlik gibi en temel ihtiya\u00e7lar\u0131n\u0131 sa\u011flamak hepimizin ortak y\u00fck\u00fcml\u00fcl\u00fc\u011f\u00fc. G\u00f6reve geldi\u011fimiz 2019 y\u0131l\u0131ndan bu yana tam da bu sorumluluk bilinciyle hareket ediyoruz. [&hellip;]<\/p>\n","protected":false},"author":2,"featured_media":37060,"comment_status":"closed","ping_status":"closed","sticky":false,"template":"","format":"standard","meta":{"footnotes":""},"categories":[34,3],"tags":[],"class_list":["post-37059","post","type-post","status-publish","format-standard","has-post-thumbnail","hentry","category-flas-haber","category-manset"],"views":7,"_links":{"self":[{"href":"https:\/\/mersinkadingazetesi.com\/index.php?rest_route=\/wp\/v2\/posts\/37059"}],"collection":[{"href":"https:\/\/mersinkadingazetesi.com\/index.php?rest_route=\/wp\/v2\/posts"}],"about":[{"href":"https:\/\/mersinkadingazetesi.com\/index.php?rest_route=\/wp\/v2\/types\/post"}],"author":[{"embeddable":true,"href":"https:\/\/mersinkadingazetesi.com\/index.php?rest_route=\/wp\/v2\/users\/2"}],"replies":[{"embeddable":true,"href":"https:\/\/mersinkadingazetesi.com\/index.php?rest_route=%2Fwp%2Fv2%2Fcomments&post=37059"}],"version-history":[{"count":1,"href":"https:\/\/mersinkadingazetesi.com\/index.php?rest_route=\/wp\/v2\/posts\/37059\/revisions"}],"predecessor-version":[{"id":37061,"href":"https:\/\/mersinkadingazetesi.com\/index.php?rest_route=\/wp\/v2\/posts\/37059\/revisions\/37061"}],"wp:featuredmedia":[{"embeddable":true,"href":"https:\/\/mersinkadingazetesi.com\/index.php?rest_route=\/wp\/v2\/media\/37060"}],"wp:attachment":[{"href":"https:\/\/mersinkadingazetesi.com\/index.php?rest_route=%2Fwp%2Fv2%2Fmedia&parent=37059"}],"wp:term":[{"taxonomy":"category","embeddable":true,"href":"https:\/\/mersinkadingazetesi.com\/index.php?rest_route=%2Fwp%2Fv2%2Fcategories&post=37059"},{"taxonomy":"post_tag","embeddable":true,"href":"https:\/\/mersinkadingazetesi.com\/index.php?rest_route=%2Fwp%2Fv2%2Ftags&post=37059"}],"curies":[{"name":"wp","href":"https:\/\/api.w.org\/{rel}","templated":true}]}}