{"id":37067,"date":"2024-11-20T11:47:53","date_gmt":"2024-11-20T08:47:53","guid":{"rendered":"https:\/\/mersinkadingazetesi.com\/?p=37067"},"modified":"2024-11-20T11:47:53","modified_gmt":"2024-11-20T08:47:53","slug":"ataturkcu-dusunce-dernegi-varlik-nedeni-ve-gorevi-geregi-surecin-takipcisidir-tegmenlerimizin-yanindadir","status":"publish","type":"post","link":"https:\/\/mersinkadingazetesi.com\/?p=37067","title":{"rendered":"Atat\u00fcrk\u00e7\u00fc D\u00fc\u015f\u00fcnce Derne\u011fi, varl\u0131k nedeni ve g\u00f6revi gere\u011fi s\u00fcrecin takip\u00e7isidir, te\u011fmenlerimizin yan\u0131ndad\u0131r\u201d"},"content":{"rendered":"\n<p>Atat\u00fcrk\u00e7\u00fc D\u00fc\u015f\u00fcnce Derne\u011fi (ADD) Edirne \u015eubesi, Kara Harp Okulu mezuniyet t\u00f6reninde Ulu \u00d6nder Mustafa Kemal Atat\u00fcrk\u2019e ba\u011fl\u0131l\u0131k yemini ettikleri ve \u201cMustafa Kemal\u2019in askerleriyiz\u201d slogan\u0131 att\u0131klar\u0131 i\u00e7in disiplin kuruluna sevk edilen te\u011fmenlerin yan\u0131nda oldu\u011funu a\u00e7\u0131klad\u0131. Yap\u0131lan a\u00e7\u0131klamada, \u201cAtat\u00fcrk\u00e7\u00fc D\u00fc\u015f\u00fcnce Derne\u011fi, varl\u0131k nedeni ve g\u00f6revi gere\u011fi s\u00fcrecin takip\u00e7isidir, te\u011fmenlerimizin yan\u0131ndad\u0131r\u201d denildi.<\/p>\n\n\n\n<p>A\u00e7\u0131klaman\u0131n devam\u0131nda \u015funlara yer verildi:<\/p>\n\n\n\n<p>\u201c30 A\u011fustos 2024 tarihinde yap\u0131lan Kara Harp Okulu mezuniyet t\u00f6reninde sonras\u0131 diplomalar\u0131n\u0131 alan te\u011fmenlerin t\u00f6ren alan\u0131 d\u0131\u015f\u0131nda toplan\u0131p y\u0131llar\u0131n Harbiye gelene\u011fi uyar\u0131nca k\u0131l\u0131\u00e7lar\u0131n\u0131 \u00e7ekerek \u2018Askerlik yemini\u201d etmeleri, laik cumhuriyete, vatan\u0131n ve milletin b\u00f6l\u00fcnmez b\u00fct\u00fcnl\u00fc\u011f\u00fcne, cumhuriyetimizin kurulu\u015f felsefesine, T\u00fcrk Milletinin kay\u0131ts\u0131z ko\u015fulsuz egemenli\u011fine, Kurtulu\u015f Sava\u015f\u0131m\u0131z\u0131n Ba\u015fkomutan\u0131 ve Cumhuriyetimizin Kurucusu Gazi Mustafa Kemal Atat\u00fcrk\u2019e ba\u011fl\u0131l\u0131klar\u0131n\u0131 belirtmeleri ve \u2018Mustafa Kemal\u2019in Askerleriyiz\u2019 sesleni\u015fini dillendirmeleri \u00f6nce Cumhurba\u015fkan\u0131, ard\u0131ndan da Milli Savunma Bakanl\u0131\u011f\u0131 taraf\u0131ndan disiplin su\u00e7u olarak de\u011ferlendirilmi\u015f, d\u00f6nem birincisi Te\u011fmen Ebru Ero\u011flu, Alay K\u0131demlisi Te\u011fmen \u0130zzet Talip Akarsu ile 3 te\u011fmenin daha \u2018TSK\u2019dan ay\u0131rma Cezas\u0131\u2019 talebi ile Y\u00fcksek Disiplin Kurulu\u2019na sevk edildikleri kendilerine tebli\u011f edilmi\u015ftir. Tarihin Bat\u0131 Emperyalizmine kar\u015f\u0131 verilerek zafere ula\u015ft\u0131r\u0131lan ilk ve tek Ulusal Ba\u011f\u0131ms\u0131zl\u0131k Sava\u015f\u0131, Mustafa Kemal Atat\u00fcrk Ba\u015fkomutanl\u0131\u011f\u0131nda, kad\u0131n, erkek ve \u00e7ocuk topyek\u00fbn T\u00fcrk Milleti\u2019nin azim ve karar\u0131, TBMM\u2019nin sars\u0131lmaz iradesi, \u015eanl\u0131 T\u00fcrk Ordusu\u2019nun kahramanl\u0131\u011f\u0131 ve her r\u00fctbedeki T\u00fcrk Subay\u0131n\u0131n \u00fcst\u00fcn komuta yetene\u011fi ile kazan\u0131lm\u0131\u015ft\u0131r. T\u00fcrk Silahl\u0131 Kuvvetleri T\u00fcrk Milletinin ba\u011fr\u0131ndan kopmu\u015ftur ve kurulu\u015fundan itibaren daima Atat\u00fcrk\u2019e, O\u2019nun \u0130lke ve Devrimlerine ve Cumhuriyet de\u011ferlerine ba\u011fl\u0131 kalm\u0131\u015ft\u0131r.<\/p>\n\n\n\n<p><strong>\u201cAsla kabul edilemez\u201d<\/strong><\/p>\n\n\n\n<p>Bu bilin\u00e7 ve sorumlulukla hareket eden T\u00fcrk Silahl\u0131 Kuvvetleri\u2019nin gen\u00e7 subaylar\u0131n\u0131n mezuniyet co\u015fkusuyla Ba\u015fkomutanlar\u0131 B\u00fcy\u00fck Atat\u00fcrk\u2019e minnet ve \u015f\u00fckranlar\u0131 ile vatana, millete ve Cumhuriyet de\u011ferlerine ba\u011fl\u0131l\u0131klar\u0131n\u0131 hayk\u0131rmalar\u0131n\u0131n disiplin su\u00e7u say\u0131lmas\u0131 asla kabul edilemez. Anayasan\u0131n 2. Maddesinde \u2018T\u00fcrkiye Cumhuriyeti, toplumun huzuru, milli dayan\u0131\u015fma ve adalet anlay\u0131\u015f\u0131 i\u00e7inde, insan haklar\u0131na sayg\u0131l\u0131, Atat\u00fcrk milliyet\u00e7ili\u011fine ba\u011fl\u0131, ba\u015flang\u0131\u00e7ta belirtilen temel ilkelere dayanan, demokratik, laik ve sosyal bir hukuk devletidir.\u2019 denilerek Cumhuriyetin nitelikleri say\u0131lm\u0131\u015ft\u0131r. \u0130fade \u00f6zg\u00fcrl\u00fc\u011f\u00fc de anayasal g\u00fcvence alt\u0131ndad\u0131r. Te\u011fmen evlatlar\u0131m\u0131z\u0131n Atat\u00fcrk\u2019e ve kurucu de\u011ferlere ba\u011fl\u0131l\u0131k ifadeleri de bu ba\u011flamda anayasal g\u00fcvence alt\u0131nda olmak gerekir. 6413 say\u0131l\u0131 T\u00fcrk Silahl\u0131 Kuvvetleri Disiplin Kanunu\u2019nun 20. maddesinde d\u00fczenlenen TSK\u2019dan ay\u0131rma cezas\u0131 gerektiren haller s\u0131n\u0131rl\u0131 say\u0131da belirtilmi\u015f olup te\u011fmenlerimizin s\u00f6z konusu davran\u0131\u015flar\u0131n\u0131n say\u0131lan bu haller kapsam\u0131nda de\u011ferlendirilemeyece\u011fi kanun lafz\u0131ndan a\u00e7\u0131k\u00e7a anla\u015f\u0131lmaktad\u0131r. Atat\u00fcrk\u00e7\u00fc D\u00fc\u015f\u00fcnce Derne\u011fi olarak 354 \u015fubemiz, 57 temsilci\u011fimiz ve her biri \u2018Mustafa Kemal\u2019in Askeri\u2019 olmakla gurur duyan 70 bini a\u015fk\u0131n \u00fcyemizle yeni mezun te\u011fmenlerimiz hakk\u0131nda y\u00fcr\u00fct\u00fclmekte olan disiplin soru\u015fturmas\u0131 sonucunun hukuka, yasalara, adalete ve vicdana ayk\u0131r\u0131l\u0131k te\u015fkil etmeyece\u011fini ummak istiyoruz. Atat\u00fcrk\u00e7\u00fc D\u00fc\u015f\u00fcnce Derne\u011fi, varl\u0131k nedeni ve g\u00f6revi gere\u011fi s\u00fcrecin takip\u00e7isidir, te\u011fmenlerimizin yan\u0131ndad\u0131r\u201d<\/p>\n","protected":false},"excerpt":{"rendered":"<p>Atat\u00fcrk\u00e7\u00fc D\u00fc\u015f\u00fcnce Derne\u011fi (ADD) Edirne \u015eubesi, Kara Harp Okulu mezuniyet t\u00f6reninde Ulu \u00d6nder Mustafa Kemal Atat\u00fcrk\u2019e ba\u011fl\u0131l\u0131k yemini ettikleri ve \u201cMustafa Kemal\u2019in askerleriyiz\u201d slogan\u0131 att\u0131klar\u0131 i\u00e7in disiplin kuruluna sevk edilen te\u011fmenlerin yan\u0131nda oldu\u011funu a\u00e7\u0131klad\u0131. Yap\u0131lan a\u00e7\u0131klamada, \u201cAtat\u00fcrk\u00e7\u00fc D\u00fc\u015f\u00fcnce Derne\u011fi, varl\u0131k nedeni ve g\u00f6revi gere\u011fi s\u00fcrecin takip\u00e7isidir, te\u011fmenlerimizin yan\u0131ndad\u0131r\u201d denildi. A\u00e7\u0131klaman\u0131n devam\u0131nda \u015funlara yer verildi: \u201c30 [&hellip;]<\/p>\n","protected":false},"author":2,"featured_media":37068,"comment_status":"closed","ping_status":"closed","sticky":false,"template":"","format":"standard","meta":{"footnotes":""},"categories":[3],"tags":[],"class_list":["post-37067","post","type-post","status-publish","format-standard","has-post-thumbnail","hentry","category-manset"],"views":8,"_links":{"self":[{"href":"https:\/\/mersinkadingazetesi.com\/index.php?rest_route=\/wp\/v2\/posts\/37067"}],"collection":[{"href":"https:\/\/mersinkadingazetesi.com\/index.php?rest_route=\/wp\/v2\/posts"}],"about":[{"href":"https:\/\/mersinkadingazetesi.com\/index.php?rest_route=\/wp\/v2\/types\/post"}],"author":[{"embeddable":true,"href":"https:\/\/mersinkadingazetesi.com\/index.php?rest_route=\/wp\/v2\/users\/2"}],"replies":[{"embeddable":true,"href":"https:\/\/mersinkadingazetesi.com\/index.php?rest_route=%2Fwp%2Fv2%2Fcomments&post=37067"}],"version-history":[{"count":1,"href":"https:\/\/mersinkadingazetesi.com\/index.php?rest_route=\/wp\/v2\/posts\/37067\/revisions"}],"predecessor-version":[{"id":37069,"href":"https:\/\/mersinkadingazetesi.com\/index.php?rest_route=\/wp\/v2\/posts\/37067\/revisions\/37069"}],"wp:featuredmedia":[{"embeddable":true,"href":"https:\/\/mersinkadingazetesi.com\/index.php?rest_route=\/wp\/v2\/media\/37068"}],"wp:attachment":[{"href":"https:\/\/mersinkadingazetesi.com\/index.php?rest_route=%2Fwp%2Fv2%2Fmedia&parent=37067"}],"wp:term":[{"taxonomy":"category","embeddable":true,"href":"https:\/\/mersinkadingazetesi.com\/index.php?rest_route=%2Fwp%2Fv2%2Fcategories&post=37067"},{"taxonomy":"post_tag","embeddable":true,"href":"https:\/\/mersinkadingazetesi.com\/index.php?rest_route=%2Fwp%2Fv2%2Ftags&post=37067"}],"curies":[{"name":"wp","href":"https:\/\/api.w.org\/{rel}","templated":true}]}}