{"id":37070,"date":"2024-11-20T12:25:29","date_gmt":"2024-11-20T09:25:29","guid":{"rendered":"https:\/\/mersinkadingazetesi.com\/?p=37070"},"modified":"2024-11-20T12:25:29","modified_gmt":"2024-11-20T09:25:29","slug":"cocuklarin-ustun-yarari-gozetilerek-sorunlara-kalici-cozumler-uretilmelidir","status":"publish","type":"post","link":"https:\/\/mersinkadingazetesi.com\/?p=37070","title":{"rendered":"&#8220;\u00c7OCUKLARIN \u00dcST\u00dcN YARARI G\u00d6ZET\u0130LEREK SORUNLARA KALICI \u00c7\u00d6Z\u00dcMLER \u00dcRET\u0130LMEL\u0130D\u0130R&#8221;"},"content":{"rendered":"\n<p>Mersin Barosu y\u00f6netimi ve \u00c7ocuk Haklar\u0131 Merkezi, 20 Kas\u0131m D\u00fcnya \u00c7ocuk Haklar\u0131 G\u00fcn\u00fc nedeniyle bas\u0131n a\u00e7\u0131klamas\u0131 yapt\u0131. \u00c7ocuklar\u0131n siyaset ve menfaat \u00fcst\u00fc anlay\u0131\u015fla korunmas\u0131 gerekti\u011fini s\u00f6yleyen Mersin Barosu y\u00f6netim kurulu \u00fcyesi Av. \u00c7i\u011fdem Ata\u015f Er\u00e7olak, &#8220;Siyaset ve menfaat \u00fcst\u00fc bir anlay\u0131\u015fla \u00e7ocuklar\u0131n ya\u015famas\u0131, korunmas\u0131 i\u00e7in t\u00fcm d\u00fcnya \u00fclkelerinin harekete ge\u00e7mesi gerekiyor&#8221; dedi.<\/p>\n\n\n\n<p>&#8220;B\u0130RLE\u015eM\u0130\u015e M\u0130LLETLER \u00c7OCUK HAKLARINA DA\u0130R S\u00d6ZLE\u015eMES\u0130NE TARAF \u00dcLKELER R\u0130AYET ETM\u0130YOR&#8221;<\/p>\n\n\n\n<p>Mersin Barosu y\u00f6netim kurulu \u00fcyeleri, \u00c7ocuk Haklar\u0131 Merkezi ve avukatlar\u0131n kat\u0131l\u0131m\u0131yla Mersin Barosu avukatlar odas\u0131nda yap\u0131lan bas\u0131n a\u00e7\u0131klamas\u0131nda konu\u015fma yapan, Mersin Barosu y\u00f6netim kurulu \u00fcyesi Av. \u00c7i\u011fdem Ata\u015f Er\u00e7olak,&nbsp;\u00fclkemizde ve d\u00fcnya ya\u015fanan \u00e7ocuk haklar\u0131 ihlallerine de\u011finerek, &#8220;Birle\u015fmi\u015f Milletler \u00c7ocuk Haklar\u0131na Dair S\u00f6zle\u015fme&#8217;nin, Birle\u015fmi\u015f Milletler Genel Kurulu&#8217;nca 20 Kas\u0131m 1989 tarihinde kabul edilmesiyle; 20 Kas\u0131m, D\u00fcnya \u00c7ocuk Haklar\u0131 G\u00fcn\u00fc olarak ilan edilmi\u015ftir. Bug\u00fcn, s\u00f6zle\u015fmenin kabul edili\u015finin 35. y\u0131l\u0131n\u0131 kutluyoruz. T\u00fcrkiye&#8217;de kabul edilmesinin pe\u015fi s\u0131ra 1995 y\u0131l\u0131nda y\u00fcr\u00fcrl\u00fc\u011fe giren s\u00f6zle\u015fme; neredeyse t\u00fcm d\u00fcnya \u00fclkelerinin kabul etti\u011fi en geni\u015f kat\u0131l\u0131ml\u0131 enternasyonal s\u00f6zle\u015fme niteli\u011findedir. Bu s\u00f6zle\u015fme ile h\u00fck\u00fcm ve koruma alt\u0131na al\u0131nmak istenen \u00e7ocuk haklar\u0131na bir b\u00fct\u00fcn halde bak\u0131ld\u0131\u011f\u0131nda maalesef taraf \u00fclkelerce riayet edilemedi\u011fi, hak ihlallerinin ne yaz\u0131k ki t\u00fcm d\u00fcnyada artarak devam etti\u011fini g\u00f6rmekteyiz.<\/p>\n\n\n\n<p>&#8220;YEN\u0130 DO\u011eAN \u00c7OCUK \u00c7ETES\u0130 OLAYININ TAK\u0130P\u00c7\u0130S\u0130Y\u0130Z&#8221;<\/p>\n\n\n\n<p>\u0130lk olarak, ge\u00e7ti\u011fimiz g\u00fcnlerde yeni do\u011fan \u00e7ocuk \u00e7etesi olarak bilinen, can\u0131m\u0131z\u0131 emanet etti\u011fimiz doktor ve sa\u011fl\u0131k \u00e7al\u0131\u015fanlar\u0131 taraf\u0131ndan insanl\u0131k d\u0131\u015f\u0131, canice ger\u00e7ekle\u015ftirilen olay\u0131 bir kez daha lanetliyoruz. Bebeklerin canlar\u0131ndan para kazanan doktor ve sa\u011fl\u0131k \u00e7al\u0131\u015fanlar\u0131n\u0131n hi\u00e7bir cezai indirimden faydalanmadan hak etti\u011fi cezay\u0131 almas\u0131 i\u00e7in Mersin Barosu olarak, yasal s\u00fcrecin sonuna kadar takip\u00e7isi olaca\u011f\u0131m\u0131z\u0131 kamuoyuna bir kez daha hat\u0131rlat\u0131yoruz.<\/p>\n\n\n\n<p>&#8220;GAZZE&#8217;DE \u00c7OCUK HAKLARI \u0130HLAL\u0130 DEVAM ED\u0130YOR&#8221;<\/p>\n\n\n\n<p>Bilindi\u011fi \u00fczere, 7 Ekim 2023 tarihinden bu yana \u0130srail ile Filistin aras\u0131nda ya\u015fanan sald\u0131r\u0131lardan dolay\u0131 binlerce \u00e7ocuk \u00f6ld\u00fcr\u00fcld\u00fc, sakatland\u0131, a\u00e7 ve susuz b\u0131rak\u0131ld\u0131, \u00f6ks\u00fcz kald\u0131, sevdiklerinden, yerinden yurdundan ayr\u0131lmaya mecbur b\u0131rak\u0131ld\u0131 ve ne ac\u0131d\u0131r ki, bu durum hala devam ediyor. Gazze binlerce \u00e7ocu\u011fun mezar\u0131 ve orada bulunan herkes i\u00e7in de cehennem haline geldi. \u00c7ocuklara y\u00f6nelik tehditler sadece bomba ve havan toplar\u0131yla da s\u0131n\u0131rl\u0131 de\u011fil, ayn\u0131 zamanda milyonlarca \u00e7ocuk i\u00e7ecek temiz bir su bile bulam\u0131yor. Bu \u00e7ocuklar\u0131n ya\u015fad\u0131\u011f\u0131 travmalar nedeniyle, \u00e7at\u0131\u015fma sona erse dahi, y\u0131llar boyu s\u00fcrecek bir ruh sa\u011fl\u0131\u011f\u0131 ve psikososyal deste\u011fe ihtiya\u00e7lar\u0131 olacak. Bu do\u011frultuda siyaset ve menfaat \u00fcst\u00fc bir anlay\u0131\u015fla \u00e7ocuklar\u0131n ya\u015famas\u0131, korunmas\u0131 i\u00e7in t\u00fcm d\u00fcnya \u00fclkelerinin harekete ge\u00e7mesi gerekiyor&#8221; ifadesini kulland\u0131.<\/p>\n\n\n\n<p>&#8220;A\u0130LE \u0130\u00c7\u0130NDE OLAN, A\u0130LE \u0130\u00c7\u0130NDE KALIR MANTI\u011eINDAN UZAKLA\u015eILMASINI D\u0130L\u0130YORUZ&#8221;<\/p>\n\n\n\n<p>\u00dclkemizde son derece vahim bir \u015fekilde artan \u00e7ocuk istismar ve cinayetlerini sonsuz bir \u00f6fke ve deh\u015fet i\u00e7erisinde \u00f6\u011frendiklerini ifade eden Er\u00e7olak, &#8220;Hen\u00fcz bir \u00e7ocu\u011fumuzun ac\u0131s\u0131n\u0131n sars\u0131nt\u0131s\u0131n\u0131 atlatamam\u0131\u015fken, her yeni g\u00fcn yeni bir vah\u015fet \u00f6\u011frenmeye dayanam\u0131yoruz. A\u011fr\u0131&#8217;da Leyla, Mersin&#8217;de M\u00fcsl\u00fcme, Diyarbak\u0131r&#8217;da Narin, Tekirda\u011f&#8217;da S\u0131la, \u0130stanbul&#8217;da \u015eirin. \u00dclkenin d\u00f6rt bir yan\u0131ndan gelen bu ac\u0131 haberlerin son bulmas\u0131n\u0131, \u00e7ocuklar\u0131n maruz kald\u0131\u011f\u0131 fiziksel, cinsel istismar ve ihmale kar\u015f\u0131 kendilerini nas\u0131l savunabileceklerinin etkin bir bi\u00e7imde \u00f6\u011fretilmesini, &#8220;Aile kutsald\u0131r.&#8221; \u0130lkesinin hi\u00e7bir \u015fekilde istismar olaylar\u0131nda uygulanmaks\u0131z\u0131n, &#8220;Aile i\u00e7inde olan aile i\u00e7inde kal\u0131r&#8221; mant\u0131\u011f\u0131ndan uzakla\u015f\u0131lmas\u0131n\u0131, ya\u015fanan olaylarda faillerin en a\u011f\u0131r cezayla cezaland\u0131r\u0131larak cayd\u0131r\u0131c\u0131l\u0131\u011f\u0131n artt\u0131r\u0131lmas\u0131n\u0131 g\u00f6n\u00fclden diliyoruz.<\/p>\n\n\n\n<p>&#8220;\u00c7OCUKLARIN \u00dcST\u00dcN YARARI G\u00d6ZET\u0130LEREK SORUNLARA KALICI \u00c7\u00d6Z\u00dcMLER \u00dcRET\u0130LMEL\u0130D\u0130R&#8221;<\/p>\n\n\n\n<p>D\u00fcnya \u00c7ocuk Haklar\u0131 G\u00fcn\u00fc olarak \u015fenliklerle, \u00e7e\u015fitli e\u011flencelerle kutlamam\u0131z gereken bug\u00fcnde, \u00e7ocuklar\u0131n en temel, en do\u011fal hakk\u0131 olan ya\u015fama hakk\u0131 i\u00e7in bu konu\u015fmay\u0131 yapmak zorunda oldu\u011fumuz i\u00e7in tarifsiz bir \u00fcz\u00fcnt\u00fc i\u00e7erisindeyiz. \u00c7ocuklar\u0131n daha sa\u011fl\u0131kl\u0131 ve geli\u015fimlerine uygun bir ya\u015fam s\u00fcrd\u00fcrmeleri i\u00e7in ger\u00e7ek\/t\u00fczel ki\u015filerin her birinin siyaset \u00fcst\u00fc bir anlay\u0131\u015fla meseleye bakmalar\u0131 ve \u00e7ocuklar\u0131n maruz kalm\u0131\u015f olduklar\u0131 sorunlara \u00e7ocuklar\u0131n \u00fcst\u00fcn yarar\u0131n\u0131 g\u00f6zeterek kal\u0131c\u0131 \u00e7\u00f6z\u00fcmler \u00fcretmeye \u00e7al\u0131\u015fmalar\u0131 gerekmektedir.<\/p>\n\n\n\n<p>&#8220;\u00c7OCUK KATILIMLI POL\u0130T\u0130KALAR GEL\u0130\u015eT\u0130R\u0130LMEL\u0130&#8221;<\/p>\n\n\n\n<p>Mersin Barosu \u00c7ocuk Haklar\u0131 Merkezi olarak; \u00e7ocuklar\u0131n u\u011frad\u0131\u011f\u0131 her t\u00fcrl\u00fc ihlal, \u015fiddet, ihmal ve istismar\u0131n takip\u00e7isi olarak t\u00fcm d\u00fcnya \u00fclkeleri, devlet organlar\u0131, siyasi erk ve sivil toplum kurulu\u015flar\u0131 ve inisiyatiflere \u00e7ocuk hak ihlalleri kar\u015f\u0131s\u0131nda y\u00fck\u00fcml\u00fcl\u00fcklerini defaatle hat\u0131rlat\u0131yor, \u00e7ocuk kat\u0131l\u0131ml\u0131 politikalar\u0131n geli\u015ftirilmesi noktas\u0131nda yap\u0131lacak \u00e7al\u0131\u015fmalarla; \u00e7ocuklar\u0131m\u0131z\u0131n bedensel, ruhsal geli\u015fimlerini sa\u011fl\u0131kl\u0131 \u015fekilde tamamlad\u0131klar\u0131, \u00e7ocukluklar\u0131n\u0131 doya doya ya\u015fayabildikleri ve elbette \u00fcst\u00fcn yararlar\u0131n\u0131n esas al\u0131nd\u0131\u011f\u0131, sa\u011fl\u0131kl\u0131, fiziksel veya ruhsal olarak ac\u0131 \u00e7ekmeyen, hayat\u0131n gerisinde kalmayan \u00e7ocuklar\u0131n ya\u015fayaca\u011f\u0131 bar\u0131\u015f ve huzur dolu bir \u00fclke ve d\u00fcnya temennisiyle; BM \u00c7ocuk Haklar\u0131 S\u00f6zle\u015fmesi&#8217;nin kabul\u00fcn\u00fcn 35. y\u0131l\u0131nda b\u00fct\u00fcn d\u00fcnya \u00e7ocuklar\u0131n\u0131n hak g\u00fcn\u00fcn\u00fc kutluyor, her daim yanlar\u0131nda oldu\u011fumuzu bir kez daha vurguluyoruz. S\u00f6zlerimizi her zaman oldu\u011fu gibi Ulu \u00d6nderimiz Mustafa Kemal Atat\u00fcrk&#8217;\u00fcn \u015fu s\u00f6zleriyle bitirmek istiyoruz. &#8220;\u00c7ocuklar gelece\u011fimizin g\u00fcvencesi, ya\u015fama sevincimizdir. Bug\u00fcn\u00fcn \u00e7ocu\u011funu yar\u0131n\u0131n b\u00fcy\u00fc\u011f\u00fc olarak yeti\u015ftirmek hepimizin insanl\u0131k g\u00f6revidir&#8221;. D\u00fcnya \u00c7ocuk Haklar\u0131 G\u00fcn\u00fcm\u00fcz kutlu olsun&#8221; diye konu\u015ftu.<\/p>\n","protected":false},"excerpt":{"rendered":"<p>Mersin Barosu y\u00f6netimi ve \u00c7ocuk Haklar\u0131 Merkezi, 20 Kas\u0131m D\u00fcnya \u00c7ocuk Haklar\u0131 G\u00fcn\u00fc nedeniyle bas\u0131n a\u00e7\u0131klamas\u0131 yapt\u0131. \u00c7ocuklar\u0131n siyaset ve menfaat \u00fcst\u00fc anlay\u0131\u015fla korunmas\u0131 gerekti\u011fini s\u00f6yleyen Mersin Barosu y\u00f6netim kurulu \u00fcyesi Av. \u00c7i\u011fdem Ata\u015f Er\u00e7olak, &#8220;Siyaset ve menfaat \u00fcst\u00fc bir anlay\u0131\u015fla \u00e7ocuklar\u0131n ya\u015famas\u0131, korunmas\u0131 i\u00e7in t\u00fcm d\u00fcnya \u00fclkelerinin harekete ge\u00e7mesi gerekiyor&#8221; dedi. &#8220;B\u0130RLE\u015eM\u0130\u015e M\u0130LLETLER \u00c7OCUK [&hellip;]<\/p>\n","protected":false},"author":2,"featured_media":37071,"comment_status":"closed","ping_status":"closed","sticky":false,"template":"","format":"standard","meta":{"footnotes":""},"categories":[34,3],"tags":[],"class_list":["post-37070","post","type-post","status-publish","format-standard","has-post-thumbnail","hentry","category-flas-haber","category-manset"],"views":5,"_links":{"self":[{"href":"https:\/\/mersinkadingazetesi.com\/index.php?rest_route=\/wp\/v2\/posts\/37070"}],"collection":[{"href":"https:\/\/mersinkadingazetesi.com\/index.php?rest_route=\/wp\/v2\/posts"}],"about":[{"href":"https:\/\/mersinkadingazetesi.com\/index.php?rest_route=\/wp\/v2\/types\/post"}],"author":[{"embeddable":true,"href":"https:\/\/mersinkadingazetesi.com\/index.php?rest_route=\/wp\/v2\/users\/2"}],"replies":[{"embeddable":true,"href":"https:\/\/mersinkadingazetesi.com\/index.php?rest_route=%2Fwp%2Fv2%2Fcomments&post=37070"}],"version-history":[{"count":1,"href":"https:\/\/mersinkadingazetesi.com\/index.php?rest_route=\/wp\/v2\/posts\/37070\/revisions"}],"predecessor-version":[{"id":37072,"href":"https:\/\/mersinkadingazetesi.com\/index.php?rest_route=\/wp\/v2\/posts\/37070\/revisions\/37072"}],"wp:featuredmedia":[{"embeddable":true,"href":"https:\/\/mersinkadingazetesi.com\/index.php?rest_route=\/wp\/v2\/media\/37071"}],"wp:attachment":[{"href":"https:\/\/mersinkadingazetesi.com\/index.php?rest_route=%2Fwp%2Fv2%2Fmedia&parent=37070"}],"wp:term":[{"taxonomy":"category","embeddable":true,"href":"https:\/\/mersinkadingazetesi.com\/index.php?rest_route=%2Fwp%2Fv2%2Fcategories&post=37070"},{"taxonomy":"post_tag","embeddable":true,"href":"https:\/\/mersinkadingazetesi.com\/index.php?rest_route=%2Fwp%2Fv2%2Ftags&post=37070"}],"curies":[{"name":"wp","href":"https:\/\/api.w.org\/{rel}","templated":true}]}}