{"id":37073,"date":"2024-11-20T13:10:23","date_gmt":"2024-11-20T10:10:23","guid":{"rendered":"https:\/\/mersinkadingazetesi.com\/?p=37073"},"modified":"2024-11-20T13:10:24","modified_gmt":"2024-11-20T10:10:24","slug":"milletvekili-uysal-saglik-bakanligi-2025-yili-butce-gorusmelerinde-konustu","status":"publish","type":"post","link":"https:\/\/mersinkadingazetesi.com\/?p=37073","title":{"rendered":"M\u0130LLETVEK\u0130L\u0130 UYSAL, SA\u011eLIK BAKANLI\u011eI 2025 YILI B\u00dcT\u00c7E G\u00d6R\u00dc\u015eMELER\u0130NDE KONU\u015eTU"},"content":{"rendered":"\n<p>Milliyet\u00e7i Hareket Partisi Mersin Milletvekili ve MYK \u00dcyesi Dr. Levent Uysal Sa\u011fl\u0131k Bakanl\u0131\u011f\u0131 2025 b\u00fct\u00e7e g\u00f6r\u00fc\u015fmelerinde konu\u015ftu. Milletvekili Uysal, uyu\u015fturucuyla m\u00fccadele noktas\u0131nda Mersin\u2019e ya\u015fam k\u00f6ylerinin kurulmas\u0131n\u0131 talep etti.<\/p>\n\n\n\n<p>T\u00fcrkiye B\u00fcy\u00fck Millet Meclisi Plan ve B\u00fct\u00e7e Komisyonunda, Sa\u011fl\u0131k Bakanl\u0131\u011f\u0131n\u0131n 2025 y\u0131l\u0131 b\u00fct\u00e7e g\u00f6r\u00fc\u015fmeleri s\u00fcr\u00fcyor.<\/p>\n\n\n\n<p>Milliyet\u00e7i Hareket Partisi Mersin Milletvekili Dr. Levent Uysal Mersin\u2019in sa\u011fl\u0131k turizmi a\u00e7\u0131s\u0131ndan her ge\u00e7en y\u0131l geli\u015fen bir kent oldu\u011funu vurgulad\u0131. Uysal, Mersin\u2019deki sa\u011fl\u0131k kurulu\u015flar\u0131na y\u0131lda 21 milyon kez ba\u015fvuru yap\u0131ld\u0131\u011f\u0131n\u0131 da payla\u015farak<strong> \u201cMersin ve il\u00e7elerimizde 1 \u00fcniversite, 14 Kamu, 15 \u00d6zel olmak \u00fczere 30 hastane ve 28 t\u0131p merkezi bulunmakla birlikte 20 bin sa\u011fl\u0131k personelimiz \u00e7al\u0131\u015fmaktad\u0131r. Bu sa\u011fl\u0131k kurulu\u015flar\u0131m\u0131za y\u0131lda 21 Milyon kez ba\u015fvuru yap\u0131lm\u0131\u015ft\u0131r. Ayr\u0131ca 270 bin hasta yatarak tedavi alm\u0131\u015f, 125 bin hastan\u0131n ameliyat\u0131 ger\u00e7ekle\u015ftirilmi\u015ftir. Mersin\u2019imizi sa\u011fl\u0131k \u00fcss\u00fc bir \u015fehir yapma noktas\u0131nda verdi\u011finiz destekler i\u00e7in te\u015fekk\u00fcr ediyoruz.\u201d<\/strong> \u015feklinde konu\u015ftu.<\/p>\n\n\n\n<p><strong>\u201c\u015eEH\u0130R HASTANEM\u0130ZE EK MR C\u0130HAZI \u0130ST\u0130YORUZ\u201d<\/strong><\/p>\n\n\n\n<p>T\u00fcrkiye\u2019nin ilk \u015fehir hastanesi olma \u00f6zelli\u011fi ta\u015f\u0131yan Mersin \u015eehir E\u011fitim ve Ara\u015ft\u0131rma Hastanesinin Mersin ba\u015fta olmak \u00fczere b\u00f6lgeye, sa\u011fl\u0131k sekt\u00f6r\u00fc a\u00e7\u0131s\u0131ndan b\u00fcy\u00fck katk\u0131 sundu\u011funu belirten Milletvekili Uysal hastaneye ek MR cihaz\u0131 talep etti. Mersin Milletvekili Uysal <strong>\u201c\u00dclkemizin ilk \u015fehir hastanesi olan Mersin \u015eehir Hastanesi 1.700 yatak 50 ameliyathanesi ile b\u00f6lgenin en etkin sa\u011fl\u0131k kurulu\u015fudur. Sundu\u011fumuz sa\u011fl\u0131k hizmetlerinin say\u0131 ve kalitesini art\u0131rmak i\u00e7in Mersin \u015fehir hastanemize ek MR cihaz\u0131 talep ediyoruz.\u201d<\/strong> dedi.<\/p>\n\n\n\n<p><strong>G\u00dcLNAR, S\u0130L\u0130FKE VE MUT DEVLET HASTANELER\u0130NE EK B\u0130NA TALEB\u0130 SA\u011eLIK BAKANI MEM\u0130\u015eO\u011eLU\u2019NA \u0130LET\u0130LD\u0130<\/strong><\/p>\n\n\n\n<p><strong>M\u0130LLETVEK\u0130L\u0130 UYSAL ANAMUR\u2019A A\u011eIZ VE D\u0130\u015e SA\u011eLI\u011eI MERKEZ\u0130 KURULMASINI \u0130STED\u0130<\/strong><\/p>\n\n\n\n<p>Milletvekili Uysal G\u00fclnar, Mut ve Silifke Devlet Hastanelerine ek bina yap\u0131m\u0131 ve Anamur il\u00e7esine a\u011f\u0131z ve di\u015f sa\u011fl\u0131\u011f\u0131 merkezi kurulmas\u0131n\u0131 istediklerini Sa\u011fl\u0131k Bakan\u0131 Prof. Dr. Kemal Memi\u015fo\u011flu\u2019na iletti. Mersin Milletvekili Uysal <strong>\u201cG\u00fclnar, Mut ve Silifke Devlet Hastanelerimize ek bina yap\u0131lmas\u0131 il\u00e7elerimizin sa\u011fl\u0131k ihtiya\u00e7lar\u0131n\u0131 daha \u00e7ok kar\u015f\u0131layacak ve farkl\u0131 bran\u015flar hizmet vermeye ba\u015flayacak. Anamur il\u00e7emize ise a\u011f\u0131z ve di\u015f sa\u011fl\u0131\u011f\u0131 merkezimizin kurulmas\u0131n\u0131 sizden istiyoruz Say\u0131n Bakan\u0131m.\u201d<\/strong> a\u00e7\u0131klamas\u0131nda bulundu.<\/p>\n\n\n\n<p><strong>MHP MERS\u0130N M\u0130LLETVEK\u0130L\u0130 UYSAL\u2019DAN MERS\u0130N\u2019E \u201cYA\u015eAM K\u00d6YLER\u0130\u201d KURULMASI TALEB\u0130<\/strong><\/p>\n\n\n\n<p>Uyu\u015fturucu ile M\u00fccadele Eden Aileler Derne\u011fi\u2019nin <strong>\u201cMersin Ya\u015fam K\u00f6yleri\u201d<\/strong> kurulmas\u0131 talebini de Bakan Memi\u015fo\u011flu ile payla\u015fan Milliyet\u00e7i Hareket Partisi Mersin Milletvekili Dr. Levent Uysal <strong>\u201cUyu\u015fturucuyla m\u00fccadele konusunda \u00fclkemiz genelinde AMATEM\u2019lerimiz (Alkol ve Uyu\u015fturucu Madde Ba\u011f\u0131ml\u0131lar\u0131 Tedavi ve Ara\u015ft\u0131rma Merkezi) yo\u011fun ve etkin \u015fekilde hastalar\u0131n tedavisini sa\u011fl\u0131yor. Bize gelen taleplerimizden birisi de Mersin\u2019imize ya\u015fam k\u00f6yleri kurulmas\u0131d\u0131r. Say\u0131n Bakan\u0131m bu konuda destekleriniz bizim i\u00e7in \u00e7ok k\u0131ymetli olacakt\u0131r.\u201d<\/strong> ifadelerine yer verdi.<\/p>\n\n\n\n<p><strong>MHP MERS\u0130N M\u0130LLETVEK\u0130L\u0130 UYSAL OT\u0130ZML\u0130 B\u0130REYLER \u0130\u00c7\u0130N KAMU HASTANELER\u0130NE AC\u0130L \u00c7A\u011eRI EK\u0130B\u0130 KURULMASINI \u0130STED\u0130<\/strong><\/p>\n\n\n\n<p>Otizmli \u00f6zel bireylerin ihtiya\u00e7lar\u0131n\u0131 da aktaran Milletvekili Uysal <strong>\u201cOtizmli bireylerimizin aileleri kamu hastanelerimizde acil \u00e7a\u011fr\u0131 ekibi ve yat\u0131l\u0131 birimlerin olu\u015fturulmas\u0131n\u0131 istiyorlar. Onlar\u0131n her biri bizim i\u00e7in \u00e7ok k\u0131ymetli ve hayatlar\u0131n\u0131 kolayla\u015ft\u0131rmak i\u00e7in daha \u00e7ok \u00e7al\u0131\u015faca\u011f\u0131z. Sa\u011fl\u0131k Bakanl\u0131\u011f\u0131m\u0131z\u0131n \u00f6zel bireylerimize sa\u011flad\u0131klar\u0131 yararlar\u0131n artarak devam etmesi bize mutluluk verir.\u201d<\/strong> dedi.<\/p>\n\n\n\n<p>Son olarak Tip-1 diyabetli \u00e7ocuklar\u0131 da g\u00fcndemine alan Uysal <strong>\u201cTip-1 Diyabetli \u00e7ocuklar\u0131m\u0131z\u0131n kulland\u0131klar\u0131 \u201cDiyabet Sens\u00f6rleri ve \u0130ns\u00fclin Pompalar\u0131n\u0131n\u201d geri \u00f6deme y\u00f6ntemiyle SGK taraf\u0131ndan kar\u015f\u0131lanmas\u0131n\u0131 talep ediyoruz.\u201d<\/strong> s\u00f6zleriyle konu\u015fmas\u0131n\u0131 noktalad\u0131.<\/p>\n","protected":false},"excerpt":{"rendered":"<p>Milliyet\u00e7i Hareket Partisi Mersin Milletvekili ve MYK \u00dcyesi Dr. Levent Uysal Sa\u011fl\u0131k Bakanl\u0131\u011f\u0131 2025 b\u00fct\u00e7e g\u00f6r\u00fc\u015fmelerinde konu\u015ftu. Milletvekili Uysal, uyu\u015fturucuyla m\u00fccadele noktas\u0131nda Mersin\u2019e ya\u015fam k\u00f6ylerinin kurulmas\u0131n\u0131 talep etti. T\u00fcrkiye B\u00fcy\u00fck Millet Meclisi Plan ve B\u00fct\u00e7e Komisyonunda, Sa\u011fl\u0131k Bakanl\u0131\u011f\u0131n\u0131n 2025 y\u0131l\u0131 b\u00fct\u00e7e g\u00f6r\u00fc\u015fmeleri s\u00fcr\u00fcyor. Milliyet\u00e7i Hareket Partisi Mersin Milletvekili Dr. Levent Uysal Mersin\u2019in sa\u011fl\u0131k turizmi a\u00e7\u0131s\u0131ndan [&hellip;]<\/p>\n","protected":false},"author":2,"featured_media":37074,"comment_status":"closed","ping_status":"closed","sticky":false,"template":"","format":"standard","meta":{"footnotes":""},"categories":[3,9,6],"tags":[],"class_list":["post-37073","post","type-post","status-publish","format-standard","has-post-thumbnail","hentry","category-manset","category-saglik","category-siyaset-2"],"views":8,"_links":{"self":[{"href":"https:\/\/mersinkadingazetesi.com\/index.php?rest_route=\/wp\/v2\/posts\/37073"}],"collection":[{"href":"https:\/\/mersinkadingazetesi.com\/index.php?rest_route=\/wp\/v2\/posts"}],"about":[{"href":"https:\/\/mersinkadingazetesi.com\/index.php?rest_route=\/wp\/v2\/types\/post"}],"author":[{"embeddable":true,"href":"https:\/\/mersinkadingazetesi.com\/index.php?rest_route=\/wp\/v2\/users\/2"}],"replies":[{"embeddable":true,"href":"https:\/\/mersinkadingazetesi.com\/index.php?rest_route=%2Fwp%2Fv2%2Fcomments&post=37073"}],"version-history":[{"count":1,"href":"https:\/\/mersinkadingazetesi.com\/index.php?rest_route=\/wp\/v2\/posts\/37073\/revisions"}],"predecessor-version":[{"id":37075,"href":"https:\/\/mersinkadingazetesi.com\/index.php?rest_route=\/wp\/v2\/posts\/37073\/revisions\/37075"}],"wp:featuredmedia":[{"embeddable":true,"href":"https:\/\/mersinkadingazetesi.com\/index.php?rest_route=\/wp\/v2\/media\/37074"}],"wp:attachment":[{"href":"https:\/\/mersinkadingazetesi.com\/index.php?rest_route=%2Fwp%2Fv2%2Fmedia&parent=37073"}],"wp:term":[{"taxonomy":"category","embeddable":true,"href":"https:\/\/mersinkadingazetesi.com\/index.php?rest_route=%2Fwp%2Fv2%2Fcategories&post=37073"},{"taxonomy":"post_tag","embeddable":true,"href":"https:\/\/mersinkadingazetesi.com\/index.php?rest_route=%2Fwp%2Fv2%2Ftags&post=37073"}],"curies":[{"name":"wp","href":"https:\/\/api.w.org\/{rel}","templated":true}]}}