{"id":37076,"date":"2024-11-20T13:36:24","date_gmt":"2024-11-20T10:36:24","guid":{"rendered":"https:\/\/mersinkadingazetesi.com\/?p=37076"},"modified":"2024-11-20T13:36:25","modified_gmt":"2024-11-20T10:36:25","slug":"mersin-ekonomi-zirvesi-calistay-serisi-sanayi-ve-teknolojiyle-basladi","status":"publish","type":"post","link":"https:\/\/mersinkadingazetesi.com\/?p=37076","title":{"rendered":"Mersin Ekonomi Zirvesi \u00c7al\u0131\u015ftay serisi sanayi ve teknolojiyle ba\u015flad\u0131"},"content":{"rendered":"\n<p>Ticaret Bakanl\u0131\u011f\u0131 himayesi Mersin Valili\u011fi koordinasyonunda, Mersin Ticaret ve Sanayi Odas\u0131 (MTSO) ile Mersin Ekonomi Platformu (MEP) organizasyonunda, Mersin Ticaret Borsas\u0131, Mersin Deniz Ticaret Odas\u0131, Akdeniz \u0130hracat\u00e7\u0131 Birlikleri ve \u00c7ukurova Kalk\u0131nma Ajans\u0131 i\u015fbirli\u011finde ger\u00e7ekle\u015fecek Mersin Ekonomi Zirvesi haz\u0131rl\u0131klar\u0131na arama konferanslar\u0131yla devam edildi. 19-23 Kas\u0131m g\u00fcnleri aras\u0131n\u0131 kapsayacak arama konferanslar\u0131 serisinin ilki sanayi ve teknoloji alan\u0131nda d\u00fczenlendi. MTSO Y\u00f6netim Kurulu Ba\u015fkan\u0131 Hakan Sefa \u00c7ak\u0131r, Y\u00f6netim Kurulu Sayman \u00dcyesi Alpay Seyhan, Y\u00f6netim Kurulu \u00dcyeleri \u0130dris \u00dcstemel, \u0130stiklal Ko\u00e7yi\u011fit ve Komite \u00dcyelerinin de kat\u0131ld\u0131\u011f\u0131 zirvede Mersin Vali Yard\u0131mc\u0131s\u0131 \u0130rfan Demir\u00f6z, MEP Ba\u015fkan\u0131 Servet \u00d6zkaya, Mersin Ticaret \u0130l M\u00fcd\u00fcr\u00fc Ferhat S\u00fcmer, Mersin Sanayi \u0130l M\u00fcd\u00fcr\u00fc Hasan G\u00fcl, KOSGEB, Mersin Teknopark, \u00c7KA yetkilileri, sanayiciler ve akademisyenler bir araya geldi.<\/p>\n\n\n\n<p>\u201cSanayinin sorun ve talepleri de\u011ferlendirildi\u201d<br>Mersin \u00dcniversitesi M\u00fchendislik Fak\u00fcltesi \u00d6\u011fretim \u00dcyesi Prof. Dr. Mustafa Ta\u015fk\u0131n\u2019\u0131n moderat\u00f6rl\u00fc\u011f\u00fcndeki etkinlikte Sanayi ve Teknoloji Bakanl\u0131\u011f\u0131 ve ba\u011fl\u0131 kurumlar\u0131n b\u00fcrokratlar\u0131 da haz\u0131r bulunarak talepleri ilk a\u011f\u0131zdan dinledi. Kurum ve kurulu\u015flar\u0131n mevcut durumu \u00f6zetlemesi, sorunlar\u0131 \u00e7\u00f6z\u00fcm \u00f6nerileriyle birlikte ortaya koymas\u0131 sonras\u0131nda ge\u00e7mi\u015f d\u00f6nemlerde yap\u0131lan arama konferanslar\u0131nda tespit edilen sorunlar ve \u00f6nerilerden olu\u015fan 45 maddelik rapor kat\u0131l\u0131mc\u0131larla payla\u015f\u0131ld\u0131. Kat\u0131l\u0131mc\u0131lar\u0131n gerek bu maddelerden gerekse kendi tespitlerinden \u00f6ncelikli 10 madde belirlemesi talep edildi. Sorunlar\u0131n \u00f6nceliklendirilip \u00e7\u00f6z\u00fcm \u00f6nerilerinin tart\u0131\u015f\u0131lmas\u0131 sonras\u0131 toplant\u0131 vizyon projelerinin belirlenip yap\u0131lan genel de\u011ferlendirmelerle son buldu. Sonu\u00e7lar rapor haline getirilip Ticaret Bakanl\u0131\u011f\u0131 koordinesinde ilgili bakanl\u0131k yetkilileriyle payla\u015f\u0131lacak. Toplant\u0131da planl\u0131 yat\u0131r\u0131m arazisine eri\u015fimde ya\u015fanan k\u0131s\u0131tlardan sanayi \u00fcretim alanlar\u0131n\u0131n altyap\u0131 ihtiya\u00e7lar\u0131na, Ula\u015ft\u0131rma altyap\u0131s\u0131 ve lojistik ihtiya\u00e7lardan firmalar\u0131n kurumsalla\u015fmas\u0131na y\u00f6nelik ihtiya\u00e7lara, finansa eri\u015fim ve maliyetlerden kalifiye personel ihtiyac\u0131na kadar bir\u00e7ok konu de\u011ferlendirildi.<\/p>\n\n\n\n<p>\u00c7ak\u0131r: \u201cSanayide \u00f6nceliklerimizi belirlemeliyiz\u201d<br>Toplant\u0131n\u0131n a\u00e7\u0131l\u0131\u015f\u0131nda konu\u015fan MTSO Y\u00f6netim Kurulu Ba\u015fkan\u0131 Hakan Sefa \u00c7ak\u0131r, Sanayinin Mersin\u2019de h\u0131zla b\u00fcy\u00fcyen ve katma de\u011feri art\u0131r\u0131lmas\u0131 istenen \u00f6nemli bir sekt\u00f6r oldu\u011funu s\u00f6yledi. Herkesin bu konuda ortaya koyaca\u011f\u0131 bir sorun ve \u00e7\u00f6z\u00fcm fikri bulundu\u011funu belirten \u00c7ak\u0131r, \u201cBu sorunlar\u0131 tek bir yerde toplamak i\u00e7in bir araya geldik. Bundan sonra olu\u015fturaca\u011f\u0131m\u0131z ortak raporla ayn\u0131 dili konu\u015faca\u011f\u0131z. Her konuyu hem buradan hem Ankara\u2019dan takip edecek muhataplar\u0131 belirleyece\u011fiz. Sorunlar\u0131n \u00e7\u00f6z\u00fcm\u00fc i\u00e7in hep birlikte u\u011fra\u015f\u0131p pe\u015fini b\u0131rakmayaca\u011f\u0131z\u201d dedi.<br>Mersin\u2019in sanayide \u00f6nceliklerini belirlemesi gerekti\u011fine de de\u011finen \u00c7ak\u0131r, sanayi parsellerinin s\u0131n\u0131rl\u0131 oldu\u011funu hat\u0131rlat\u0131p do\u011fru planlanmas\u0131n\u0131n \u00f6nemini vurgulad\u0131. \u201cArazilerimiz \u00e7ok k\u0131ymetli ve g\u00fcnden g\u00fcne b\u00fcy\u00fcm\u00fcyor, k\u00fc\u00e7\u00fcl\u00fcyor\u201d diyen \u00c7ak\u0131r, \u201cSanayi Bakanl\u0131\u011f\u0131m\u0131zla temas halinde Mersin\u2019i do\u011fru planlamada pilot il haline getirebiliriz. Yeter ki ne istedi\u011fimize karar verelim. Ard\u0131ndan \u00fcniversitemizle g\u00f6r\u00fc\u015f\u00fcp bu talebimize uygun m\u00fchendisler yeti\u015fmesini sa\u011flay\u0131p yat\u0131r\u0131mc\u0131y\u0131 b\u00f6yle arazimiz b\u00f6yle yeti\u015fmi\u015f personelimiz var diyerek davet edebiliriz\u201d ifadelerini kulland\u0131.<\/p>\n","protected":false},"excerpt":{"rendered":"<p>Ticaret Bakanl\u0131\u011f\u0131 himayesi Mersin Valili\u011fi koordinasyonunda, Mersin Ticaret ve Sanayi Odas\u0131 (MTSO) ile Mersin Ekonomi Platformu (MEP) organizasyonunda, Mersin Ticaret Borsas\u0131, Mersin Deniz Ticaret Odas\u0131, Akdeniz \u0130hracat\u00e7\u0131 Birlikleri ve \u00c7ukurova Kalk\u0131nma Ajans\u0131 i\u015fbirli\u011finde ger\u00e7ekle\u015fecek Mersin Ekonomi Zirvesi haz\u0131rl\u0131klar\u0131na arama konferanslar\u0131yla devam edildi. 19-23 Kas\u0131m g\u00fcnleri aras\u0131n\u0131 kapsayacak arama konferanslar\u0131 serisinin ilki sanayi ve teknoloji alan\u0131nda [&hellip;]<\/p>\n","protected":false},"author":2,"featured_media":37077,"comment_status":"closed","ping_status":"closed","sticky":false,"template":"","format":"standard","meta":{"footnotes":""},"categories":[3],"tags":[],"class_list":["post-37076","post","type-post","status-publish","format-standard","has-post-thumbnail","hentry","category-manset"],"views":3,"_links":{"self":[{"href":"https:\/\/mersinkadingazetesi.com\/index.php?rest_route=\/wp\/v2\/posts\/37076"}],"collection":[{"href":"https:\/\/mersinkadingazetesi.com\/index.php?rest_route=\/wp\/v2\/posts"}],"about":[{"href":"https:\/\/mersinkadingazetesi.com\/index.php?rest_route=\/wp\/v2\/types\/post"}],"author":[{"embeddable":true,"href":"https:\/\/mersinkadingazetesi.com\/index.php?rest_route=\/wp\/v2\/users\/2"}],"replies":[{"embeddable":true,"href":"https:\/\/mersinkadingazetesi.com\/index.php?rest_route=%2Fwp%2Fv2%2Fcomments&post=37076"}],"version-history":[{"count":1,"href":"https:\/\/mersinkadingazetesi.com\/index.php?rest_route=\/wp\/v2\/posts\/37076\/revisions"}],"predecessor-version":[{"id":37078,"href":"https:\/\/mersinkadingazetesi.com\/index.php?rest_route=\/wp\/v2\/posts\/37076\/revisions\/37078"}],"wp:featuredmedia":[{"embeddable":true,"href":"https:\/\/mersinkadingazetesi.com\/index.php?rest_route=\/wp\/v2\/media\/37077"}],"wp:attachment":[{"href":"https:\/\/mersinkadingazetesi.com\/index.php?rest_route=%2Fwp%2Fv2%2Fmedia&parent=37076"}],"wp:term":[{"taxonomy":"category","embeddable":true,"href":"https:\/\/mersinkadingazetesi.com\/index.php?rest_route=%2Fwp%2Fv2%2Fcategories&post=37076"},{"taxonomy":"post_tag","embeddable":true,"href":"https:\/\/mersinkadingazetesi.com\/index.php?rest_route=%2Fwp%2Fv2%2Ftags&post=37076"}],"curies":[{"name":"wp","href":"https:\/\/api.w.org\/{rel}","templated":true}]}}