{"id":37088,"date":"2024-11-21T10:58:42","date_gmt":"2024-11-21T07:58:42","guid":{"rendered":"https:\/\/mersinkadingazetesi.com\/?p=37088"},"modified":"2024-11-21T10:58:42","modified_gmt":"2024-11-21T07:58:42","slug":"buyuksehir-dunya-cocuk-haklari-gununde-bir-dizi-atolye-ve-etkinlik-duzenledi","status":"publish","type":"post","link":"https:\/\/mersinkadingazetesi.com\/?p=37088","title":{"rendered":"B\u00dcY\u00dcK\u015eEH\u0130R, &#8216;D\u00dcNYA \u00c7OCUK HAKLARI G\u00dcN\u00dc&#8217;NDE B\u0130R D\u0130Z\u0130 AT\u00d6LYE VE ETK\u0130NL\u0130K D\u00dcZENLED\u0130"},"content":{"rendered":"\n<p>Mersin B\u00fcy\u00fck\u015fehir Belediyesi; Birle\u015fmi\u015f Milletler (BM) taraf\u0131ndan d\u00fcnya genelinde \u00e7ocuklar\u0131n kar\u015f\u0131 kar\u015f\u0131ya kald\u0131\u011f\u0131 hak ihlallerine dikkat \u00e7ekmek i\u00e7in ilan etti\u011fi&nbsp;<strong>&#8217;20 Kas\u0131m D\u00fcnya \u00c7ocuk Haklar\u0131 G\u00fcn\u00fc&#8217;<\/strong>&nbsp;dolay\u0131s\u0131yla, \u00e7ocuklara y\u00f6nelik bir dizi etkinlik d\u00fczenledi. Kad\u0131n ve Aile Hizmetleri Dairesi Ba\u015fkanl\u0131\u011f\u0131 koordinesinde B\u00fcy\u00fck\u015fehir Belediyesi Nikah ve Etkinlik Salonu&#8217;nda ger\u00e7ekle\u015ftirilen etkinlikte, ilkokul \u00e7a\u011f\u0131ndaki y\u00fczlerce \u00e7ocuk dolu dolu bir g\u00fcn ge\u00e7irdi.<\/p>\n\n\n\n<p><strong>\u00c7ocuklar at\u00f6lye \u00e7al\u0131\u015fmalar\u0131nda e\u011flenirken \u00f6\u011frenmenin keyfini \u00e7\u0131kard\u0131<\/strong><\/p>\n\n\n\n<p>\u00c7ocuklar\u0131n e\u011flenirken \u00f6\u011frendi\u011fi etkinliklerde, g\u00fcn\u00fcn anlam ve \u00f6nemine ili\u015fkin bilgilendirmeler de yap\u0131ld\u0131. Drama, resim, tasar\u0131m, y\u00fcz boyama, su tasarrufu, sosyal beceri oyunlar\u0131, felsefe, mahremiyet ve g\u00fcvenli s\u0131n\u0131rlar at\u00f6lyeleri ile \u00e7ocuklar bir yandan h\u00fcnerlerini ve yarat\u0131c\u0131l\u0131klar\u0131n\u0131 sergileme imkan\u0131 bulurken, bir yandan da e\u011fitici at\u00f6lyeler sayesinde \u00e7ocuk haklar\u0131 ile ilgili fark\u0131ndal\u0131k geli\u015ftirdiler.<\/p>\n\n\n\n<p><strong>&#8216;Her \u00e7ocu\u011fun e\u015fit f\u0131rsatlara ve haklara sahip oldu\u011funa&#8217;<\/strong>&nbsp;vurgu yap\u0131lan etkinlikte, Prof. Dr. Halis Dokg\u00f6z&#8217;\u00fcn&nbsp;<strong>&#8216;\u00c7ocuk Haklar\u0131 Karikat\u00fcr Sergisi&#8217;&nbsp;<\/strong>de yer ald\u0131. Dokg\u00f6z etkinlikte; e\u011fitim, sa\u011fl\u0131k, \u00e7evre gibi pek \u00e7ok konuda \u00e7ocuklarla sohbet ederek, merak ettikleri sorular\u0131 yan\u0131tlad\u0131. Etkinlikte, MESK\u0130 ekipleri taraf\u0131ndan su ve su kaynaklar\u0131n\u0131n \u00f6nemine dikkat \u00e7ekmek i\u00e7in su analizi ve su deneyleri yap\u0131l\u0131rken; \u00e7ocuklara k\u00fcresel \u0131s\u0131nma, geri d\u00f6n\u00fc\u015f\u00fcm, \u00e7evre temizli\u011fi, yenilenebilir enerji ve ekosistemin \u00f6nemini anlatan kendi ya\u015f grubuna uygun kitaplar da\u011f\u0131t\u0131ld\u0131. G\u00fcn boyu s\u00fcren etkinliklerle bol bol dans edip g\u00f6n\u00fcllerince e\u011flenme f\u0131rsat\u0131 bulan \u00e7ocuklara pamuklu \u015feker, kurabiye, patlam\u0131\u015f m\u0131s\u0131r gibi sevilen tatl\u0131 ikraml\u0131klar da sunuldu.<\/p>\n\n\n\n<p><strong>Dursun: &#8220;\u00c7ocuklar haklar\u0131n\u0131 bildikleri zaman, sa\u011fl\u0131kl\u0131 birey olarak yeti\u015fmi\u015f oluyorlar&#8221;<\/strong><\/p>\n\n\n\n<p>B\u00fcy\u00fck\u015fehir Belediyesi Kad\u0131n ve Aile Hizmetleri Dairesi Ba\u015fkanl\u0131\u011f\u0131&#8217;nda g\u00f6rev yapan Psikolog Nazl\u0131 Cemre Dursun,&nbsp;<strong>&#8217;20 Kas\u0131m D\u00fcnya \u00c7ocuk Haklar\u0131 G\u00fcn\u00fc&#8217;<\/strong>&nbsp;kapsam\u0131nda \u00e7ocuklara y\u00f6nelik bir dizi at\u00f6lye ger\u00e7ekle\u015ftirdiklerini s\u00f6yleyerek,&nbsp;<strong>&#8220;G\u00fcn\u00fcm\u00fcz \u015fartlar\u0131nda \u00e7ocuklar\u0131n g\u00fcvenirli\u011fini sa\u011flamak, sosyal belediyecilik anlay\u0131\u015f\u0131 ile \u00e7ocuklara kendi haklar\u0131n\u0131 \u00f6\u011frenmesi; e\u011fitim, sa\u011fl\u0131k, ya\u015fam hakk\u0131n\u0131 ve en \u00f6nemlisi kendini ifade edebilme, \u00f6zg\u00fcrl\u00fck hakk\u0131n\u0131 sa\u011flayabilmesi ad\u0131na bu tarz e\u011fitimler verdik&#8221;<\/strong>&nbsp;dedi.E\u011fitimler sayesinde kendi haklar\u0131 ile ilgili fark\u0131ndal\u0131k geli\u015ftiren \u00e7ocuklar\u0131n hem topluma hem de \u00e7evreye daha duyarl\u0131 bireyler olarak yeti\u015fece\u011finin alt\u0131n\u0131 \u00e7izen Dursun,&nbsp;<strong>&#8220;Bu sorumluluklar\u0131 onlara \u00f6\u011fretmek de bizlere d\u00fc\u015f\u00fcyor. Mersin B\u00fcy\u00fck\u015fehir Belediyesi olarak, \u00e7ocuklar\u0131 ve aileleri \u00e7ok \u00f6nemsiyoruz. \u00c7ocuklar\u0131n kendi haklar\u0131n\u0131 bilmeleri, bizim temel g\u00f6revimiz. \u00c7ocuklar kendi haklar\u0131n\u0131 bildikleri zaman, bizler de sa\u011fl\u0131kl\u0131 bireyler yeti\u015ftirmi\u015f oluyoruz&#8221;<\/strong>&nbsp;\u015feklinde konu\u015ftu.<\/p>\n\n\n\n<p><strong>\u00c7ocuklar, kendi g\u00fcnlerini dopdolu programlarla kutlad\u0131<\/strong><\/p>\n\n\n\n<p>Etkinliklere kat\u0131lan 3. s\u0131n\u0131f \u00f6\u011frencilerinden Nuray Sahra, \u00e7ok g\u00fczel zaman ge\u00e7irdi\u011fini s\u00f6yleyerek,&nbsp;<strong>&#8220;Oyunlar oynad\u0131k. Resim yapt\u0131k. Pamuklu \u015feker, m\u0131s\u0131r da\u011f\u0131t\u0131ld\u0131. \u00c7ok g\u00fczel \u015fark\u0131lar e\u015fli\u011finde oynad\u0131k ve e\u011flendik. \u00c7ocuklar\u0131n okula gitmesi ve g\u00fczel bilgiler \u00f6\u011frenmesi gerekiyor&#8221;<\/strong>&nbsp;dedi.<\/p>\n\n\n\n<p>4. s\u0131n\u0131f \u00f6\u011frencisi S\u00fcmeyye Kele\u015f, &#8220;<strong>Oyunlar oynad\u0131k, dans ettik. Patlam\u0131\u015f m\u0131s\u0131r, kurabiye, pamuklu \u015feker yedik. Y\u00fcz boyama, ke\u00e7e boyama at\u00f6lyesi vard\u0131. \u00c7ok bilgilendirici bir g\u00fcn oldu&#8221;<\/strong>&nbsp;diye konu\u015ftu.<\/p>\n\n\n\n<p>3. s\u0131n\u0131f \u00f6\u011frencisi Bur\u00e7in Sena \u00dcnl\u00fc etkinliklerle ilgili;&nbsp;<strong>&#8220;Y\u00fcz\u00fcm\u00fc boyatt\u0131m. Bol bol ko\u015ftuk, oyun oynad\u0131k, dans ettik. Su tasarrufu, geri d\u00f6n\u00fc\u015f\u00fcm ve \u00e7evre ile ilgili kitaplar da\u011f\u0131tt\u0131lar. Bunlarla ilgili bilgilendirildik&#8221; derken, bir ba\u015fka \u00e7ocuk Elif Naz Ar ise, &#8220;\u00c7ok g\u00fczel zaman ge\u00e7irdik. Hepimiz \u00e7ok mutlu olduk. Drama, y\u00fcz boyama, resim at\u00f6lyesi vard\u0131. Ayr\u0131ca su deneyi yapt\u0131k. Bilgilendirici kitaplar da\u011f\u0131tt\u0131lar&#8221;<\/strong>&nbsp;ifadelerini kulland\u0131.<\/p>\n\n\n\n<p><strong>ATA E\u011fitim Merkezi de etkinliklerin bir ba\u015fka adresi oldu<\/strong><\/p>\n\n\n\n<p>\u00c7ocuklar i\u00e7in ayn\u0131 g\u00fcn bir ba\u015fka etkinlik ise, B\u00fcy\u00fck\u015fehir Belediyesi \u0130tfaiye Dairesi Ba\u015fkanl\u0131\u011f\u0131 taraf\u0131ndan ATA E\u011fitim Merkezi&#8217;nde yap\u0131ld\u0131. Ticaret ve Sanayi Odas\u0131 E\u011fitim Vakf\u0131 \u0130lk\u00f6\u011fretim Okulu 1. s\u0131n\u0131f \u00f6\u011frencileri ve P\u0131t\u0131rc\u0131k Kre\u015f \u00e7ocuklar\u0131n\u0131n kat\u0131ld\u0131\u011f\u0131 etkinlikte uzmanlar taraf\u0131ndan; \u00e7ocuklar\u0131n temel haklar\u0131 d\u0131\u015f\u0131nda, her \u00e7ocu\u011fun kendi bedenine ait haklar\u0131 \u00f6\u011frenebilmeleri ad\u0131na mahremiyet e\u011fitimi verildi. Atat\u00fcrk bask\u0131l\u0131 ti\u015f\u00f6rtler giyen ve ellerinde \u00e7ocuk haklar\u0131n\u0131 anlatan d\u00f6vizler ta\u015f\u0131yan \u00e7ocuklar, b\u00fcy\u00fcklere de anlaml\u0131 mesajlar verdiler. Minikler, haz\u0131rlad\u0131klar\u0131 solo ve koro \u015fark\u0131larla da e\u011flenceli anlar ya\u015fad\u0131. Etkinlik, minikler taraf\u0131ndan a\u00e7\u0131lan dev T\u00fcrk Bayra\u011f\u0131 ve Atat\u00fcrk posteri g\u00f6sterisi ile son buldu.<\/p>\n","protected":false},"excerpt":{"rendered":"<p>Mersin B\u00fcy\u00fck\u015fehir Belediyesi; Birle\u015fmi\u015f Milletler (BM) taraf\u0131ndan d\u00fcnya genelinde \u00e7ocuklar\u0131n kar\u015f\u0131 kar\u015f\u0131ya kald\u0131\u011f\u0131 hak ihlallerine dikkat \u00e7ekmek i\u00e7in ilan etti\u011fi&nbsp;&#8217;20 Kas\u0131m D\u00fcnya \u00c7ocuk Haklar\u0131 G\u00fcn\u00fc&#8217;&nbsp;dolay\u0131s\u0131yla, \u00e7ocuklara y\u00f6nelik bir dizi etkinlik d\u00fczenledi. Kad\u0131n ve Aile Hizmetleri Dairesi Ba\u015fkanl\u0131\u011f\u0131 koordinesinde B\u00fcy\u00fck\u015fehir Belediyesi Nikah ve Etkinlik Salonu&#8217;nda ger\u00e7ekle\u015ftirilen etkinlikte, ilkokul \u00e7a\u011f\u0131ndaki y\u00fczlerce \u00e7ocuk dolu dolu bir g\u00fcn ge\u00e7irdi. [&hellip;]<\/p>\n","protected":false},"author":2,"featured_media":37089,"comment_status":"closed","ping_status":"closed","sticky":false,"template":"","format":"standard","meta":{"footnotes":""},"categories":[3],"tags":[],"class_list":["post-37088","post","type-post","status-publish","format-standard","has-post-thumbnail","hentry","category-manset"],"views":14,"_links":{"self":[{"href":"https:\/\/mersinkadingazetesi.com\/index.php?rest_route=\/wp\/v2\/posts\/37088"}],"collection":[{"href":"https:\/\/mersinkadingazetesi.com\/index.php?rest_route=\/wp\/v2\/posts"}],"about":[{"href":"https:\/\/mersinkadingazetesi.com\/index.php?rest_route=\/wp\/v2\/types\/post"}],"author":[{"embeddable":true,"href":"https:\/\/mersinkadingazetesi.com\/index.php?rest_route=\/wp\/v2\/users\/2"}],"replies":[{"embeddable":true,"href":"https:\/\/mersinkadingazetesi.com\/index.php?rest_route=%2Fwp%2Fv2%2Fcomments&post=37088"}],"version-history":[{"count":1,"href":"https:\/\/mersinkadingazetesi.com\/index.php?rest_route=\/wp\/v2\/posts\/37088\/revisions"}],"predecessor-version":[{"id":37090,"href":"https:\/\/mersinkadingazetesi.com\/index.php?rest_route=\/wp\/v2\/posts\/37088\/revisions\/37090"}],"wp:featuredmedia":[{"embeddable":true,"href":"https:\/\/mersinkadingazetesi.com\/index.php?rest_route=\/wp\/v2\/media\/37089"}],"wp:attachment":[{"href":"https:\/\/mersinkadingazetesi.com\/index.php?rest_route=%2Fwp%2Fv2%2Fmedia&parent=37088"}],"wp:term":[{"taxonomy":"category","embeddable":true,"href":"https:\/\/mersinkadingazetesi.com\/index.php?rest_route=%2Fwp%2Fv2%2Fcategories&post=37088"},{"taxonomy":"post_tag","embeddable":true,"href":"https:\/\/mersinkadingazetesi.com\/index.php?rest_route=%2Fwp%2Fv2%2Ftags&post=37088"}],"curies":[{"name":"wp","href":"https:\/\/api.w.org\/{rel}","templated":true}]}}