{"id":37091,"date":"2024-11-21T10:59:45","date_gmt":"2024-11-21T07:59:45","guid":{"rendered":"https:\/\/mersinkadingazetesi.com\/?p=37091"},"modified":"2024-11-21T10:59:45","modified_gmt":"2024-11-21T07:59:45","slug":"lojistik-arama-konferansi-duzenlendi","status":"publish","type":"post","link":"https:\/\/mersinkadingazetesi.com\/?p=37091","title":{"rendered":"Lojistik Arama Konferans\u0131 d\u00fczenlendi\u00a0"},"content":{"rendered":"\n<p>Ticaret Bakanl\u0131\u011f\u0131 himayesi Mersin Valili\u011fi koordinasyonunda, Mersin Ticaret ve Sanayi Odas\u0131 (MTSO) ile Mersin Ekonomi Platformu (MEP) organizasyonunda, Mersin Ticaret Borsas\u0131, Mersin Deniz Ticaret Odas\u0131, Akdeniz \u0130hracat\u00e7\u0131 Birlikleri ve \u00c7ukurova Kalk\u0131nma Ajans\u0131 i\u015fbirli\u011finde ger\u00e7ekle\u015fecek Mersin Ekonomi Zirvesi haz\u0131rl\u0131klar\u0131na Lojistik Arama Konferans\u0131 ile devam edildi. MTSO Y\u00f6netim Kurulu Ba\u015fkan\u0131 Hakan Sefa \u00c7ak\u0131r, Y\u00f6netim Ba\u015fkan Yard\u0131mc\u0131s\u0131 Mustafa \u00d6zdamar, Y\u00f6netim Kurulu \u00dcyesi Murat Akto\u011f ve Komite \u00dcyelerinin de kat\u0131ld\u0131\u011f\u0131 etkinlikte Mersin Vali Yard\u0131mc\u0131s\u0131 \u0130rfan Demir\u00f6z, MEP Ba\u015fkan\u0131 Servet \u00d6zkaya, Mersin Ticaret \u0130l M\u00fcd\u00fcr\u00fc Ferhat S\u00fcmer, Mersin Sanayi \u0130l M\u00fcd\u00fcr\u00fc Hasan G\u00fcl, lojistik sekt\u00f6r temsilcileri ve akademisyenler bir araya geldi. Mersin \u00dcniversitesi Giri\u015fim Liman\u0131\u2019nda d\u00fczenlenen Arama Konferans\u0131 Toros \u00dcniversitesi Uluslararas\u0131 Ticaret ve Lojistik B\u00f6l\u00fcm\u00fc \u00d6\u011fretim \u00dcyesi Prof. Dr. K\u00f6ksal Haz\u0131r moderat\u00f6rl\u00fc\u011f\u00fcnde ger\u00e7ekle\u015fti. Kurum ve kurulu\u015flar\u0131n mevcut durumu ortaya koyup sorun tespitlerini ve \u00e7\u00f6z\u00fcm \u00f6nerilerini aktarmas\u0131 sonras\u0131nda kat\u0131l\u0131mc\u0131larla ge\u00e7mi\u015f d\u00f6nemlerde tespit edilen sorunlar maddeler halinde payla\u015f\u0131l\u0131p \u00f6ncelik s\u0131ralamas\u0131 yapmalar\u0131, varsa yeni taleplerini iletmeleri istendi. Lojistik sekt\u00f6r\u00fcnde ye\u015fil d\u00f6n\u00fc\u015f\u00fcmden g\u00fcmr\u00fck ve d\u0131\u015f ticaret uygulamalar\u0131na, ula\u015ft\u0131rmadan yasa ve mevzuatta kar\u015f\u0131la\u015f\u0131lan s\u0131k\u0131nt\u0131lara, makro yat\u0131r\u0131m beklentilerinden talep edilen insan kayna\u011f\u0131na, Mersin Liman \u0130\u015fletmesinden beklentilerden sekt\u00f6rel sigorta sorunlar\u0131na kadar her konu detaylar\u0131yla ele al\u0131nd\u0131.&nbsp;<\/p>\n\n\n\n<p><strong>\u00c7ak\u0131r: \u201cSorunlar\u0131n takip\u00e7isi olaca\u011f\u0131z\u201d<\/strong><br>Toplant\u0131n\u0131n a\u00e7\u0131l\u0131\u015f\u0131nda konu\u015fan MTSO Y\u00f6netim Kurulu Ba\u015fkan\u0131 Hakan Sefa \u00c7ak\u0131r, Mersin\u2019i T\u00fcrkiye\u2019nin lojistik merkezi olarak g\u00f6sterdi\u011fi konu\u015fmas\u0131n\u0131 \u015f\u00f6yle s\u00fcrd\u00fcrd\u00fc:&nbsp;<br>\u201cBu anlamda bug\u00fcnk\u00fc \u00e7al\u0131\u015ftay \u00e7ok \u00f6nemli. \u015eimdiye kadar hemen her sekt\u00f6rde \u00e7ok \u00e7al\u0131\u015ftaylar yap\u0131ld\u0131. Ama bug\u00fcn bir milat. Bundan sonra t\u00fcm sorunlar\u0131m\u0131z\u0131 ortak bir dille masaya koyup, raporlay\u0131p tek elden takibini yapaca\u011f\u0131z. T\u00fcm sekt\u00f6r ayn\u0131 dili konu\u015faca\u011f\u0131z. Art\u0131k icraata ge\u00e7meliyiz. Sorunlar\u0131 Ankara\u2019da takip edecek gruplar\u0131 belirleyip g\u00f6revlendirmeler yapaca\u011f\u0131z. Ankara\u2019da taleplerimizi hayata ge\u00e7irebilecek kurumlar\u0131 tespit edece\u011fiz.\u201d<br>MEP Ba\u015fkan\u0131 Servet \u00d6zkaya kat\u0131l\u0131mc\u0131lar\u0131 etkinli\u011fin detaylar\u0131 hakk\u0131nda bilgilendirirken Vali Yard\u0131mc\u0131s\u0131 \u0130rfan Demir\u00f6z, \u201cSomut sorunlar tespit edip somut \u00e7\u00f6z\u00fcm \u00f6nerileri olu\u015fturmak i\u00e7in bir araday\u0131z. Ankara\u2019ya derdimizi tek tek anlatamay\u0131z buradaki birliktelikle talelerimizi g\u00fc\u00e7l\u00fc \u015fekilde iletirsek sonu\u00e7 alabiliriz\u201d dedi.&nbsp;<\/p>\n","protected":false},"excerpt":{"rendered":"<p>Ticaret Bakanl\u0131\u011f\u0131 himayesi Mersin Valili\u011fi koordinasyonunda, Mersin Ticaret ve Sanayi Odas\u0131 (MTSO) ile Mersin Ekonomi Platformu (MEP) organizasyonunda, Mersin Ticaret Borsas\u0131, Mersin Deniz Ticaret Odas\u0131, Akdeniz \u0130hracat\u00e7\u0131 Birlikleri ve \u00c7ukurova Kalk\u0131nma Ajans\u0131 i\u015fbirli\u011finde ger\u00e7ekle\u015fecek Mersin Ekonomi Zirvesi haz\u0131rl\u0131klar\u0131na Lojistik Arama Konferans\u0131 ile devam edildi. MTSO Y\u00f6netim Kurulu Ba\u015fkan\u0131 Hakan Sefa \u00c7ak\u0131r, Y\u00f6netim Ba\u015fkan Yard\u0131mc\u0131s\u0131 Mustafa [&hellip;]<\/p>\n","protected":false},"author":2,"featured_media":37092,"comment_status":"closed","ping_status":"closed","sticky":false,"template":"","format":"standard","meta":{"footnotes":""},"categories":[8,3],"tags":[],"class_list":["post-37091","post","type-post","status-publish","format-standard","has-post-thumbnail","hentry","category-ekonomi","category-manset"],"views":5,"_links":{"self":[{"href":"https:\/\/mersinkadingazetesi.com\/index.php?rest_route=\/wp\/v2\/posts\/37091"}],"collection":[{"href":"https:\/\/mersinkadingazetesi.com\/index.php?rest_route=\/wp\/v2\/posts"}],"about":[{"href":"https:\/\/mersinkadingazetesi.com\/index.php?rest_route=\/wp\/v2\/types\/post"}],"author":[{"embeddable":true,"href":"https:\/\/mersinkadingazetesi.com\/index.php?rest_route=\/wp\/v2\/users\/2"}],"replies":[{"embeddable":true,"href":"https:\/\/mersinkadingazetesi.com\/index.php?rest_route=%2Fwp%2Fv2%2Fcomments&post=37091"}],"version-history":[{"count":1,"href":"https:\/\/mersinkadingazetesi.com\/index.php?rest_route=\/wp\/v2\/posts\/37091\/revisions"}],"predecessor-version":[{"id":37093,"href":"https:\/\/mersinkadingazetesi.com\/index.php?rest_route=\/wp\/v2\/posts\/37091\/revisions\/37093"}],"wp:featuredmedia":[{"embeddable":true,"href":"https:\/\/mersinkadingazetesi.com\/index.php?rest_route=\/wp\/v2\/media\/37092"}],"wp:attachment":[{"href":"https:\/\/mersinkadingazetesi.com\/index.php?rest_route=%2Fwp%2Fv2%2Fmedia&parent=37091"}],"wp:term":[{"taxonomy":"category","embeddable":true,"href":"https:\/\/mersinkadingazetesi.com\/index.php?rest_route=%2Fwp%2Fv2%2Fcategories&post=37091"},{"taxonomy":"post_tag","embeddable":true,"href":"https:\/\/mersinkadingazetesi.com\/index.php?rest_route=%2Fwp%2Fv2%2Ftags&post=37091"}],"curies":[{"name":"wp","href":"https:\/\/api.w.org\/{rel}","templated":true}]}}