{"id":37094,"date":"2024-11-21T11:01:09","date_gmt":"2024-11-21T08:01:09","guid":{"rendered":"https:\/\/mersinkadingazetesi.com\/?p=37094"},"modified":"2024-11-21T11:01:10","modified_gmt":"2024-11-21T08:01:10","slug":"vali-ali-hamza-pehlivan-dezenformasyonla-mucadele-kurumlar-arasi-is-birligi-protokolu-imza-torenine-katildi","status":"publish","type":"post","link":"https:\/\/mersinkadingazetesi.com\/?p=37094","title":{"rendered":"VAL\u0130 AL\u0130 HAMZA PEHL\u0130VAN DEZENFORMASYONLA M\u00dcCADELE KURUMLAR ARASI \u0130\u015e B\u0130RL\u0130\u011e\u0130 PROTOKOL\u00dc \u0130MZA T\u00d6REN\u0130NE KATILDI"},"content":{"rendered":"\n<p>Valimiz Ali Hamza Pehlivan\u2019\u0131n kat\u0131l\u0131m\u0131yla Cumhurba\u015fkanl\u0131\u011f\u0131 \u0130leti\u015fim Ba\u015fkanl\u0131\u011f\u0131 Adana B\u00f6lge M\u00fcd\u00fcrl\u00fc\u011f\u00fc, Mersin \u00dcniversitesi Rekt\u00f6rl\u00fc\u011f\u00fc, \u0130l Milli E\u011fitim M\u00fcd\u00fcrl\u00fc\u011f\u00fc, TRT \u00c7ukurova M\u00fcd\u00fcrl\u00fc\u011f\u00fc ile Gen\u00e7lik ve Spor \u0130l M\u00fcd\u00fcrl\u00fc\u011f\u00fc aras\u0131nda \u2018Kurumlar Aras\u0131 Dezenformasyonla M\u00fccadele \u0130\u015f Birli\u011fi Protokol\u00fc\u2019 imza t\u00f6reni ger\u00e7ekle\u015ftirildi.<\/p>\n\n\n\n<p>Vali Pehlivan, Valilik toplant\u0131 salonunda d\u00fczenlenen imza t\u00f6reninde yapm\u0131\u015f oldu\u011fu konu\u015fmas\u0131nda; \u201cDezenformasyonla M\u00fccadele Kurumlar Aras\u0131 \u0130\u015f Birli\u011fi Protokol\u00fcn\u00fc imzalad\u0131k. Bu protokol\u00fc, Cumhurba\u015fkanl\u0131\u011f\u0131 \u0130leti\u015fim Ba\u015fkanl\u0131\u011f\u0131 ve Adana \u0130leti\u015fim B\u00f6lge M\u00fcd\u00fcrl\u00fc\u011f\u00fcn\u00fcn genel koordinasyonda, \u0130limizde Valili\u011fimizin himayesinde, \u0130limizde de Mersin \u00dcniversitesi Rekt\u00f6r\u00fc, \u0130l Milli E\u011fitim M\u00fcd\u00fcr\u00fc, TRT \u00c7ukurova M\u00fcd\u00fcr\u00fc ve Gen\u00e7lik Spor \u0130l M\u00fcd\u00fcr\u00fcn\u00fcn kat\u0131l\u0131mlar\u0131yla imzalar at\u0131ld\u0131 ve protokol\u00fc hayata ge\u00e7irmi\u015f olduk.<br><br>Dezenformasyon kelimesi, \u201cbilginin \u00e7arp\u0131t\u0131lmas\u0131\u201d anlam\u0131na gelmektedir. Bu konu \u00f6zellikle dijitalle\u015fme \u00e7a\u011f\u0131nda teknolojinin art\u0131k yapay zek\u00e2 boyutuna geldi\u011fi bir ortamda giderek \u00e7ok daha fazla \u00f6nem kazanm\u0131\u015f ve kar\u015f\u0131 m\u00fccadeleyi gerektiren bir alan haline gelmi\u015ftir.&nbsp;<\/p>\n\n\n\n<p>\u00c7a\u011f\u0131m\u0131zda \u00e7ok h\u0131zl\u0131 bir bilgi ak\u0131\u015f\u0131 var. Bu bilgi ak\u0131\u015f\u0131n\u0131n yo\u011funlu\u011fu, fazlal\u0131\u011f\u0131, bilginin g\u00fcvenilirli\u011fini de sorgulamam\u0131za neden oluyor. Bu konuda yap\u0131lan \u00f6l\u00e7\u00fcmlemelerde, yanl\u0131\u015f veya yalan bilginin, do\u011fru bilgiden 6 kat daha h\u0131zl\u0131 bir \u015fekilde yay\u0131ld\u0131\u011f\u0131 g\u00f6r\u00fclmektedir. Bu tespit dezenformasyon kar\u015f\u0131s\u0131nda do\u011fru bilginin yay\u0131lmas\u0131 ve yayg\u0131nla\u015ft\u0131r\u0131lmas\u0131yla ilgili ne kadar yo\u011fun bir m\u00fccadele verilmesinin gerekti\u011fini ortaya koyuyor.<\/p>\n\n\n\n<p>Bu konuda \u00fclkemizde Cumhurba\u015fkanl\u0131\u011f\u0131m\u0131z\u0131n himayelerinde Say\u0131n Cumhurba\u015fkan\u0131m\u0131z\u0131n talimatlar\u0131 do\u011frultusunda, \u0130leti\u015fim Ba\u015fkanl\u0131\u011f\u0131 b\u00fcnyesinde Dezenformasyonla M\u00fccadele Merkezi kurulmu\u015f durumdad\u0131r.<\/p>\n\n\n\n<p>Bizlerin de bulundu\u011fumuz yerde, ilgili kurum ve kurulu\u015flar\u0131m\u0131z\u0131n kat\u0131l\u0131m\u0131yla bu s\u00fcre\u00e7te do\u011fru bilginin yerinde ve zaman\u0131nda ilgililerine, kamuoyuna ula\u015fmas\u0131 konusunda gayret sarf etmemiz gerekmektedir. Bu \u00e7al\u0131\u015fmalar\u0131 da b\u00fct\u00fcnc\u00fcl bir anlay\u0131\u015fla i\u015f birli\u011fi ve koordinasyon i\u00e7erisinde hayata ge\u00e7irmemiz icap etmektedir.<\/p>\n\n\n\n<p>Dezenformasyon konusu, bilginin deforme edilip kullan\u0131lmas\u0131yla maddi \u00e7\u0131kar elde edilmesi, t\u0131k avc\u0131l\u0131\u011f\u0131 denilen be\u011fenilerin \u00e7o\u011falt\u0131lmas\u0131 ve bu anlamda birtak\u0131m getiriler elde edilmesinin \u00f6tesinde, ulusal ve uluslararas\u0131 bir g\u00fcvenlik sorunu haline de gelmeye ba\u015flam\u0131\u015f durumdad\u0131r.&nbsp;<\/p>\n\n\n\n<p>Neticede dijital platformlarda yay\u0131lan yanl\u0131\u015f bilgi \u00fclkelerin adeta huzurunu, g\u00fcvenli\u011fini ve sistemlerini dahi etkiler vaziyete ve seviyeye ula\u015fm\u0131\u015ft\u0131r.<\/p>\n\n\n\n<p>Bu durum, konunun ne kadar kritik oldu\u011funu da ortaya koymaktad\u0131r. Buna her seviyede kar\u015f\u0131 bir duru\u015f sergilemek ve dezenformasyonla her seviyede m\u00fccadele etmek gerekmektedir. Biz de Mersin \u0130limizde, bu protokole imza atan kurum kurulu\u015flar\u0131m\u0131zla birlikte Cumhurba\u015fkanl\u0131\u011f\u0131 \u0130leti\u015fim Ba\u015fkanl\u0131\u011f\u0131 Adana B\u00f6lge M\u00fcd\u00fcrl\u00fc\u011f\u00fc ile ileti\u015fim ve i\u015f birli\u011fi i\u00e7erisinde e\u011fitimler d\u00fczenlemek suretiyle bu \u00e7al\u0131\u015fmalar\u0131 devam ettirece\u011fiz. \u0130mzalanan protokol ile dezenformasyona kar\u015f\u0131 daha az diren\u00e7li olan ve sosyal medyaya en fazla maruz kalan gen\u00e7leri, farkl\u0131 \u00f6\u011frenme y\u00f6ntemlerini bir arada kullanarak bilgilendirmek ve toplumun genelinde nas\u0131l daha \u2018\u2018sorumlu\u2019\u2019 medya okuryazar\u0131 ve sosyal medya kullan\u0131c\u0131s\u0131 olunaca\u011f\u0131 konusunda fark\u0131ndal\u0131k uyand\u0131rmak, dijital mecrada dezenformasyonla m\u00fccadele etmek ama\u00e7lanmaktad\u0131r. \u0130mzalanan protokol\u00fcn hay\u0131rl\u0131 ve faydal\u0131 neticelere vesile olmas\u0131n\u0131 diliyorum.\u201d dedi.<\/p>\n\n\n\n<p>Dezenformasyonla M\u00fccadele Kapsam\u0131nda Kurumlar Aras\u0131 \u0130\u015f Birli\u011fi Protokol\u00fc imza t\u00f6renine; Cumhurba\u015fkanl\u0131\u011f\u0131 \u0130leti\u015fim Ba\u015fkanl\u0131\u011f\u0131 Adana B\u00f6lge M\u00fcd\u00fcr\u00fc Mustafa Yal\u0131n\u0131z, Mersin \u00dcniversitesi Rekt\u00f6r\u00fc Prof. Dr. Erol Ya\u015far, TRT \u00c7ukurova M\u00fcd\u00fcr\u00fc Fatih Do\u011fru, Gen\u00e7lik ve Spor \u0130l M\u00fcd\u00fcr\u00fc G\u00f6ksun \u00d6z, \u0130l Milli E\u011fitim M\u00fcd\u00fcr\u00fc Fazilet Durmu\u015f ve Dezenformasyonla M\u00fccadele Merkezi Uzman\u0131 \u00dcmm\u00fchan Y\u00fccel kat\u0131ld\u0131.<\/p>\n","protected":false},"excerpt":{"rendered":"<p>Valimiz Ali Hamza Pehlivan\u2019\u0131n kat\u0131l\u0131m\u0131yla Cumhurba\u015fkanl\u0131\u011f\u0131 \u0130leti\u015fim Ba\u015fkanl\u0131\u011f\u0131 Adana B\u00f6lge M\u00fcd\u00fcrl\u00fc\u011f\u00fc, Mersin \u00dcniversitesi Rekt\u00f6rl\u00fc\u011f\u00fc, \u0130l Milli E\u011fitim M\u00fcd\u00fcrl\u00fc\u011f\u00fc, TRT \u00c7ukurova M\u00fcd\u00fcrl\u00fc\u011f\u00fc ile Gen\u00e7lik ve Spor \u0130l M\u00fcd\u00fcrl\u00fc\u011f\u00fc aras\u0131nda \u2018Kurumlar Aras\u0131 Dezenformasyonla M\u00fccadele \u0130\u015f Birli\u011fi Protokol\u00fc\u2019 imza t\u00f6reni ger\u00e7ekle\u015ftirildi. Vali Pehlivan, Valilik toplant\u0131 salonunda d\u00fczenlenen imza t\u00f6reninde yapm\u0131\u015f oldu\u011fu konu\u015fmas\u0131nda; \u201cDezenformasyonla M\u00fccadele Kurumlar Aras\u0131 \u0130\u015f Birli\u011fi [&hellip;]<\/p>\n","protected":false},"author":2,"featured_media":37095,"comment_status":"closed","ping_status":"closed","sticky":false,"template":"","format":"standard","meta":{"footnotes":""},"categories":[1,3],"tags":[],"class_list":["post-37094","post","type-post","status-publish","format-standard","has-post-thumbnail","hentry","category-genel","category-manset"],"views":2,"_links":{"self":[{"href":"https:\/\/mersinkadingazetesi.com\/index.php?rest_route=\/wp\/v2\/posts\/37094"}],"collection":[{"href":"https:\/\/mersinkadingazetesi.com\/index.php?rest_route=\/wp\/v2\/posts"}],"about":[{"href":"https:\/\/mersinkadingazetesi.com\/index.php?rest_route=\/wp\/v2\/types\/post"}],"author":[{"embeddable":true,"href":"https:\/\/mersinkadingazetesi.com\/index.php?rest_route=\/wp\/v2\/users\/2"}],"replies":[{"embeddable":true,"href":"https:\/\/mersinkadingazetesi.com\/index.php?rest_route=%2Fwp%2Fv2%2Fcomments&post=37094"}],"version-history":[{"count":1,"href":"https:\/\/mersinkadingazetesi.com\/index.php?rest_route=\/wp\/v2\/posts\/37094\/revisions"}],"predecessor-version":[{"id":37096,"href":"https:\/\/mersinkadingazetesi.com\/index.php?rest_route=\/wp\/v2\/posts\/37094\/revisions\/37096"}],"wp:featuredmedia":[{"embeddable":true,"href":"https:\/\/mersinkadingazetesi.com\/index.php?rest_route=\/wp\/v2\/media\/37095"}],"wp:attachment":[{"href":"https:\/\/mersinkadingazetesi.com\/index.php?rest_route=%2Fwp%2Fv2%2Fmedia&parent=37094"}],"wp:term":[{"taxonomy":"category","embeddable":true,"href":"https:\/\/mersinkadingazetesi.com\/index.php?rest_route=%2Fwp%2Fv2%2Fcategories&post=37094"},{"taxonomy":"post_tag","embeddable":true,"href":"https:\/\/mersinkadingazetesi.com\/index.php?rest_route=%2Fwp%2Fv2%2Ftags&post=37094"}],"curies":[{"name":"wp","href":"https:\/\/api.w.org\/{rel}","templated":true}]}}