{"id":37097,"date":"2024-11-21T11:02:27","date_gmt":"2024-11-21T08:02:27","guid":{"rendered":"https:\/\/mersinkadingazetesi.com\/?p=37097"},"modified":"2024-11-21T11:02:27","modified_gmt":"2024-11-21T08:02:27","slug":"vali-ali-hamza-pehlivan-il-saglik-mudurlugunu-ziyaret-etti-degerlendirme-ve-koordinasyon-toplantisi-gerceklestirdi","status":"publish","type":"post","link":"https:\/\/mersinkadingazetesi.com\/?p=37097","title":{"rendered":"VAL\u0130 AL\u0130 HAMZA PEHL\u0130VAN, \u0130L SA\u011eLIK M\u00dcD\u00dcRL\u00dc\u011e\u00dcN\u00dc Z\u0130YARET ETT\u0130, DE\u011eERLEND\u0130RME VE KOORD\u0130NASYON TOPLANTISI GER\u00c7EKLE\u015eT\u0130RD\u0130"},"content":{"rendered":"\n<p>Valimiz Ali Hamza Pehlivan, \u0130l Sa\u011fl\u0131k M\u00fcd\u00fcrl\u00fc\u011f\u00fc\u2019n\u00fc ziyaret etti, Mersin \u0130l Sa\u011fl\u0131k M\u00fcd\u00fcr\u00fc olarak atanan ve g\u00f6revine ba\u015flayan&nbsp;Uzm. Dr. Mustafa Ekici\u2019ye hay\u0131rl\u0131 olsun dile\u011finde bulundu,ba\u015far\u0131lar temenni etti.<\/p>\n\n\n\n<p>Vali Pehlivan, \u0130l Sa\u011fl\u0131k M\u00fcd\u00fcrl\u00fc\u011f\u00fc b\u00fcnyesinde, ba\u011fl\u0131 sa\u011fl\u0131k birimlerinde verilmekte olan hizmetler hakk\u0131nda \u0130l Sa\u011fl\u0131k M\u00fcd\u00fcr\u00fc Uzm. Dr. Mustafa Ekici\u2019den bilgiler ald\u0131.<\/p>\n\n\n\n<p>Ziyaret vesilesiyle Vali Pehlivan ba\u015fkanl\u0131\u011f\u0131nda, m\u00fcd\u00fcr yard\u0131mc\u0131lar\u0131 ve \u015fube m\u00fcd\u00fcrlerinin kat\u0131l\u0131m\u0131yla sa\u011fl\u0131k hizmetlerini de\u011ferlendirme ve koordinasyon toplant\u0131s\u0131 ger\u00e7ekle\u015ftirildi. Toplant\u0131da, \u0130limiz genelinde hastanelerimizin, sa\u011fl\u0131k birimlerimizin genel durumu, donan\u0131m\u0131, sa\u011fl\u0131k yat\u0131r\u0131mlar\u0131, sa\u011fl\u0131k alan\u0131nda vatanda\u015flar\u0131m\u0131za sunulan \u00f6nleyici ve tedavi edici sa\u011fl\u0131k hizmetleri, yerine getirilmekte olan i\u015f ve i\u015flemler,denetleme faaliyetleri ve ilgili \u00e7e\u015fitli hususlar de\u011ferlendirildi.<\/p>\n\n\n\n<p>Vali Pehlivan; \u201dMersin \u0130limizde y\u00fcksek standartlara haiz sa\u011fl\u0131k altyap\u0131m\u0131z bulunmaktad\u0131r. \u00dclkemizde kurulan ilk \u015eehir Hastanesi ile birlikte 12 Devlet Hastanemiz bulunmaktad\u0131r. Ayr\u0131ca Mersin \u00dcniversitemiz b\u00fcnyesinde T\u0131p Fak\u00fcltesi Hastanesi yer almaktad\u0131r. \u0130n\u015faat\u0131 devam etmekte olan Mezitli Devlet Hastanesi ve A\u011f\u0131z Di\u015f Sa\u011fl\u0131\u011f\u0131 Merkezi ile birlikte sa\u011fl\u0131k altyap\u0131m\u0131z daha da g\u00fc\u00e7 kazanacakt\u0131r. \u0130limizde Aile Sa\u011fl\u0131\u011f\u0131 Merkezi say\u0131s\u0131 174, a\u011f\u0131z ve di\u015f sa\u011fl\u0131\u011f\u0131 merkezi say\u0131s\u0131 3\u2019t\u00fcr.&nbsp;<\/p>\n\n\n\n<p>Devlet hastanelerimizde 1.213, \u00fcniversite hastanesinde 245, \u00f6zel hastanelerde 676 olmak \u00fczere toplam 2.134 uzman doktor bulunmaktad\u0131r.<\/p>\n\n\n\n<p>Devlet hastanelerimizde 1.173, \u00fcniversite hastanesinde 542, \u00f6zel hastanelerde 131 olmak \u00fczere toplam 1.846 pratisyen doktor bulunmaktad\u0131r.<\/p>\n\n\n\n<p>Devlet hastanelerimizde 236, \u00fcniversite hastanesinde 60, \u00f6zel hastanelerde 643 olmak \u00fczere toplam 939 di\u015f tabibi bulunmaktad\u0131r.<\/p>\n\n\n\n<p>Devlet hastanelerimizde 5.114, \u00fcniversite hastanesinde 704, \u00f6zel hastanelerde 764 olmak \u00fczere toplam 6.582 ebe ve hem\u015fire bulunmaktad\u0131r.<\/p>\n\n\n\n<p>Devlet hastanelerimizde 3.285, \u00fcniversite hastanesinde 860, \u00f6zel hastanelerde 1.187 olmak \u00fczere toplam 5.332 yatak kapasitesi bulunmaktad\u0131r.<\/p>\n\n\n\n<p>Devlet hastanelerimizde 452, \u00fcniversite hastanesinde 145, \u00f6zel hastanelerde 428 olmak \u00fczere toplam 1.025 yo\u011fun bak\u0131m yatak kapasitesi bulunmaktad\u0131r.<\/p>\n\n\n\n<p>Devlet hastanelerimizde 3, \u00fcniversite hastanesinde 1, \u00f6zel hastanelerde 5 olmak \u00fczere toplam 9 anjiyo \u00fcnitesi bulunmaktad\u0131r.<\/p>\n\n\n\n<p>Devlet hastanelerimizde 8, \u00fcniversite hastanesinde 2, \u00f6zel hastanelerde 12 olmak \u00fczere toplam 22 MR cihaz\u0131 bulunmaktad\u0131r.<\/p>\n\n\n\n<p>Devlet hastanelerimizde 9 diyaliz \u00fcnitesi bulunmaktad\u0131r.<\/p>\n\n\n\n<p>Vatanda\u015flar\u0131m\u0131za en iyi \u015fekilde sa\u011fl\u0131k hizmeti vermek i\u00e7in sa\u011fl\u0131k birimlerimizde sa\u011fl\u0131k \u00e7al\u0131\u015fanlar\u0131m\u0131z\u0131n \u00e7al\u0131\u015fmalar\u0131 gece g\u00fcnd\u00fcz, kesintisiz bir \u015fekilde devam etmektedir.\u201d dedi.<\/p>\n","protected":false},"excerpt":{"rendered":"<p>Valimiz Ali Hamza Pehlivan, \u0130l Sa\u011fl\u0131k M\u00fcd\u00fcrl\u00fc\u011f\u00fc\u2019n\u00fc ziyaret etti, Mersin \u0130l Sa\u011fl\u0131k M\u00fcd\u00fcr\u00fc olarak atanan ve g\u00f6revine ba\u015flayan&nbsp;Uzm. Dr. Mustafa Ekici\u2019ye hay\u0131rl\u0131 olsun dile\u011finde bulundu,ba\u015far\u0131lar temenni etti. Vali Pehlivan, \u0130l Sa\u011fl\u0131k M\u00fcd\u00fcrl\u00fc\u011f\u00fc b\u00fcnyesinde, ba\u011fl\u0131 sa\u011fl\u0131k birimlerinde verilmekte olan hizmetler hakk\u0131nda \u0130l Sa\u011fl\u0131k M\u00fcd\u00fcr\u00fc Uzm. Dr. Mustafa Ekici\u2019den bilgiler ald\u0131. Ziyaret vesilesiyle Vali Pehlivan ba\u015fkanl\u0131\u011f\u0131nda, m\u00fcd\u00fcr [&hellip;]<\/p>\n","protected":false},"author":2,"featured_media":37098,"comment_status":"closed","ping_status":"closed","sticky":false,"template":"","format":"standard","meta":{"footnotes":""},"categories":[2,3,9],"tags":[],"class_list":["post-37097","post","type-post","status-publish","format-standard","has-post-thumbnail","hentry","category-gundem","category-manset","category-saglik"],"views":8,"_links":{"self":[{"href":"https:\/\/mersinkadingazetesi.com\/index.php?rest_route=\/wp\/v2\/posts\/37097"}],"collection":[{"href":"https:\/\/mersinkadingazetesi.com\/index.php?rest_route=\/wp\/v2\/posts"}],"about":[{"href":"https:\/\/mersinkadingazetesi.com\/index.php?rest_route=\/wp\/v2\/types\/post"}],"author":[{"embeddable":true,"href":"https:\/\/mersinkadingazetesi.com\/index.php?rest_route=\/wp\/v2\/users\/2"}],"replies":[{"embeddable":true,"href":"https:\/\/mersinkadingazetesi.com\/index.php?rest_route=%2Fwp%2Fv2%2Fcomments&post=37097"}],"version-history":[{"count":1,"href":"https:\/\/mersinkadingazetesi.com\/index.php?rest_route=\/wp\/v2\/posts\/37097\/revisions"}],"predecessor-version":[{"id":37099,"href":"https:\/\/mersinkadingazetesi.com\/index.php?rest_route=\/wp\/v2\/posts\/37097\/revisions\/37099"}],"wp:featuredmedia":[{"embeddable":true,"href":"https:\/\/mersinkadingazetesi.com\/index.php?rest_route=\/wp\/v2\/media\/37098"}],"wp:attachment":[{"href":"https:\/\/mersinkadingazetesi.com\/index.php?rest_route=%2Fwp%2Fv2%2Fmedia&parent=37097"}],"wp:term":[{"taxonomy":"category","embeddable":true,"href":"https:\/\/mersinkadingazetesi.com\/index.php?rest_route=%2Fwp%2Fv2%2Fcategories&post=37097"},{"taxonomy":"post_tag","embeddable":true,"href":"https:\/\/mersinkadingazetesi.com\/index.php?rest_route=%2Fwp%2Fv2%2Ftags&post=37097"}],"curies":[{"name":"wp","href":"https:\/\/api.w.org\/{rel}","templated":true}]}}