{"id":37100,"date":"2024-11-21T11:04:40","date_gmt":"2024-11-21T08:04:40","guid":{"rendered":"https:\/\/mersinkadingazetesi.com\/?p=37100"},"modified":"2024-11-21T11:04:40","modified_gmt":"2024-11-21T08:04:40","slug":"tarsusta-dunya-cocuk-haklari-gununde-anlamli-etkinlik","status":"publish","type":"post","link":"https:\/\/mersinkadingazetesi.com\/?p=37100","title":{"rendered":"TARSUS\u2019TA, D\u00dcNYA \u00c7OCUK HAKLARI G\u00dcN\u00dc\u2019NDE ANLAMLI ETK\u0130NL\u0130K"},"content":{"rendered":"\n<p>Tarsus Belediyesi, \u00e7ocuklar\u0131n bilin\u00e7lenmesi ve temel haklar\u0131 konusunda ayd\u0131nlanabilmesi i\u00e7in D\u00fcnya \u00c7ocuk Haklar\u0131 G\u00fcn\u00fc kapsam\u0131nda bir dizi etkinlik d\u00fczenledi. \u00c7ocuklar hem haklar\u0131n\u0131 \u00f6\u011frendi, hem de unutulmaz anlar biriktirdi.<\/p>\n\n\n\n<p>Tarsus Belediyesi Kad\u0131n ve Aile Hizmetleri M\u00fcd\u00fcrl\u00fc\u011f\u00fc taraf\u0131ndan Kaz\u0131m Ta\u015fk\u0131n \u0130lkokulu&#8217;nda e\u011fitim g\u00f6ren \u00e7ocuklara, &#8220;\u00c7ocuk Haklar\u0131 Sunumu&#8221; ger\u00e7ekle\u015ftirildi. Bu sunum sayesinde, \u00e7ocuklar haklar\u0131 konusunda bilgi sahibi olarak fark\u0131ndal\u0131k kazand\u0131. Sunumda, \u00e7ocuklar\u0131n sahip oldu\u011fu haklar ve bu haklar\u0131n korunmas\u0131n\u0131n \u00f6nemi vurguland\u0131.<\/p>\n\n\n\n<p>\u00c7OCUKLAR E\u011eLENME HAKLARINI DENEY\u0130MLED\u0130<\/p>\n\n\n\n<p>Etkinlik, \u00f6\u011frencilerin e\u011flenme ve \u00f6\u011frenme hakk\u0131 kapsam\u0131nda Nusret May\u0131n Gemisi\u2019ni ziyaret etmeleriyle devam etti. Ziyaret s\u0131ras\u0131nda \u00e7ocuklar, geminin tarihi hakk\u0131nda bilgi edinerek keyifli bir g\u00fcn ge\u00e7irdi. \u00c7ocuklar bu \u00f6zel g\u00fcnde unutulmaz an\u0131lar biriktirdi.<\/p>\n","protected":false},"excerpt":{"rendered":"<p>Tarsus Belediyesi, \u00e7ocuklar\u0131n bilin\u00e7lenmesi ve temel haklar\u0131 konusunda ayd\u0131nlanabilmesi i\u00e7in D\u00fcnya \u00c7ocuk Haklar\u0131 G\u00fcn\u00fc kapsam\u0131nda bir dizi etkinlik d\u00fczenledi. \u00c7ocuklar hem haklar\u0131n\u0131 \u00f6\u011frendi, hem de unutulmaz anlar biriktirdi. Tarsus Belediyesi Kad\u0131n ve Aile Hizmetleri M\u00fcd\u00fcrl\u00fc\u011f\u00fc taraf\u0131ndan Kaz\u0131m Ta\u015fk\u0131n \u0130lkokulu&#8217;nda e\u011fitim g\u00f6ren \u00e7ocuklara, &#8220;\u00c7ocuk Haklar\u0131 Sunumu&#8221; ger\u00e7ekle\u015ftirildi. Bu sunum sayesinde, \u00e7ocuklar haklar\u0131 konusunda bilgi sahibi olarak [&hellip;]<\/p>\n","protected":false},"author":2,"featured_media":37101,"comment_status":"closed","ping_status":"closed","sticky":false,"template":"","format":"standard","meta":{"footnotes":""},"categories":[3],"tags":[],"class_list":["post-37100","post","type-post","status-publish","format-standard","has-post-thumbnail","hentry","category-manset"],"views":2,"_links":{"self":[{"href":"https:\/\/mersinkadingazetesi.com\/index.php?rest_route=\/wp\/v2\/posts\/37100"}],"collection":[{"href":"https:\/\/mersinkadingazetesi.com\/index.php?rest_route=\/wp\/v2\/posts"}],"about":[{"href":"https:\/\/mersinkadingazetesi.com\/index.php?rest_route=\/wp\/v2\/types\/post"}],"author":[{"embeddable":true,"href":"https:\/\/mersinkadingazetesi.com\/index.php?rest_route=\/wp\/v2\/users\/2"}],"replies":[{"embeddable":true,"href":"https:\/\/mersinkadingazetesi.com\/index.php?rest_route=%2Fwp%2Fv2%2Fcomments&post=37100"}],"version-history":[{"count":1,"href":"https:\/\/mersinkadingazetesi.com\/index.php?rest_route=\/wp\/v2\/posts\/37100\/revisions"}],"predecessor-version":[{"id":37102,"href":"https:\/\/mersinkadingazetesi.com\/index.php?rest_route=\/wp\/v2\/posts\/37100\/revisions\/37102"}],"wp:featuredmedia":[{"embeddable":true,"href":"https:\/\/mersinkadingazetesi.com\/index.php?rest_route=\/wp\/v2\/media\/37101"}],"wp:attachment":[{"href":"https:\/\/mersinkadingazetesi.com\/index.php?rest_route=%2Fwp%2Fv2%2Fmedia&parent=37100"}],"wp:term":[{"taxonomy":"category","embeddable":true,"href":"https:\/\/mersinkadingazetesi.com\/index.php?rest_route=%2Fwp%2Fv2%2Fcategories&post=37100"},{"taxonomy":"post_tag","embeddable":true,"href":"https:\/\/mersinkadingazetesi.com\/index.php?rest_route=%2Fwp%2Fv2%2Ftags&post=37100"}],"curies":[{"name":"wp","href":"https:\/\/api.w.org\/{rel}","templated":true}]}}