{"id":37104,"date":"2024-11-21T11:48:25","date_gmt":"2024-11-21T08:48:25","guid":{"rendered":"https:\/\/mersinkadingazetesi.com\/?p=37104"},"modified":"2024-11-21T11:48:25","modified_gmt":"2024-11-21T08:48:25","slug":"akdeniz-belediyesinden-dunya-cocuk-haklari-gunu-senligi","status":"publish","type":"post","link":"https:\/\/mersinkadingazetesi.com\/?p=37104","title":{"rendered":"AKDEN\u0130Z BELED\u0130YES\u0130\u2019NDEN \u201cD\u00dcNYA \u00c7OCUK HAKLARI G\u00dcN\u00dc \u015eENL\u0130\u011e\u0130\u201d"},"content":{"rendered":"\n<p>Akdeniz Belediyesi, \u201820 Kas\u0131m D\u00fcnya \u00c7ocuk Haklar\u0131 G\u00fcn\u00fc\u2019 dolay\u0131s\u0131yla farkl\u0131 mahallelerden y\u00fczlerce \u00e7ocu\u011fun kat\u0131larak ya\u015f\u0131tlar\u0131yla g\u00f6nl\u00fcnce e\u011flendi\u011fi bir \u015fenli\u011fe imza att\u0131. Ayn\u0131 g\u00fcn, uzmanlar\u0131n sunumu ve kad\u0131nlar\u0131n yo\u011fun kat\u0131l\u0131m\u0131yla, \u00e7ocuk haklar\u0131na y\u00f6nelik bilgilendirme paneli de d\u00fczenlendi.<\/p>\n\n\n\n<p>K\u00fclt\u00fcr ve Sosyal \u0130\u015fler M\u00fcd\u00fcrl\u00fc\u011f\u00fc\u2019nce belediye hizmet binas\u0131 \u00f6n\u00fcnde d\u00fczenlenen \u015fenli\u011fe y\u00fczlerce minik \u00e7ocu\u011fun yan\u0131 s\u0131ra anneleri de kat\u0131ld\u0131. Yerel sanat\u00e7\u0131lar\u0131n sergiledi\u011fi canl\u0131 m\u00fczik e\u015fli\u011finde oynayan minikler, \u00e7e\u015fitli at\u00f6lye ve etkinlik alanlar\u0131nda da resimler yap\u0131p, yumu\u015fak kilden \u00e7e\u015fitli malzemeler \u00fcrettiler, y\u00fczlerini boyad\u0131lar. \u015eenli\u011fin yap\u0131ld\u0131\u011f\u0131 alana as\u0131lan; \u201cSevgi Her \u00c7ocu\u011fun Hakk\u0131d\u0131r\u201d, \u201c\u00c7ocuk \u0130\u015f\u00e7ili\u011fine Hay\u0131r\u201d, \u201c\u00c7ocuklar Mutluysa D\u00fcnya G\u00fczelle\u015fir\u201d, \u201c\u015eiddet ve \u0130stismar De\u011fil, Sevgi ve \u015eefkat\u201d yaz\u0131l\u0131 d\u00f6vizler dikkat \u00e7ekti. G\u00fcn dolay\u0131s\u0131yla ayn\u0131 dakikalarda konferans salonunda ise; Mersin \u00c7ocuk Haklar\u0131 Derne\u011fi Ba\u015fkan\u0131 Sebahat Aslan, Sosyal Hizmet Uzman\u0131 Z\u00fclfiye Demir ile Avukat Hac\u0131 Baskak\u2019\u0131n sunumuyla ger\u00e7ekle\u015fen panelde, \u00e7ocuk haklar\u0131na ili\u015fkin kat\u0131l\u0131mc\u0131lara bilgiler verildi.<\/p>\n\n\n\n<p>\u201cSava\u015flar\u0131n en b\u00fcy\u00fck ma\u011fduru \u00e7ocuklar ve kad\u0131nlard\u0131r\u201d<\/p>\n\n\n\n<p>Panelin a\u00e7\u0131l\u0131\u015f\u0131nda s\u00f6z alan Akdeniz Belediyesi E\u015f Ba\u015fkan\u0131 Nuriye Arslan; \u201c\u0130sterdik ki ger\u00e7ekten \u00e7ocuklara lay\u0131k bir sistemin i\u00e7inde hep birlikte ya\u015fam\u0131m\u0131z\u0131 s\u00fcrd\u00fcrseydik. Ama ne yaz\u0131k ki mevcut durum g\u00f6zler \u00f6n\u00fcnde. \u00d6zellikle Ortado\u011fu genelinde bitmeyen, t\u00fckenmeyen sava\u015flar\u0131n ma\u011fduriyetini en i\u00e7ten, en derin ya\u015fayanlar kad\u0131nlar ve \u00e7ocuklard\u0131r. \u00c7ocuklar\u0131n, kad\u0131nlar\u0131n ya\u015fam hakk\u0131 ihlal ediliyor\u201d dedi.<\/p>\n\n\n\n<p>\u201c\u00c7ocuklar\u0131m\u0131z\u0131n umudunu ye\u015ferten politikalar \u00fcretmeliyiz\u201d<\/p>\n\n\n\n<p>S\u00f6zlerini; \u201c\u00c7ocuklar\u0131m\u0131z, bizim gelece\u011fimizdir, d\u00fcnyam\u0131z\u0131n gelece\u011fi onlar\u0131n elindedir\u201d \u015feklinde s\u00fcrd\u00fcren E\u015f Ba\u015fkan Arslan; \u201cHep birlikte, gelece\u011fimize, yani sevgili \u00e7ocuklar\u0131m\u0131za umut ye\u015fertecek politikalar \u00fcretmek zorunday\u0131z. Bu konuda da hem bizlere hem de annelere b\u00fcy\u00fck g\u00f6revler d\u00fc\u015f\u00fcyor. Ya\u015fam\u0131 \u00f6ren, ya\u015fam\u0131 y\u00fcr\u00fcten kad\u0131nd\u0131r. \u00c7ocuklar\u0131 e\u011fiten biz kad\u0131nlar\u0131z. Bizler de \u00e7ocuklar\u0131m\u0131z\u0131 hakk\u0131yla ve lay\u0131k\u0131yla yeti\u015ftirebilmek i\u00e7in d\u00f6rt koldan sar\u0131lmal\u0131y\u0131z. Bu duygu ve d\u00fc\u015f\u00fcncelerle 20 Kas\u0131m D\u00fcnya \u00c7ocuk Haklar\u0131 G\u00fcn\u00fc kutlu olsun\u201d ifadelerini kulland\u0131. E\u015f Ba\u015fkan Arslan, ard\u0131ndan \u015fenli\u011fin d\u00fczenlendi\u011fi alan\u0131 ziyaret ederek, g\u00f6n\u00fcllerince e\u011flenen minik \u00e7ocuklar ve anneleri ile bir araya gelerek sevin\u00e7 ve mutluluklar\u0131na ortak oldu.<\/p>\n\n\n\n<p><\/p>\n","protected":false},"excerpt":{"rendered":"<p>Akdeniz Belediyesi, \u201820 Kas\u0131m D\u00fcnya \u00c7ocuk Haklar\u0131 G\u00fcn\u00fc\u2019 dolay\u0131s\u0131yla farkl\u0131 mahallelerden y\u00fczlerce \u00e7ocu\u011fun kat\u0131larak ya\u015f\u0131tlar\u0131yla g\u00f6nl\u00fcnce e\u011flendi\u011fi bir \u015fenli\u011fe imza att\u0131. Ayn\u0131 g\u00fcn, uzmanlar\u0131n sunumu ve kad\u0131nlar\u0131n yo\u011fun kat\u0131l\u0131m\u0131yla, \u00e7ocuk haklar\u0131na y\u00f6nelik bilgilendirme paneli de d\u00fczenlendi. K\u00fclt\u00fcr ve Sosyal \u0130\u015fler M\u00fcd\u00fcrl\u00fc\u011f\u00fc\u2019nce belediye hizmet binas\u0131 \u00f6n\u00fcnde d\u00fczenlenen \u015fenli\u011fe y\u00fczlerce minik \u00e7ocu\u011fun yan\u0131 s\u0131ra anneleri de kat\u0131ld\u0131. [&hellip;]<\/p>\n","protected":false},"author":2,"featured_media":37105,"comment_status":"closed","ping_status":"closed","sticky":false,"template":"","format":"standard","meta":{"footnotes":""},"categories":[3,5],"tags":[],"class_list":["post-37104","post","type-post","status-publish","format-standard","has-post-thumbnail","hentry","category-manset","category-mersin"],"views":3,"_links":{"self":[{"href":"https:\/\/mersinkadingazetesi.com\/index.php?rest_route=\/wp\/v2\/posts\/37104"}],"collection":[{"href":"https:\/\/mersinkadingazetesi.com\/index.php?rest_route=\/wp\/v2\/posts"}],"about":[{"href":"https:\/\/mersinkadingazetesi.com\/index.php?rest_route=\/wp\/v2\/types\/post"}],"author":[{"embeddable":true,"href":"https:\/\/mersinkadingazetesi.com\/index.php?rest_route=\/wp\/v2\/users\/2"}],"replies":[{"embeddable":true,"href":"https:\/\/mersinkadingazetesi.com\/index.php?rest_route=%2Fwp%2Fv2%2Fcomments&post=37104"}],"version-history":[{"count":1,"href":"https:\/\/mersinkadingazetesi.com\/index.php?rest_route=\/wp\/v2\/posts\/37104\/revisions"}],"predecessor-version":[{"id":37106,"href":"https:\/\/mersinkadingazetesi.com\/index.php?rest_route=\/wp\/v2\/posts\/37104\/revisions\/37106"}],"wp:featuredmedia":[{"embeddable":true,"href":"https:\/\/mersinkadingazetesi.com\/index.php?rest_route=\/wp\/v2\/media\/37105"}],"wp:attachment":[{"href":"https:\/\/mersinkadingazetesi.com\/index.php?rest_route=%2Fwp%2Fv2%2Fmedia&parent=37104"}],"wp:term":[{"taxonomy":"category","embeddable":true,"href":"https:\/\/mersinkadingazetesi.com\/index.php?rest_route=%2Fwp%2Fv2%2Fcategories&post=37104"},{"taxonomy":"post_tag","embeddable":true,"href":"https:\/\/mersinkadingazetesi.com\/index.php?rest_route=%2Fwp%2Fv2%2Ftags&post=37104"}],"curies":[{"name":"wp","href":"https:\/\/api.w.org\/{rel}","templated":true}]}}