{"id":37111,"date":"2024-11-21T17:35:18","date_gmt":"2024-11-21T14:35:18","guid":{"rendered":"https:\/\/mersinkadingazetesi.com\/?p=37111"},"modified":"2024-11-21T17:35:19","modified_gmt":"2024-11-21T14:35:19","slug":"dunya-cocuk-haklari-gunu-toroslarda-bir-dizi-etkinlikle-kutlandi","status":"publish","type":"post","link":"https:\/\/mersinkadingazetesi.com\/?p=37111","title":{"rendered":"D\u00dcNYA \u00c7OCUK HAKLARI G\u00dcN\u00dc, TOROSLAR&#8217;DA B\u0130R D\u0130Z\u0130 ETK\u0130NL\u0130KLE KUTLANDI"},"content":{"rendered":"\n<p><strong>Toroslar Belediyesi, \u00c7ocuk Haklar\u0131 konusunda fark\u0131ndal\u0131k olu\u015fturmak amac\u0131yla &#8220;20 Kas\u0131m D\u00fcnya \u00c7ocuk Haklar\u0131 G\u00fcn\u00fc&#8221; etkinliklerini il\u00e7enin d\u00f6rt bir yan\u0131na ta\u015f\u0131d\u0131.<\/strong><\/p>\n\n\n\n<p>\u00c7ocuk at\u00f6lyeleri, resim sergisi ve tiyatro oyunuyla ta\u00e7lanan etkinliklerde \u00e7ocuklar, e\u011flenerek haklar\u0131n\u0131 \u00f6\u011frendi. Mustafa Kemal, \u00c7ukurova ve Halkkent Mahallelerindeki kapal\u0131 semt pazarlar\u0131nda ger\u00e7ekle\u015fen etkinliklerin ard\u0131ndan &#8220;Afacan Karde\u015fler Piknikte&#8221; tiyatro oyununu da aileleriyle birlikte izleyen \u00e7ocuklar\u0131n mutluluklar\u0131 ise y\u00fczlerine yans\u0131d\u0131. Farkl\u0131 ya\u015f grubundaki y\u00fczlerce \u00e7ocuk keyifli bir g\u00fcn ge\u00e7irdi.<\/p>\n\n\n\n<p>Toroslar Belediyesi Kad\u0131n ve Aile Hizmetleri M\u00fcd\u00fcrl\u00fc\u011f\u00fc&#8217;n\u00fcn koordinesinde ger\u00e7ekle\u015fen etkinlikler;&nbsp; &#8220;\u00c7ocuk Haklar\u0131 E\u011fitimi&#8221; ve &#8220;Yerel Y\u00f6netimlerin \u00c7ocuk Politikas\u0131ndaki Rol\u00fc&#8221; paneliyle devam etti.<\/p>\n\n\n\n<p>Moderat\u00f6rl\u00fc\u011f\u00fcn\u00fc Deniz Kaplan&#8217;\u0131n yapt\u0131\u011f\u0131 panelde; \u00c7ocuk ve Gen\u00e7lik \u00c7al\u0131\u015fmalar\u0131 Uzman\u0131 Ceren Suntekin, \u00c7ocuk Haklar\u0131 ve \u00c7ocuk \u00c7al\u0131\u015fmalar\u0131 Dan\u0131\u015fman\u0131 G\u00f6zde Durmu\u015f, \u00c7ocuk Haklar\u0131 ve \u00c7ocuk \u00c7al\u0131\u015fmalar\u0131 E\u011fitmeni Sevin\u00e7 Ko\u00e7ak konu\u015fmac\u0131 olarak yer ald\u0131.<\/p>\n\n\n\n<p>Panelistler, Birle\u015fmi\u015f Milletler \u00c7ocuk Haklar\u0131 Bildirgesi ile ilgili bilgi vererek, bu konuda toplumsal bilincin \u00f6nemini anlatt\u0131. Bir\u00e7ok ba\u015fl\u0131kta sorunlar ve \u00e7\u00f6z\u00fcm \u00f6nerileri \u00fczerinde duruldu.<\/p>\n\n\n\n<p>Program, 24 Kas\u0131m Pazar g\u00fcn\u00fc \u00c7a\u011fda\u015fkent Mahallesi&#8217;ndeki 3 Ocak Park\u0131&#8217;nda saat 10.00&#8217;da ba\u015flayacak olan &#8220;\u00c7ocuk Spor Etkinlikleri&#8221; ve saat 15.00&#8217;de yap\u0131lacak &#8220;\u00c7ocuk \u015eark\u0131lar\u0131 Konseri&#8221; ile son bulacak.<\/p>\n\n\n\n<p><strong>BA\u015eKAN YILDIZ, &#8220;GELECE\u011e\u0130M\u0130Z OLAN \u00c7OCUKLARIMIZIN HAKLARINA HEP B\u0130RL\u0130KTE SAH\u0130P \u00c7IKALIM&#8221;<\/strong><\/p>\n\n\n\n<p>Toroslar Belediye Ba\u015fkan\u0131 Abdurrahman Y\u0131ld\u0131z, &#8220;T\u00fcm \u00e7ocuklar\u0131n mutlu, g\u00fcvenli ve e\u015fit bir d\u00fcnyada ya\u015famas\u0131 i\u00e7in elimizden gelen her \u015feyi yapmaya devam edece\u011fiz&#8221; dedi.<\/p>\n\n\n\n<p>\u00c7ocuk haklar\u0131n\u0131n en temel hak oldu\u011funu ifade eden Ba\u015fkan Y\u0131ld\u0131z, &#8220;Yar\u0131n\u0131n b\u00fcy\u00fckleri, gelece\u011fimizin g\u00fcvencesi \u00e7ocuklara t\u00fcm haklar\u0131n\u0131n korundu\u011fu g\u00fczel bir d\u00fcnya b\u0131rakmak hepimizin ortak g\u00f6revidir. Bu duygu ve d\u00fc\u015f\u00fcncelerle t\u00fcm \u00e7ocuklar\u0131m\u0131z\u0131n hayallerini ger\u00e7ekle\u015ftirebilece\u011fi bir d\u00fcnya diliyorum&#8221; diye konu\u015ftu.<\/p>\n","protected":false},"excerpt":{"rendered":"<p>Toroslar Belediyesi, \u00c7ocuk Haklar\u0131 konusunda fark\u0131ndal\u0131k olu\u015fturmak amac\u0131yla &#8220;20 Kas\u0131m D\u00fcnya \u00c7ocuk Haklar\u0131 G\u00fcn\u00fc&#8221; etkinliklerini il\u00e7enin d\u00f6rt bir yan\u0131na ta\u015f\u0131d\u0131. \u00c7ocuk at\u00f6lyeleri, resim sergisi ve tiyatro oyunuyla ta\u00e7lanan etkinliklerde \u00e7ocuklar, e\u011flenerek haklar\u0131n\u0131 \u00f6\u011frendi. Mustafa Kemal, \u00c7ukurova ve Halkkent Mahallelerindeki kapal\u0131 semt pazarlar\u0131nda ger\u00e7ekle\u015fen etkinliklerin ard\u0131ndan &#8220;Afacan Karde\u015fler Piknikte&#8221; tiyatro oyununu da aileleriyle birlikte izleyen \u00e7ocuklar\u0131n [&hellip;]<\/p>\n","protected":false},"author":2,"featured_media":37112,"comment_status":"closed","ping_status":"closed","sticky":false,"template":"","format":"standard","meta":{"footnotes":""},"categories":[3],"tags":[],"class_list":["post-37111","post","type-post","status-publish","format-standard","has-post-thumbnail","hentry","category-manset"],"views":2,"_links":{"self":[{"href":"https:\/\/mersinkadingazetesi.com\/index.php?rest_route=\/wp\/v2\/posts\/37111"}],"collection":[{"href":"https:\/\/mersinkadingazetesi.com\/index.php?rest_route=\/wp\/v2\/posts"}],"about":[{"href":"https:\/\/mersinkadingazetesi.com\/index.php?rest_route=\/wp\/v2\/types\/post"}],"author":[{"embeddable":true,"href":"https:\/\/mersinkadingazetesi.com\/index.php?rest_route=\/wp\/v2\/users\/2"}],"replies":[{"embeddable":true,"href":"https:\/\/mersinkadingazetesi.com\/index.php?rest_route=%2Fwp%2Fv2%2Fcomments&post=37111"}],"version-history":[{"count":1,"href":"https:\/\/mersinkadingazetesi.com\/index.php?rest_route=\/wp\/v2\/posts\/37111\/revisions"}],"predecessor-version":[{"id":37113,"href":"https:\/\/mersinkadingazetesi.com\/index.php?rest_route=\/wp\/v2\/posts\/37111\/revisions\/37113"}],"wp:featuredmedia":[{"embeddable":true,"href":"https:\/\/mersinkadingazetesi.com\/index.php?rest_route=\/wp\/v2\/media\/37112"}],"wp:attachment":[{"href":"https:\/\/mersinkadingazetesi.com\/index.php?rest_route=%2Fwp%2Fv2%2Fmedia&parent=37111"}],"wp:term":[{"taxonomy":"category","embeddable":true,"href":"https:\/\/mersinkadingazetesi.com\/index.php?rest_route=%2Fwp%2Fv2%2Fcategories&post=37111"},{"taxonomy":"post_tag","embeddable":true,"href":"https:\/\/mersinkadingazetesi.com\/index.php?rest_route=%2Fwp%2Fv2%2Ftags&post=37111"}],"curies":[{"name":"wp","href":"https:\/\/api.w.org\/{rel}","templated":true}]}}