{"id":37114,"date":"2024-11-21T17:36:32","date_gmt":"2024-11-21T14:36:32","guid":{"rendered":"https:\/\/mersinkadingazetesi.com\/?p=37114"},"modified":"2024-11-21T17:36:33","modified_gmt":"2024-11-21T14:36:33","slug":"mezitlide-kadinlara-yonelik-calismalar-tum-hiziyla-devam-ediyor","status":"publish","type":"post","link":"https:\/\/mersinkadingazetesi.com\/?p=37114","title":{"rendered":"MEZ\u0130TL\u0130&#8217;DE KADINLARA Y\u00d6NEL\u0130K \u00c7ALI\u015eMALAR T\u00dcM HIZIYLA DEVAM ED\u0130YOR"},"content":{"rendered":"\n<p>Mezitli Belediye Ba\u015fkan\u0131 Ahmet Serkan Tuncer, kad\u0131nlar\u0131n toplumsal hayatta daha g\u00fc\u00e7l\u00fc bir yer edinmesi ve ya\u015fam kalitelerinin artmas\u0131 amac\u0131yla g\u00f6rev s\u00fcresi boyunca bir\u00e7ok \u00f6nemli projeyi hayata ge\u00e7irmeye devam ediyor.&nbsp;<strong>Ba\u015fkan Ahmet Serkan Tuncer<\/strong>, kad\u0131nlar\u0131n her alanda daha g\u00fc\u00e7l\u00fc ve \u00f6zg\u00fcvenli bireyler haline gelmesi i\u00e7in \u00e7al\u0131\u015fmalar\u0131n\u0131 kararl\u0131l\u0131kla s\u00fcrd\u00fcreceklerini belirterek, &#8220;G\u00fc\u00e7l\u00fc kad\u0131n, g\u00fc\u00e7l\u00fc toplum demektir&#8221; diyerek, kad\u0131nlara y\u00f6nelik projelerinin devam edece\u011fini vurgulad\u0131.<\/p>\n\n\n\n<p>Ba\u015fkan Tuncer g\u00f6reve gelmesinin ilk y\u0131l\u0131 dolmadan Mezitli&#8217;de kad\u0131nlara y\u00f6nelik \u00e7al\u0131\u015fmalar\u0131na t\u00fcm h\u0131z\u0131yla devam ediyor. Kad\u0131n ve Aile Hizmetleri M\u00fcd\u00fcrl\u00fc\u011f\u00fc kurarak b\u00fcy\u00fck be\u011feni toplayan Ba\u015fkan Tuncer fark\u0131ndal\u0131k \u00e7al\u0131\u015fmalar\u0131 da ger\u00e7ekle\u015ftiriyor.<\/p>\n\n\n\n<p><strong>KADIN VE A\u0130LE H\u0130ZMETLER\u0130 M\u00dcD\u00dcRL\u00dc\u011e\u00dc KURULDU<\/strong><\/p>\n\n\n\n<p>Ba\u015fkan Tuncer Kad\u0131nlar\u0131n ihtiya\u00e7lar\u0131na y\u00f6nelik daha etkili \u00e7\u00f6z\u00fcmler sunabilmek i\u00e7in Mezitli Belediyesi b\u00fcnyesinde&nbsp;<strong>Kad\u0131n ve Aile Hizmetleri M\u00fcd\u00fcrl\u00fc\u011f\u00fc<\/strong>&nbsp;kurdu. M\u00fcd\u00fcrl\u00fck b\u00fcnyesinde kad\u0131nlara y\u00f6nelik \u00e7al\u0131\u015fmalar aktif olarak devam ediyor.<\/p>\n\n\n\n<p><strong>KADIN DANI\u015eMA MERKEZ\u0130 VE PS\u0130KOLOJ\u0130K DESTEK H\u0130ZMETLER\u0130 \u0130LE KADINLARA DESTEK OLUNUYOR<\/strong><\/p>\n\n\n\n<p>Kad\u0131nlar\u0131n kar\u015f\u0131la\u015ft\u0131klar\u0131 zorluklarla ba\u015f edebilmeleri i\u00e7in&nbsp;<strong>Kad\u0131n ve \u00c7ocuk Dan\u0131\u015fma Merkezi<\/strong>daha etkili bir \u015fekilde faaliyetlerine devam ediyor. Merkezde, uzman ekipler taraf\u0131ndan psikolojik destek veriliyor, Mersin Barosu i\u015f birli\u011fiyle hukuki y\u00f6nlendirme hizmetleri sunuluyor.<\/p>\n\n\n\n<p><strong>KADIN SA\u011eLI\u011eI VE FARKINDALIK \u00c7ALI\u015eMALARI S\u00dcR\u00dcYOR<\/strong><\/p>\n\n\n\n<p>Kad\u0131n sa\u011fl\u0131\u011f\u0131na b\u00fcy\u00fck \u00f6nem veren Ba\u015fkan Tuncer,&nbsp;<strong>Sa\u011fl\u0131k Bakanl\u0131\u011f\u0131<\/strong>&nbsp;ve \u00f6zel sa\u011fl\u0131k kurulu\u015flar\u0131yla i\u015f birli\u011fi yaparak kanser taramalar\u0131, mamografi deste\u011fi ve onkolojik tedavi hizmetleri sunuyor. Ayr\u0131ca, d\u00fczenlenen fark\u0131ndal\u0131k \u00e7al\u0131\u015fmalar\u0131 ve \u015fiddetle m\u00fccadele seminerleriyle kad\u0131nlar\u0131n bilin\u00e7lenmesi sa\u011flan\u0131yor.<\/p>\n\n\n\n<p><strong>KADIN \u00dcRET\u0130C\u0130 PAZARLARI YO\u011eUN TALEP G\u00d6R\u00dcYOR<\/strong><\/p>\n\n\n\n<p>Kad\u0131nlar\u0131n ekonomik hayatta daha aktif rol almas\u0131 amac\u0131yla&nbsp;<strong>Kad\u0131n \u00dcretici Pazarlar\u0131<\/strong>&nbsp;b\u00fcy\u00fct\u00fcl\u00fcyor. Bu pazarlarda kad\u0131nlar, el emeklerini sergileyerek hem ekonomik ba\u011f\u0131ms\u0131zl\u0131klar\u0131n\u0131 kazan\u0131yor hem de aile b\u00fct\u00e7elerine katk\u0131da bulunuyor.<\/p>\n\n\n\n<p><strong>KIZ \u00d6\u011eRENC\u0130LERE YURT DESTE\u011e\u0130 \u0130LE \u00d6\u011eRENC\u0130LERE DESTEK EL\u0130<\/strong><\/p>\n\n\n\n<p>E\u011fitimde f\u0131rsat e\u015fitli\u011fi sa\u011flamak i\u00e7in k\u0131z \u00f6\u011frencilerinin bar\u0131nma sorunlar\u0131na \u00e7\u00f6z\u00fcm getirilerek,&nbsp;<strong>k\u0131z \u00f6\u011frenci yurdu hayata ge\u00e7irildi<\/strong>. Behiye \u015eifan Kad\u0131n Konukevi&#8217;ni tamamlanarak hizmete sunuldu ve gen\u00e7lerin e\u011fitimlerini daha rahat s\u00fcrd\u00fcrebilmelerini sa\u011flad\u0131.<\/p>\n\n\n\n<p><strong>KADIN A\u0130LE AT\u00d6LYELER\u0130 VE MESLEK ED\u0130ND\u0130RME KURSLARI \u00c7ALI\u015eMALARI S\u00dcR\u00dcYOR<\/strong><\/p>\n\n\n\n<p>Kad\u0131nlar\u0131n istihdamda daha fazla yer alabilmesi i\u00e7in&nbsp;<strong>meslek edindirme kurslar\u0131<\/strong>&nbsp;d\u00fczenleniyor. El becerilerinden giri\u015fimcilik e\u011fitimlerine kadar \u00e7e\u015fitli alanlarda verilen e\u011fitimlerle kad\u0131nlar\u0131n ekonomik ba\u011f\u0131ms\u0131zl\u0131klar\u0131n\u0131 kazanmalar\u0131 hedefleniyor.<\/p>\n\n\n\n<p><strong>GEBEL\u0130K OKULU VE A\u0130LE DANI\u015eMANLI\u011eI H\u0130ZMETLER\u0130 HAYATA GE\u00c7\u0130R\u0130LECEK<\/strong><\/p>\n\n\n\n<p>Yak\u0131nda a\u00e7\u0131lacak olan&nbsp;<strong>Gebelik Okulu<\/strong>&nbsp;ile anne adaylar\u0131na do\u011fum \u00f6ncesi haz\u0131rl\u0131k, emzirme, bebek bak\u0131m\u0131 ve sa\u011fl\u0131kl\u0131 beslenme konular\u0131nda e\u011fitimler verilecek. Bu sayede,bilin\u00e7li annelerin yeti\u015fmesi sa\u011flanacak.<\/p>\n","protected":false},"excerpt":{"rendered":"<p>Mezitli Belediye Ba\u015fkan\u0131 Ahmet Serkan Tuncer, kad\u0131nlar\u0131n toplumsal hayatta daha g\u00fc\u00e7l\u00fc bir yer edinmesi ve ya\u015fam kalitelerinin artmas\u0131 amac\u0131yla g\u00f6rev s\u00fcresi boyunca bir\u00e7ok \u00f6nemli projeyi hayata ge\u00e7irmeye devam ediyor.&nbsp;Ba\u015fkan Ahmet Serkan Tuncer, kad\u0131nlar\u0131n her alanda daha g\u00fc\u00e7l\u00fc ve \u00f6zg\u00fcvenli bireyler haline gelmesi i\u00e7in \u00e7al\u0131\u015fmalar\u0131n\u0131 kararl\u0131l\u0131kla s\u00fcrd\u00fcreceklerini belirterek, &#8220;G\u00fc\u00e7l\u00fc kad\u0131n, g\u00fc\u00e7l\u00fc toplum demektir&#8221; diyerek, kad\u0131nlara y\u00f6nelik [&hellip;]<\/p>\n","protected":false},"author":2,"featured_media":37115,"comment_status":"closed","ping_status":"closed","sticky":false,"template":"","format":"standard","meta":{"footnotes":""},"categories":[34,2,3,5],"tags":[],"class_list":["post-37114","post","type-post","status-publish","format-standard","has-post-thumbnail","hentry","category-flas-haber","category-gundem","category-manset","category-mersin"],"views":8,"_links":{"self":[{"href":"https:\/\/mersinkadingazetesi.com\/index.php?rest_route=\/wp\/v2\/posts\/37114"}],"collection":[{"href":"https:\/\/mersinkadingazetesi.com\/index.php?rest_route=\/wp\/v2\/posts"}],"about":[{"href":"https:\/\/mersinkadingazetesi.com\/index.php?rest_route=\/wp\/v2\/types\/post"}],"author":[{"embeddable":true,"href":"https:\/\/mersinkadingazetesi.com\/index.php?rest_route=\/wp\/v2\/users\/2"}],"replies":[{"embeddable":true,"href":"https:\/\/mersinkadingazetesi.com\/index.php?rest_route=%2Fwp%2Fv2%2Fcomments&post=37114"}],"version-history":[{"count":1,"href":"https:\/\/mersinkadingazetesi.com\/index.php?rest_route=\/wp\/v2\/posts\/37114\/revisions"}],"predecessor-version":[{"id":37116,"href":"https:\/\/mersinkadingazetesi.com\/index.php?rest_route=\/wp\/v2\/posts\/37114\/revisions\/37116"}],"wp:featuredmedia":[{"embeddable":true,"href":"https:\/\/mersinkadingazetesi.com\/index.php?rest_route=\/wp\/v2\/media\/37115"}],"wp:attachment":[{"href":"https:\/\/mersinkadingazetesi.com\/index.php?rest_route=%2Fwp%2Fv2%2Fmedia&parent=37114"}],"wp:term":[{"taxonomy":"category","embeddable":true,"href":"https:\/\/mersinkadingazetesi.com\/index.php?rest_route=%2Fwp%2Fv2%2Fcategories&post=37114"},{"taxonomy":"post_tag","embeddable":true,"href":"https:\/\/mersinkadingazetesi.com\/index.php?rest_route=%2Fwp%2Fv2%2Ftags&post=37114"}],"curies":[{"name":"wp","href":"https:\/\/api.w.org\/{rel}","templated":true}]}}