{"id":37117,"date":"2024-11-21T17:37:13","date_gmt":"2024-11-21T14:37:13","guid":{"rendered":"https:\/\/mersinkadingazetesi.com\/?p=37117"},"modified":"2024-11-21T17:37:13","modified_gmt":"2024-11-21T14:37:13","slug":"deva-partili-ekmenden-bakana-ve-hava-yolu-sirketlerine-mersinden-avrupaya-direkt-ucuslar-arttirilsin","status":"publish","type":"post","link":"https:\/\/mersinkadingazetesi.com\/?p=37117","title":{"rendered":"DEVA Partili Ekmen\u2019den Bakan\u2019a ve hava yolu \u015firketlerine: &#8220;Mersin\u2019den Avrupa\u2019ya direkt u\u00e7u\u015flar artt\u0131r\u0131ls\u0131n&#8221;\u00a0"},"content":{"rendered":"\n<p><strong>DEVA Partisi Genel Ba\u015fkan Yard\u0131mc\u0131s\u0131 ve Mersin Milletvekili Mehmet Emin Ekmen, TBMM Ula\u015ft\u0131rma Komisyonunda Turizm Geli\u015ftirme Ajans\u0131 Say\u0131\u015ftay raporu g\u00f6r\u00fc\u015fmelerine kat\u0131larak, Mersin\u2019in d\u0131\u015f hat ve i\u00e7 hat sefer say\u0131lar\u0131n\u0131n art\u0131r\u0131lmas\u0131 \u00e7a\u011fr\u0131s\u0131nda bulundu. Ekmen, Mersin\u2019in inan\u00e7 turizmi, tarihi antik kentler, tar\u0131m ve turizmdeki potansiyeline dikkat \u00e7ekerek, yurt d\u0131\u015f\u0131na direkt u\u00e7u\u015f say\u0131s\u0131n\u0131n artt\u0131r\u0131lmas\u0131n\u0131n \u015fehrin ekonomisine \u00f6nemli katk\u0131 sa\u011flayaca\u011f\u0131n\u0131 belirtti.<\/strong><\/p>\n\n\n\n<p><strong>D\u0131\u015f hat sefer say\u0131lar\u0131 art\u0131r\u0131lmal\u0131<\/strong><\/p>\n\n\n\n<p>Ekmen, Mersin\u2019in T\u00fcrkiye&#8217;nin en \u00e7ok vergi \u00f6deyen 6\u2019nc\u0131 ili oldu\u011funu vurgulayarak, d\u0131\u015f hat seferlerinin art\u0131r\u0131lmas\u0131n\u0131n gereklili\u011fine dikkat \u00e7ekti. Ekmen, \u201cMersin, Avrupa \u00fclkelerine direkt u\u00e7u\u015f bekliyor. D\u0131\u015f hat seferlerinin art\u0131r\u0131lmas\u0131, b\u00f6lgeye nitelikli turistin gelmesini sa\u011flarken, ekonomiye de b\u00fcy\u00fck katk\u0131 sunacakt\u0131r. \u0130\u00e7 hat seferleri de ayn\u0131 \u015fekilde art\u0131r\u0131lmal\u0131. \u00d6rne\u011fin, Erzurum\u2019dan eksi 10 dereceden bir bu\u00e7uk saat sonra art\u0131 15 dereceye ula\u015f\u0131labilir. Bu avantaj Mersin\u2019in y\u0131l boyunca 12 ay turizm yap\u0131labilir bir \u015fehir oldu\u011funu g\u00f6steriyor\u201d dedi.<\/p>\n\n\n\n<p><strong>THY Planet Sistemi&#8217;nde Mersin de tan\u0131t\u0131lmal\u0131<\/strong><\/p>\n\n\n\n<p>Ekmen, THY Planet e\u011flence sisteminde 41 il ve 4 il\u00e7enin tan\u0131t\u0131m videosu bulundu\u011funu, ancak Mersin, Batman ve Mardin gibi \u015fehirlerin yer almad\u0131\u011f\u0131n\u0131 belirtti. Ekmen, \u201cKapadokya, Efes, Antalya, \u015eanl\u0131urfa \u00f6n planda tutuluyor ama Mersin, Batman, Siirt gibi \u015fehirlerimiz yok. Bu illerimizin de tan\u0131t\u0131m stratejilerinde yer almas\u0131 gerekti\u011fini d\u00fc\u015f\u00fcn\u00fcyoruz\u201d diye konu\u015ftu.<\/p>\n\n\n\n<p><strong>Ekmen&#8217;den Bakan\u2019a ve hava yolu \u015firketlerine \u00e7a\u011fr\u0131&nbsp;<\/strong><\/p>\n\n\n\n<p>Ekmen, sunuma kat\u0131lan Turizm Bakan Yard\u0131mc\u0131s\u0131 Nadir Alparslan\u2019a seslenerek \u015fu ifadeleri kulland\u0131:&nbsp;<\/p>\n\n\n\n<p>\u201cSay\u0131n Bakan, size ve arac\u0131l\u0131\u011f\u0131n\u0131zla T\u00fcrk Hava Yollar\u0131 Genel M\u00fcd\u00fcr\u00fc Bilal Ek\u015fi, AnadoluJet Genel M\u00fcd\u00fcr\u00fc Kerem Sarp ve Pegasus Genel M\u00fcd\u00fcr\u00fc G\u00fcliz \u00d6zt\u00fcrk\u2019e sesleniyorum. Mersin\u2019in turizm ve tar\u0131m potansiyelini harekete ge\u00e7irmek i\u00e7in hem i\u00e7 hem d\u0131\u015f hat seferlerini art\u0131rmak, Avrupa \u00fclkelerine direkt u\u00e7u\u015flar\u0131 ba\u015flatmak ve Mersin\u2019in tan\u0131t\u0131m \u00e7al\u0131\u015fmalar\u0131nda yer almas\u0131n\u0131 sa\u011flamak b\u00fcy\u00fck \u00f6nem ta\u015f\u0131maktad\u0131r. 12 ay boyunca turizme uygun olan Mersin\u2019in bu avantaj\u0131n\u0131 de\u011ferlendirelim.\u201d<\/p>\n","protected":false},"excerpt":{"rendered":"<p>DEVA Partisi Genel Ba\u015fkan Yard\u0131mc\u0131s\u0131 ve Mersin Milletvekili Mehmet Emin Ekmen, TBMM Ula\u015ft\u0131rma Komisyonunda Turizm Geli\u015ftirme Ajans\u0131 Say\u0131\u015ftay raporu g\u00f6r\u00fc\u015fmelerine kat\u0131larak, Mersin\u2019in d\u0131\u015f hat ve i\u00e7 hat sefer say\u0131lar\u0131n\u0131n art\u0131r\u0131lmas\u0131 \u00e7a\u011fr\u0131s\u0131nda bulundu. Ekmen, Mersin\u2019in inan\u00e7 turizmi, tarihi antik kentler, tar\u0131m ve turizmdeki potansiyeline dikkat \u00e7ekerek, yurt d\u0131\u015f\u0131na direkt u\u00e7u\u015f say\u0131s\u0131n\u0131n artt\u0131r\u0131lmas\u0131n\u0131n \u015fehrin ekonomisine \u00f6nemli katk\u0131 [&hellip;]<\/p>\n","protected":false},"author":2,"featured_media":36893,"comment_status":"closed","ping_status":"closed","sticky":false,"template":"","format":"standard","meta":{"footnotes":""},"categories":[34,1,2,3,6],"tags":[],"class_list":["post-37117","post","type-post","status-publish","format-standard","has-post-thumbnail","hentry","category-flas-haber","category-genel","category-gundem","category-manset","category-siyaset-2"],"views":10,"_links":{"self":[{"href":"https:\/\/mersinkadingazetesi.com\/index.php?rest_route=\/wp\/v2\/posts\/37117"}],"collection":[{"href":"https:\/\/mersinkadingazetesi.com\/index.php?rest_route=\/wp\/v2\/posts"}],"about":[{"href":"https:\/\/mersinkadingazetesi.com\/index.php?rest_route=\/wp\/v2\/types\/post"}],"author":[{"embeddable":true,"href":"https:\/\/mersinkadingazetesi.com\/index.php?rest_route=\/wp\/v2\/users\/2"}],"replies":[{"embeddable":true,"href":"https:\/\/mersinkadingazetesi.com\/index.php?rest_route=%2Fwp%2Fv2%2Fcomments&post=37117"}],"version-history":[{"count":1,"href":"https:\/\/mersinkadingazetesi.com\/index.php?rest_route=\/wp\/v2\/posts\/37117\/revisions"}],"predecessor-version":[{"id":37118,"href":"https:\/\/mersinkadingazetesi.com\/index.php?rest_route=\/wp\/v2\/posts\/37117\/revisions\/37118"}],"wp:featuredmedia":[{"embeddable":true,"href":"https:\/\/mersinkadingazetesi.com\/index.php?rest_route=\/wp\/v2\/media\/36893"}],"wp:attachment":[{"href":"https:\/\/mersinkadingazetesi.com\/index.php?rest_route=%2Fwp%2Fv2%2Fmedia&parent=37117"}],"wp:term":[{"taxonomy":"category","embeddable":true,"href":"https:\/\/mersinkadingazetesi.com\/index.php?rest_route=%2Fwp%2Fv2%2Fcategories&post=37117"},{"taxonomy":"post_tag","embeddable":true,"href":"https:\/\/mersinkadingazetesi.com\/index.php?rest_route=%2Fwp%2Fv2%2Ftags&post=37117"}],"curies":[{"name":"wp","href":"https:\/\/api.w.org\/{rel}","templated":true}]}}