{"id":37134,"date":"2024-11-22T11:46:58","date_gmt":"2024-11-22T08:46:58","guid":{"rendered":"https:\/\/mersinkadingazetesi.com\/?p=37134"},"modified":"2024-11-22T11:46:58","modified_gmt":"2024-11-22T08:46:58","slug":"mhp-mersin-milletvekili-uysal-mersindeki-uluslararasi-ogrenci-sayimizi-10-bine-yukseltmek-istiyoruz","status":"publish","type":"post","link":"https:\/\/mersinkadingazetesi.com\/?p=37134","title":{"rendered":"MHP MERS\u0130N M\u0130LLETVEK\u0130L\u0130 UYSAL: MERS\u0130N&#8217;DEK\u0130 ULUSLARARASI \u00d6\u011eRENC\u0130 SAYIMIZI 10 B\u0130NE Y\u00dcKSELTMEK \u0130ST\u0130YORUZ"},"content":{"rendered":"\n<p>Milliyet\u00e7i Hareket Partisi Mersin Milletvekili ve MYK \u00dcyesi Dr. Levent Uysal, D\u0131\u015fi\u015fleri Bakanl\u0131\u011f\u0131 2025 b\u00fct\u00e7e g\u00f6r\u00fc\u015fmelerinde konu\u015ftu. Milletvekili Uysal, uluslararas\u0131 \u00f6\u011frenci say\u0131s\u0131n\u0131 10 bine y\u00fckseltmek i\u00e7in yurt d\u0131\u015f\u0131 temsil fuarlar\u0131nda Mersin&#8217;in tan\u0131t\u0131m\u0131n\u0131n yap\u0131lmas\u0131n\u0131 talep etti.Milliyet\u00e7i Hareket Partisi Mersin Milletvekili Dr. Levent Uysal D\u0131\u015fi\u015fleri Bakanl\u0131\u011f\u0131n\u0131n 2025 y\u0131l\u0131 b\u00fct\u00e7e g\u00f6r\u00fc\u015fmelerinde s\u00f6z ald\u0131. Uluslararas\u0131 \u00f6\u011frencilerin Mersin&#8217;i tercih etme noktas\u0131nda te\u015fvikler beklediklerini belirten Uysal &#8220;Mersin&#8217;de 2 devlet 2 vak\u0131f olmak \u00fczere 4 \u00fcniversitemizde 60 bin \u00f6\u011frenci e\u011fitimlerine devam ediyor. Bu \u00f6\u011frencilerimizin 4 bini de uluslararas\u0131 \u00f6\u011frenci. Uluslararas\u0131 \u00f6\u011frenci say\u0131m\u0131z\u0131 10 bine y\u00fckseltmek i\u00e7in d\u0131\u015f temsilcilerin misafir edilmesi, yurt d\u0131\u015f\u0131 temsil fuarlar\u0131nda Mersin&#8217;in tan\u0131t\u0131m\u0131n\u0131n yap\u0131lmas\u0131 ve kentimizde konsolosluklar a\u00e7\u0131lmas\u0131n\u0131n te\u015fvik edilmesi konusunda desteklerinizi bekliyoruz.&#8221;\u015feklinde konu\u015ftu.\u0130srail&#8217;in Gazze&#8217;ye sald\u0131r\u0131lar\u0131n\u0131n en \u00e7ok etkiledi\u011fi kesim olan gen\u00e7lerin e\u011fitimden mahrum kald\u0131\u011f\u0131n\u0131 vurgulayan MHP Mersin Milletvekili Uysal, bu \u00f6\u011frencilerin Mersin&#8217;deki \u00fcniversitelerde e\u011fitim alabilmesi i\u00e7in ise D\u0131\u015fi\u015fleri Bakanl\u0131\u011f\u0131n\u0131n bir platform kurulmas\u0131na \u00f6nc\u00fcl\u00fck etmesini istedi.Milletvekili Uysal &#8220;K\u00fcresel \u00f6l\u00e7ekte insanl\u0131k dram\u0131n\u0131n ya\u015fand\u0131\u011f\u0131 Gazze&#8217;de binlerce evlad\u0131m\u0131z, okullar\u0131 yok edildi\u011fi i\u00e7in e\u011fitim alam\u0131yorlar. Gazze&#8217;de ikamet eden ve okullar\u0131 y\u0131k\u0131lan \u00f6\u011frencilerimizin Mersin&#8217;indeki \u00fcniversitelerimizde e\u011fitim hayatlar\u0131n\u0131 s\u00fcrd\u00fcrmeleri i\u00e7in Milli E\u011fitim Bakanl\u0131\u011f\u0131m\u0131z ve Y\u00d6K Ba\u015fkanl\u0131\u011f\u0131m\u0131z\u0131n i\u015fbirli\u011finde bir platform olu\u015fturulmas\u0131na \u00f6nc\u00fcl\u00fck etmenizi talep ediyoruz. Te\u015fekk\u00fcr ediyor, b\u00fct\u00e7emizin hay\u0131rlara vesile olmas\u0131n\u0131 diliyorum.&#8221;ifadelerine yer verdi.<\/p>\n","protected":false},"excerpt":{"rendered":"<p>Milliyet\u00e7i Hareket Partisi Mersin Milletvekili ve MYK \u00dcyesi Dr. Levent Uysal, D\u0131\u015fi\u015fleri Bakanl\u0131\u011f\u0131 2025 b\u00fct\u00e7e g\u00f6r\u00fc\u015fmelerinde konu\u015ftu. Milletvekili Uysal, uluslararas\u0131 \u00f6\u011frenci say\u0131s\u0131n\u0131 10 bine y\u00fckseltmek i\u00e7in yurt d\u0131\u015f\u0131 temsil fuarlar\u0131nda Mersin&#8217;in tan\u0131t\u0131m\u0131n\u0131n yap\u0131lmas\u0131n\u0131 talep etti.Milliyet\u00e7i Hareket Partisi Mersin Milletvekili Dr. Levent Uysal D\u0131\u015fi\u015fleri Bakanl\u0131\u011f\u0131n\u0131n 2025 y\u0131l\u0131 b\u00fct\u00e7e g\u00f6r\u00fc\u015fmelerinde s\u00f6z ald\u0131. Uluslararas\u0131 \u00f6\u011frencilerin Mersin&#8217;i tercih etme [&hellip;]<\/p>\n","protected":false},"author":2,"featured_media":37074,"comment_status":"closed","ping_status":"closed","sticky":false,"template":"","format":"standard","meta":{"footnotes":""},"categories":[3],"tags":[],"class_list":["post-37134","post","type-post","status-publish","format-standard","has-post-thumbnail","hentry","category-manset"],"views":5,"_links":{"self":[{"href":"https:\/\/mersinkadingazetesi.com\/index.php?rest_route=\/wp\/v2\/posts\/37134"}],"collection":[{"href":"https:\/\/mersinkadingazetesi.com\/index.php?rest_route=\/wp\/v2\/posts"}],"about":[{"href":"https:\/\/mersinkadingazetesi.com\/index.php?rest_route=\/wp\/v2\/types\/post"}],"author":[{"embeddable":true,"href":"https:\/\/mersinkadingazetesi.com\/index.php?rest_route=\/wp\/v2\/users\/2"}],"replies":[{"embeddable":true,"href":"https:\/\/mersinkadingazetesi.com\/index.php?rest_route=%2Fwp%2Fv2%2Fcomments&post=37134"}],"version-history":[{"count":1,"href":"https:\/\/mersinkadingazetesi.com\/index.php?rest_route=\/wp\/v2\/posts\/37134\/revisions"}],"predecessor-version":[{"id":37135,"href":"https:\/\/mersinkadingazetesi.com\/index.php?rest_route=\/wp\/v2\/posts\/37134\/revisions\/37135"}],"wp:featuredmedia":[{"embeddable":true,"href":"https:\/\/mersinkadingazetesi.com\/index.php?rest_route=\/wp\/v2\/media\/37074"}],"wp:attachment":[{"href":"https:\/\/mersinkadingazetesi.com\/index.php?rest_route=%2Fwp%2Fv2%2Fmedia&parent=37134"}],"wp:term":[{"taxonomy":"category","embeddable":true,"href":"https:\/\/mersinkadingazetesi.com\/index.php?rest_route=%2Fwp%2Fv2%2Fcategories&post=37134"},{"taxonomy":"post_tag","embeddable":true,"href":"https:\/\/mersinkadingazetesi.com\/index.php?rest_route=%2Fwp%2Fv2%2Ftags&post=37134"}],"curies":[{"name":"wp","href":"https:\/\/api.w.org\/{rel}","templated":true}]}}