{"id":37140,"date":"2024-11-22T16:28:58","date_gmt":"2024-11-22T13:28:58","guid":{"rendered":"https:\/\/mersinkadingazetesi.com\/?p=37140"},"modified":"2024-11-22T16:28:59","modified_gmt":"2024-11-22T13:28:59","slug":"deva-partili-ekmen-ceftusta-konustu-gazzede-uluslararasi-sistem-coktu","status":"publish","type":"post","link":"https:\/\/mersinkadingazetesi.com\/?p=37140","title":{"rendered":"DEVA Partili Ekmen, CEFTUS\u2019ta konu\u015ftu: \u201cGazze\u2019de uluslararas\u0131 sistem \u00e7\u00f6kt\u00fc\u201d\u00a0"},"content":{"rendered":"\n<figure class=\"wp-block-table\"><table class=\"has-fixed-layout\"><tbody><tr><td><strong>DEVA Partisi Genel Ba\u015fkan Yard\u0131mc\u0131s\u0131 Mehmet Emin Ekmen, \u0130ngiltere\u2019de T\u00fcrkiye Ara\u015ft\u0131rmalar Merkezi (CEFTUS) taraf\u0131ndan d\u00fczenlenen \u201cT\u00fcrkiye&#8217;nin Politik ve Ekonomik Manzaras\u0131na \u0130li\u015fkin G\u00f6r\u00fc\u015fler\u201d paneline kat\u0131ld\u0131. T\u00fcrkiye\u2019de ya\u015fanan siyasi, ekonomik ve sosyal geli\u015fmeleri panele kat\u0131lan siyaset\u00e7i, akademisyen ve gazetecilere aktaran Ekmen, \u0130srail\u2019in Gazze\u2019de uygulad\u0131\u011f\u0131 soyk\u0131r\u0131ma konu\u015fmas\u0131nda geni\u015f yer verdi. Ekmen, \u201cGazze soyk\u0131r\u0131m\u0131 t\u0131pk\u0131 ge\u00e7mi\u015fte; Ruanda, Bosna, Irak, Yemen i\u00e7 sava\u015flar\u0131nda da g\u00f6r\u00fcld\u00fc\u011f\u00fc \u00fczere uluslararas\u0131 hukukun, uluslararas\u0131 sistemin, \u00fcretilmi\u015f b\u00fct\u00fcn moral de\u011ferlerin \u00e7\u00f6k\u00fc\u015f\u00fc anlam\u0131na geliyor. \u00c7\u00fcnk\u00fc t\u00fcm sistemler ve \u00fclkeler \u0130srail\u2019in soyk\u0131r\u0131m giri\u015fiminin ya destek\u00e7isi oldular ya da sessizce onaylay\u0131c\u0131s\u0131 oldular\u201d dedi.&nbsp;<\/strong><br>Bir\u00e7ok \u00fclkeden milletvekilli, siyaset\u00e7i, akademisyen, ara\u015ft\u0131rmac\u0131 ve gazetecinin kat\u0131ld\u0131\u011f\u0131 panel, tarihi parlamento binas\u0131nda ger\u00e7ekle\u015fti. Ayr\u0131ca panele Lordlar Kamaras\u0131 \u00dcyesi Lord Qurban Hussain, Northampton South Milletvekili Mike Reader, CEFTUS Y\u00f6neticisi ve Kurucusu \u0130brahim Do\u011fu\u015f, Brulian Capital \u0130cra Kurulu Ba\u015fkan\u0131 Ali Keskinb\u0131cak, Libya Demokratik Partisi Kurucusu Ahmed Shebani kat\u0131ld\u0131.&nbsp;<strong>Ekmen, T\u00fcrkiye\u2019deki geli\u015fmeleri anlatt\u0131<\/strong>CEFTUS\u2019un 13\u2019\u00fcnc\u00fc kurulu\u015f y\u0131l d\u00f6n\u00fcm\u00fcn\u00fc tebrik eden Ekmen, T\u00fcrkiye\u2019de ya\u015fanan siyasi olaylar ba\u015fta olmak \u00fczere b\u00f6lgemizde olan geli\u015fmeler hakk\u0131nda bilgiler payla\u015ft\u0131. Ekmen, \u00fclkenin kar\u015f\u0131 kar\u015f\u0131ya oldu\u011fu engeller ve f\u0131rsatlar hakk\u0131nda kritik g\u00f6r\u00fc\u015fler sunarak, T\u00fcrkiye&#8217;deki ekonomik krize dikkat \u00e7ekti.&nbsp;<br><strong>DEVA Partisi parlamenter sistemden yana<\/strong>DEVA Partisi olarak parlamenter sistemden yana olduklar\u0131n\u0131 vurgulayan Ekmen, \u201cT\u00fcm vatanda\u015flar\u0131n haklar\u0131ndan daha iyi yararlanaca\u011f\u0131, herkesin adil muamele g\u00f6rece\u011fi, \u00fclkemizdeki mevcut y\u00f6netim krizini a\u015fmam\u0131z\u0131 sa\u011flayacak arac\u0131n parlamenter sistem oldu\u011funa bug\u00fcn de inan\u0131yoruz. Bu ba\u011flamda Cumhurba\u015fkanl\u0131\u011f\u0131 makam\u0131n\u0131n halen ge\u00e7erli olan Anayasa&#8217;daki yemin metninde de vurguland\u0131\u011f\u0131 gibi tarafs\u0131z olmas\u0131n\u0131 savunuyoruz. Yerel y\u00f6netimlerin g\u00fc\u00e7lendirilmesi. Yerelin sorunlar\u0131 en iyi yerelde \u00e7\u00f6z\u00fcl\u00fcr. Meclisi g\u00fc\u00e7lendirmek. Meclisimiz, y\u00fcr\u00fctmeyi yani h\u00fck\u00fcmeti etkin bir \u015fekilde denetlemeli; Meclis\u2019teki muhalefet partilerinin bilgi edinme yollar\u0131 i\u015flevsel hale gelmeli. Temsil g\u00fcc\u00fc y\u00fcksek olan Meclisimizin, her an hesap sorabilir, denetleyebilir ve yasama faaliyetlerine kat\u0131l\u0131m\u0131n \u00e7o\u011fulcu olmas\u0131 gerekir. Sivil toplumun g\u00fc\u00e7lendirilmesi geliyor. Hukuk ve adalete olan g\u00fcvenin yeniden aya\u011fa kald\u0131r\u0131lmas\u0131. Tek bir parti veya ittifak, Y\u00fcksek Mahkeme kadrolar\u0131n\u0131 tek ba\u015f\u0131na \u015fekillendirememeli. Bakanl\u0131klar\u0131 ve devlet kurumlar\u0131n\u0131 yeniden g\u00fc\u00e7lendirmek ve y\u00fcr\u00fctme yetkilerinin kademelerine do\u011fru dengelemek gerekiyor\u201d de\u011ferlendirmesinde bulundu.<br><strong>K\u00fcresel vicdan aya\u011fa kalkt\u0131<\/strong>Gazze\u2019de ya\u015fanan soyk\u0131r\u0131ma dikkat \u00e7eken Ekmen, \u201cGazze soyk\u0131r\u0131m\u0131 t\u0131pk\u0131 ge\u00e7mi\u015fte Ruanda, Bosna, Irak, Yemen i\u00e7 sava\u015flar\u0131nda da g\u00f6r\u00fcld\u00fc\u011f\u00fc \u00fczere uluslararas\u0131 hukukun, uluslararas\u0131 sistemin, \u00fcretilmi\u015f b\u00fct\u00fcn moral de\u011ferlerin \u00e7\u00f6k\u00fc\u015f\u00fc anlam\u0131na geliyor. \u015eu anda T\u00fcrkiye\u2019ye veya d\u00fcnya \u00fczerinde herhangi bir \u00fclkeye art\u0131k \u00e7a\u011fda\u015f evrensel insan haklar\u0131ndan, de\u011ferlerden, Avrupa de\u011ferler sisteminden bahsetmek m\u00fcmk\u00fcn de\u011fil. \u00c7\u00fcnk\u00fc t\u00fcm sistemler ve \u00fclkeler \u0130srail\u2019in soyk\u0131r\u0131m giri\u015fiminin ya destek\u00e7isi oldular ya da sessizce onaylay\u0131c\u0131s\u0131 oldular. \u00c7\u00f6ken uluslararas\u0131 sisteme kar\u015f\u0131 d\u00fcnyan\u0131n d\u00f6rt bir yan\u0131nda Yahudi, M\u00fcsl\u00fcman ve di\u011fer dinlerden milyonlarca insan bu soyk\u0131r\u0131m\u0131 protesto ederek adeta k\u00fcresel vicdan\u0131 aya\u011fa kald\u0131rd\u0131lar. Londra\u2019da da \u00e7ok g\u00fc\u00e7l\u00fc protestolar yap\u0131ld\u0131. Bu protestolarla &nbsp; &nbsp; &nbsp; gurur duydu\u011fumu ve insanl\u0131\u011f\u0131n ortak gelece\u011fi ad\u0131na da bu tablonun umut veren bir durum oldu\u011funu s\u00f6ylemek isterim\u201d a\u00e7\u0131klamas\u0131nda bulundu.&nbsp;<strong>&nbsp;<\/strong><strong>\u0130srail ticaretine b\u00fcy\u00fck tepki var<\/strong>T\u00fcrkiye\u2019nin \u0130srail ile s\u00fcren ticaretine toplumda b\u00fcy\u00fck tepki oldu\u011funu aktaran Ekmen, \u015f\u00f6yle devam etti:&nbsp;\u201cT\u00fcrkiye\u2019de Erdo\u011fan iktidar\u0131, \u0130srail\u2019e kar\u015f\u0131 etkili yapt\u0131r\u0131m paketleri uygulamad\u0131\u011f\u0131, ticareti ge\u00e7 sonland\u0131rd\u0131\u011f\u0131 ve \u015fu anda da dolayl\u0131 olarak ticareti s\u00fcrd\u00fcrd\u00fc\u011f\u00fc, G\u00fcney Afrika\u2019n\u0131n \u00f6nc\u00fcl\u00fck etti\u011fi Lahey Adalet Divan\u2019\u0131 yarg\u0131lamalar\u0131na ge\u00e7 m\u00fcdahil oldu\u011fu, yurt i\u00e7inde Netanyahu ve sava\u015f kabinesi aleyhine soru\u015fturmalara Adalet Bakan\u0131n\u0131n izin vermemesi nedeniyle ele\u015ftiriliyor. Bu ele\u015ftirilere \u00f6nemli \u00f6l\u00e7\u00fcde kat\u0131ld\u0131\u011f\u0131m\u0131z\u0131 da ifade etmek isterim.\u201d<\/td><\/tr><\/tbody><\/table><\/figure>\n","protected":false},"excerpt":{"rendered":"<p>DEVA Partisi Genel Ba\u015fkan Yard\u0131mc\u0131s\u0131 Mehmet Emin Ekmen, \u0130ngiltere\u2019de T\u00fcrkiye Ara\u015ft\u0131rmalar Merkezi (CEFTUS) taraf\u0131ndan d\u00fczenlenen \u201cT\u00fcrkiye&#8217;nin Politik ve Ekonomik Manzaras\u0131na \u0130li\u015fkin G\u00f6r\u00fc\u015fler\u201d paneline kat\u0131ld\u0131. T\u00fcrkiye\u2019de ya\u015fanan siyasi, ekonomik ve sosyal geli\u015fmeleri panele kat\u0131lan siyaset\u00e7i, akademisyen ve gazetecilere aktaran Ekmen, \u0130srail\u2019in Gazze\u2019de uygulad\u0131\u011f\u0131 soyk\u0131r\u0131ma konu\u015fmas\u0131nda geni\u015f yer verdi. Ekmen, \u201cGazze soyk\u0131r\u0131m\u0131 t\u0131pk\u0131 ge\u00e7mi\u015fte; Ruanda, Bosna, Irak, [&hellip;]<\/p>\n","protected":false},"author":2,"featured_media":37141,"comment_status":"closed","ping_status":"closed","sticky":false,"template":"","format":"standard","meta":{"footnotes":""},"categories":[3],"tags":[],"class_list":["post-37140","post","type-post","status-publish","format-standard","has-post-thumbnail","hentry","category-manset"],"views":3,"_links":{"self":[{"href":"https:\/\/mersinkadingazetesi.com\/index.php?rest_route=\/wp\/v2\/posts\/37140"}],"collection":[{"href":"https:\/\/mersinkadingazetesi.com\/index.php?rest_route=\/wp\/v2\/posts"}],"about":[{"href":"https:\/\/mersinkadingazetesi.com\/index.php?rest_route=\/wp\/v2\/types\/post"}],"author":[{"embeddable":true,"href":"https:\/\/mersinkadingazetesi.com\/index.php?rest_route=\/wp\/v2\/users\/2"}],"replies":[{"embeddable":true,"href":"https:\/\/mersinkadingazetesi.com\/index.php?rest_route=%2Fwp%2Fv2%2Fcomments&post=37140"}],"version-history":[{"count":1,"href":"https:\/\/mersinkadingazetesi.com\/index.php?rest_route=\/wp\/v2\/posts\/37140\/revisions"}],"predecessor-version":[{"id":37142,"href":"https:\/\/mersinkadingazetesi.com\/index.php?rest_route=\/wp\/v2\/posts\/37140\/revisions\/37142"}],"wp:featuredmedia":[{"embeddable":true,"href":"https:\/\/mersinkadingazetesi.com\/index.php?rest_route=\/wp\/v2\/media\/37141"}],"wp:attachment":[{"href":"https:\/\/mersinkadingazetesi.com\/index.php?rest_route=%2Fwp%2Fv2%2Fmedia&parent=37140"}],"wp:term":[{"taxonomy":"category","embeddable":true,"href":"https:\/\/mersinkadingazetesi.com\/index.php?rest_route=%2Fwp%2Fv2%2Fcategories&post=37140"},{"taxonomy":"post_tag","embeddable":true,"href":"https:\/\/mersinkadingazetesi.com\/index.php?rest_route=%2Fwp%2Fv2%2Ftags&post=37140"}],"curies":[{"name":"wp","href":"https:\/\/api.w.org\/{rel}","templated":true}]}}