{"id":37146,"date":"2024-11-24T10:13:14","date_gmt":"2024-11-24T07:13:14","guid":{"rendered":"https:\/\/mersinkadingazetesi.com\/?p=37146"},"modified":"2024-11-24T10:13:14","modified_gmt":"2024-11-24T07:13:14","slug":"secer-bizi-iktidara-vahap-secer-belediyeciligi-degil-chp-belediyeciligi-tasir","status":"publish","type":"post","link":"https:\/\/mersinkadingazetesi.com\/?p=37146","title":{"rendered":"SE\u00c7ER: &#8220;B\u0130Z\u0130 \u0130KT\u0130DARA VAHAP SE\u00c7ER BELED\u0130YEC\u0130L\u0130\u011e\u0130 DE\u011e\u0130L, CHP BELED\u0130YEC\u0130L\u0130\u011e\u0130 TA\u015eIR&#8221;"},"content":{"rendered":"\n<p>Mersin B\u00fcy\u00fck\u015fehir Belediye Ba\u015fkan\u0131 Vahap Se\u00e7er, gazeteci Mirg\u00fcn Cabas&#8217;\u0131n YouTube kanal\u0131nda&nbsp;<strong><em>&#8216;\u015eunu Bana Bir Anlat&#8217;<\/em><\/strong>&nbsp;program\u0131n\u0131n konu\u011fu oldu.&nbsp; Mersinin yap\u0131s\u0131, sa\u011flanan hizmetler ve siyaset g\u00fcndeminin konu\u015fuldu\u011fu programda Ba\u015fkan Se\u00e7er, Mirg\u00fcn Cabas&#8217;\u0131n sorular\u0131na kar\u015f\u0131 \u00e7arp\u0131c\u0131 a\u00e7\u0131klamalarda bulundu.<\/p>\n\n\n\n<p><strong>&#8220;Bizi iktidara Vahap Se\u00e7er belediyecili\u011fi ta\u015f\u0131maz, CHP belediyecili\u011fi ta\u015f\u0131r&#8221;<\/strong><\/p>\n\n\n\n<p>Mirg\u00fcn Cabas&#8217;\u0131n, toplumun farkl\u0131 kesimlerinden ve farkl\u0131 siyasal g\u00f6r\u00fc\u015flerdeki se\u00e7menlerden y\u00fcksek oy alm\u0131\u015f bir belediye ba\u015fkan\u0131 olan Ba\u015fkan Se\u00e7er&#8217;in, se\u00e7imlerde elde etti\u011fi bu ba\u015far\u0131s\u0131n\u0131n ulusal \u00e7apta de\u011ferlendirilmesi gerekti\u011fini d\u00fc\u015f\u00fcn\u00fcp d\u00fc\u015f\u00fcnmemesi \u00fczerine konu\u015fan Se\u00e7er, konuyu kendi a\u00e7\u0131s\u0131ndan de\u011ferlendirmedi\u011fini ve bu duruma bir tak\u0131m oyunu olarak bakt\u0131\u011f\u0131n\u0131 s\u00f6yledi. Se\u00e7er,&nbsp;<strong>&#8220;Ben CHP&#8217;liyim ve CHP&#8217;nin belediye ba\u015fkan\u0131y\u0131m. Benim belediyecilik anlay\u0131\u015f\u0131m; CHP&#8217;nin belediyecilik anlay\u0131\u015f\u0131d\u0131r, Vahap Se\u00e7er belediyecili\u011fi meselesi de\u011fildir ve ben buna da kar\u015f\u0131y\u0131m. Mesele CHP&#8217;li belediyecilik anlay\u0131\u015f\u0131d\u0131r. Bizi iktidara Vahap Se\u00e7er belediyecili\u011fi ta\u015f\u0131maz, CHP belediyecili\u011fi ta\u015f\u0131r. Bunun b\u00f6yle bilinmesini istiyorum&#8221;&nbsp;<\/strong>dedi.<\/p>\n\n\n\n<p><strong>Se\u00e7er: &#8220;Se\u00e7im ba\u015far\u0131m\u0131z \u00fczerinden g\u00fcndem olmay\u0131 do\u011fru buluyorum&#8221;<\/strong><\/p>\n\n\n\n<p>\u00dclke genelindeki tan\u0131n\u0131rl\u0131k oran\u0131yla ilgili de\u011ferlendirmelerde bulunan Se\u00e7er, yapm\u0131\u015f oldu\u011fu konu\u015fmalar ile de\u011fil hizmetleriyle g\u00fcndemde kalmak i\u00e7in \u00e7aba g\u00f6sterdi\u011fini ifade etti. Se\u00e7er,&nbsp;<strong>&#8220;G\u00fcndeme neyinizle d\u00fc\u015ft\u00fc\u011f\u00fcn\u00fcz \u00e7ok \u00f6nemlidir, \u00e7ok ayk\u0131r\u0131 konu\u015fmalar\u0131n\u0131zla da g\u00fcndeme d\u00fc\u015febilirsiniz bu da ilgi \u00e7eker; toplumun sorunlar\u0131yla alakal\u0131 konu\u015fursunuz bu da ilgi \u00e7eker. Ben se\u00e7im ba\u015far\u0131m\u0131z \u00fczerinden g\u00fcndem olmay\u0131 do\u011fru buluyorum ve olaylar\u0131 bu konumda de\u011ferlendiriyorum&#8221;<\/strong>&nbsp;ifadelerine yer verdi.<\/p>\n\n\n\n<p><strong>&#8220;Mersin asl\u0131nda k\u00fc\u00e7\u00fck bir T\u00fcrkiye&#8221;<\/strong><\/p>\n\n\n\n<p>Mersin&#8217;in ald\u0131\u011f\u0131 g\u00f6\u00e7lerden dolay\u0131 olu\u015fan kozmopolit yap\u0131s\u0131n\u0131n Mersin&#8217;i \u00f6nemli bir kent haline getirdi\u011fini ifade eden Se\u00e7er,&nbsp;<strong>&#8220;Mersin asl\u0131nda k\u00fc\u00e7\u00fck bir T\u00fcrkiye. Sosyolojisine, siyasal aritmeti\u011fine, k\u00fclt\u00fcrel yap\u0131s\u0131na bakt\u0131\u011f\u0131n\u0131z zaman farkl\u0131 inan\u00e7 gruplar\u0131ndan olu\u015fan reng\u00e2renk bir kent. Mersin&#8217;de sekiz ayr\u0131 partinin milletvekili var bu siyasi olarak \u00e7ok \u00f6nemlidir&#8221;<\/strong>&nbsp;diye konu\u015ftu.<\/p>\n\n\n\n<p><strong>&#8220;\u0130ktidar istiyorsak Mersin&#8217;i bir laboratuvar olarak de\u011ferlendirmek gerekir&#8221;<\/strong><\/p>\n\n\n\n<p>CHP&#8217;nin iktidar olmas\u0131 i\u00e7in Mersin&#8217;i laboratuvar bir kent olarak g\u00f6r\u00fcp buradaki ba\u015far\u0131y\u0131 de\u011ferlendirerek yol almas\u0131 gerekti\u011fini dile getiren Se\u00e7er,&nbsp;<strong>&#8220;\u0130ktidar olmak istiyorsak Mersin&#8217;i laboratuvar olarak de\u011ferlendirip, onun \u00fczerinden gitmek laz\u0131m \u00e7\u00fcnk\u00fc Mersin&#8217;deki ba\u015far\u0131y\u0131 kazanan belediye ba\u015fkan\u0131, CHP&#8217;nin her kademesinde g\u00f6rev alm\u0131\u015f, sade \u00fcyelikten buraya kadar gelmi\u015f bir belediye ba\u015fkan\u0131. T\u00fcrkiye&#8217;nin minyat\u00fcr\u00fc olan bir kentte CHP&#8217;li bir siyaset\u00e7i olarak y\u00fczde 60 insan\u0131 etraf\u0131m\u0131zda toplad\u0131k. Bunun nas\u0131l yap\u0131ld\u0131\u011f\u0131na bakt\u0131\u011f\u0131n\u0131z zaman iktidar olursunuz&#8221;<\/strong>&nbsp;ifadeleri ile anlatt\u0131.<\/p>\n\n\n\n<p><strong>&#8220;Bundan sonra biraz daha fazla konu\u015fmam\u0131z gerekecek&#8221;<\/strong><\/p>\n\n\n\n<p>Cabas&#8217;\u0131n, Ba\u015fkan Se\u00e7er&#8217;in payla\u015facak deneyimleri olmas\u0131na ra\u011fmen az konu\u015ftu\u011fu y\u00f6n\u00fcnde yapt\u0131\u011f\u0131 yoruma yan\u0131t veren Se\u00e7er, do\u011fru yerde do\u011fru konu\u015fman\u0131n \u00f6nemine vurgu yapt\u0131. Se\u00e7er,&nbsp;<strong>&#8220;Siyasette \u00e7ok konu\u015fmak olumsuz neticeler do\u011furabilir, biz do\u011fru yerde do\u011fru zamanda konu\u015fal\u0131m diyoruz. Kurumsal kimli\u011fi olan siyasi bir partinin \u00fcyesiyim, bundan sonra biraz daha fazla konu\u015fmam\u0131z gerekecek. Do\u011fru zamanlamada konu\u015fursak sesimizin daha \u00e7ok duyulaca\u011f\u0131n\u0131 d\u00fc\u015f\u00fcn\u00fcyorum&#8221;<\/strong>&nbsp;dedi.<\/p>\n\n\n\n<p><strong>&#8220;Partide disiplini sa\u011flayacak olan, partinin genel ba\u015fkan\u0131d\u0131r&#8221;<\/strong><\/p>\n\n\n\n<p>Mirg\u00fcn Cabas&#8217;\u0131n CHP taban\u0131nda \u00e7ok ba\u015fl\u0131 g\u00f6r\u00fcnt\u00fcy\u00fc Ba\u015fkan Se\u00e7er&#8217;in nas\u0131l kar\u015f\u0131lad\u0131\u011f\u0131n\u0131 sormas\u0131 \u00fczerine Se\u00e7er, parti i\u00e7erisinde Cumhurba\u015fkanl\u0131\u011f\u0131 adayl\u0131k m\u00fccadelesinin erken ba\u015flad\u0131\u011f\u0131n\u0131 ve farkl\u0131 seslerin partiyi b\u00f6l\u00fcnm\u00fc\u015f gibi g\u00f6sterdi\u011fini ifade etti. Se\u00e7er,&nbsp;<strong>&#8220;Benden \u00f6nce bu konuyu halk konu\u015fuyor, se\u00e7men taban\u0131nda da b\u00f6yle g\u00f6r\u00fcl\u00fcyor. Bir partinin genel ba\u015fkan\u0131 olur, partiyi o y\u00f6netir. Partinin kurumsal kimli\u011fi, t\u00fcz\u00fc\u011f\u00fc vard\u0131r ve idari olarak ona g\u00f6re y\u00f6netilir. B\u00f6yle \u00e7ok ba\u015fl\u0131l\u0131k g\u00f6r\u00fcnt\u00fcs\u00fc var. Bir yandan Cumhurba\u015fkanl\u0131\u011f\u0131 se\u00e7imiyle ilgili adayl\u0131k m\u00fccadelesinin bug\u00fcnden ba\u015flamas\u0131 varken bir yandan da bir y\u0131l \u00f6nce yap\u0131lan kurultay\u0131m\u0131z\u0131n tart\u0131\u015fmalar\u0131 hala devam ediyor&#8221;<\/strong>&nbsp;diye konu\u015ftu.<\/p>\n\n\n\n<p><strong>&#8220;Halk indinde partide \u00e7ok ba\u015fl\u0131l\u0131k, partide da\u011f\u0131n\u0131kl\u0131k g\u00f6r\u00fcnt\u00fclerini ortadan kald\u0131racak olan Say\u0131n Genel Ba\u015fkan&#8217;d\u0131r&#8221;<\/strong><\/p>\n\n\n\n<p>Mirg\u00fcn Cabas&#8217;\u0131n,&nbsp;<strong>&#8220;\u00d6zg\u00fcr \u00d6zel hep diyor ki;&nbsp;<em>&#8216;Se\u00e7imlerde penalt\u0131y\u0131 kulland\u0131rabilece\u011fim benim 2 tane forvetim var.&#8217;<\/em>&nbsp;<em>&#8216;Asl\u0131nda forvet say\u0131s\u0131 2&#8217;den fazlad\u0131r, mesela 3&#8217;t\u00fcr&#8217;<\/em>&nbsp;diyebiliyor musunuz?&#8221;&nbsp;<\/strong>sorusu \u00fczerine a\u00e7\u0131klamalarda bulunan Se\u00e7er,&nbsp;<strong>&#8220;Say\u0131n Genel Ba\u015fkan\u0131m\u0131z\u0131n s\u00f6ylemleri kendince do\u011frudur, g\u00f6r\u00fc\u015flerine sayg\u0131 duyar\u0131z ama kat\u0131lmayabiliriz. Bu do\u011fal bir \u015fey. B\u00f6yle bir s\u00f6ylem do\u011fru bir s\u00f6ylem de\u011fil. Bir partinin genel ba\u015fkan\u0131 milletvekillerini, belediye ba\u015fkanlar\u0131n\u0131 herkesi kucaklay\u0131p, halk indinde partide \u00e7ok ba\u015fl\u0131l\u0131k, da\u011f\u0131n\u0131kl\u0131k g\u00f6r\u00fcnt\u00fclerini ortadan kald\u0131rmal\u0131d\u0131r&#8221;&nbsp;<\/strong>ifadelerine yer verdi.<\/p>\n\n\n\n<p><strong>&#8220;Herkes bir makama niyet edebilir&#8221;<\/strong><\/p>\n\n\n\n<p>Mirg\u00fcn Cabas&#8217;tan gelen,&nbsp;<strong>&#8221;&nbsp;<em>&#8216;2 forvet&#8217;&nbsp;<\/em>demek se\u00e7enekleri s\u0131n\u0131rlamak anlam\u0131na m\u0131 geliyor? 2&#8217;den fazla da aday olabilir&#8221;&nbsp;<\/strong>sorusunun \u00fczerine de\u011ferlendirmelerde bulunan Se\u00e7er,&nbsp;<strong>&#8220;Tabi ki, herkes kendine g\u00f6re de\u011ferdir, herkes kendine g\u00f6re de\u011ferli hizmetler yap\u0131yordur. Birini g\u00f6r\u00fcp bir di\u011ferini g\u00f6rmemek do\u011fru bir \u015fey de\u011fil&#8221;&nbsp;<\/strong>dedi. CabasIn,&nbsp;<strong>&#8220;Burada siz de bir 3. yolu temsil ediyor musunuz?&#8221;&nbsp;<\/strong>sorusuna ise Se\u00e7er,&nbsp;<strong>&#8220;Bunu b\u00f6yle d\u00fc\u015f\u00fcnmemek laz\u0131m. 3. yol, 4. yol, 5. yol&#8230; Herkes bir makama niyet edebilir. Belediye ba\u015fkan\u0131d\u0131r milletvekili olmak ister, cumhurba\u015fkan\u0131 aday\u0131 olmak ister ya da genel ba\u015fkan aday\u0131 olmak ister. CHP&#8217;nin her sade \u00fcyesinin buna hakk\u0131 vard\u0131r. Onun i\u00e7in siyaset yap\u0131l\u0131yor. Bundan do\u011fal bir \u015fey olamaz. Do\u011fal olarak da s\u0131n\u0131rlamamak laz\u0131m&#8221;&nbsp;<\/strong>dedi.<\/p>\n\n\n\n<p><strong>&#8220;Se\u00e7eneklerinizi art\u0131rman\u0131z laz\u0131m&#8221;<\/strong><\/p>\n\n\n\n<p>Cabas, Se\u00e7er&#8217;in se\u00e7imde elde etti\u011fi ba\u015far\u0131s\u0131n\u0131n kendisini siyasette her pozisyona aday olabilecek hale getirdi\u011fi yorumu \u00fczerine Ba\u015fkan Se\u00e7er,&nbsp;<strong>&#8220;Sadece beni de\u011fil, herkesi getirir. Siz ba\u015far\u0131l\u0131 olmak istiyorsan\u0131z lobisi kuvvetli siyaset\u00e7ilerle de\u011fil, ba\u015far\u0131l\u0131 siyaset\u00e7ilerle y\u00fcr\u00fcyeceksiniz. Siyaset\u00e7inizin halkta kar\u015f\u0131l\u0131\u011f\u0131 olacak. Bug\u00fcn Cumhurba\u015fkan\u0131 adayl\u0131\u011f\u0131 i\u00e7in ad\u0131 ge\u00e7en de\u011ferli belediye ba\u015fkanlar\u0131m\u0131z\u0131n da halkta kar\u015f\u0131l\u0131\u011f\u0131 \u00e7ok y\u00fcksektir ama farkl\u0131 belediye ba\u015fkanlar\u0131n\u0131n da ba\u015far\u0131 oran\u0131 y\u00fcksektir ve halkta kar\u015f\u0131l\u0131\u011f\u0131 fazlad\u0131r. Do\u011fal olarak da se\u00e7eneklerinizi art\u0131rman\u0131z laz\u0131m&#8221;<\/strong>&nbsp;ifadelerini kulland\u0131.<\/p>\n\n\n\n<p><strong>&#8220;\u0130ktidar\u0131n normalle\u015fme s\u00fcrecinde yapt\u0131klar\u0131n\u0131 samimi ve inand\u0131r\u0131c\u0131 bulmuyorum&#8221;<\/strong><\/p>\n\n\n\n<p>CHP&#8217;nin ba\u015flatt\u0131\u011f\u0131&nbsp;<strong><em>&#8216;normalle\u015fme s\u00fcrecinin&#8217;&nbsp;<\/em><\/strong>sorulmas\u0131 \u00fczerine Ba\u015fkan Se\u00e7er, CHP&#8217;de normalle\u015fecek bir durum olmad\u0131\u011f\u0131n\u0131 belirterek, normal olmayan\u0131n iktidar\u0131n uygulamalar\u0131 oldu\u011funu s\u00f6yledi. T\u00fcrkiye&#8217;de demokrasiden refah\u0131n adaletli da\u011f\u0131t\u0131m\u0131na kadar bir\u00e7ok sorunlu alan oldu\u011funu ve iktidar\u0131n 22 y\u0131ld\u0131r bu anormallikleri adeta ola\u011fan bir durummu\u015f\u00e7as\u0131na topluma dayatt\u0131\u011f\u0131n\u0131 belirten Se\u00e7er \u015fu s\u00f6zleri kaydetti:<strong>&nbsp;&#8220;T\u00fcrkiye&#8217;nin sorun alanlar\u0131n\u0131n normal oldu\u011funu bize dayatmaya \u00e7al\u0131\u015f\u0131yorlar. T\u00fcrkiye, bizim taraf\u0131m\u0131zdan anormalle\u015fmedi\u011fi i\u00e7in bizim s\u00f6z konusu anormal uygulamalar\u0131 halk\u0131n g\u00f6z\u00fcn\u00fcn \u00f6n\u00fcne koymam\u0131z ve etkin bir muhalefet yapmam\u0131z laz\u0131m. Esenyurt Belediye Ba\u015fkan\u0131 yata\u011f\u0131ndan kald\u0131r\u0131l\u0131yor ve yerine kayy\u0131m atan\u0131yor. \u00d6\u011flenden sonra Say\u0131n Cumhurba\u015fkan\u0131 Ana Muhalefet Partisi&#8217;nin liderine te\u015fekk\u00fcr ediyor. Bunun neresi normalle\u015fme? Bunlar \u00e7ok paradoksal durumlar. Ben samimiyet oldu\u011funa inanm\u0131yorum. Bir taraftan bildi\u011finizi okuyacaks\u0131n\u0131z, anormal uygulamalarla devam edeceksiniz; bir taraftan da halka normalle\u015fmeden, yumu\u015famadan s\u00f6z edeceksiniz. \u00c7ok inand\u0131r\u0131c\u0131 bulmuyorum.&#8221;<\/strong><\/p>\n\n\n\n<p><strong>&#8220;Bir senaryo yaz\u0131lm\u0131\u015f ve oynan\u0131yor; bu senaryoda resim \u00e7ok b\u00fcy\u00fck&#8221;<\/strong><\/p>\n\n\n\n<p>Cabas&#8217;\u0131n, ge\u00e7ti\u011fimiz haftalarda MHP Genel Ba\u015fkan\u0131 Devlet Bah\u00e7eli&#8217;nin ter\u00f6r\u00fcn sonland\u0131r\u0131lmas\u0131 ad\u0131na PKK lideri Abdullah \u00d6calan&#8217;a Meclis&#8217;te yapt\u0131\u011f\u0131 \u00e7a\u011fr\u0131n\u0131n sonu\u00e7 verip vermeyece\u011fini sormas\u0131na \u00fczerine de\u011ferlendirme yapan Se\u00e7er,&nbsp;<strong>&#8220;\u015eimdi bir senaryo yaz\u0131lm\u0131\u015f ve oynan\u0131yor. Kayy\u0131m bunlar i\u00e7erisinde bir sahne. Bu senaryo i\u00e7erisinde resim \u00e7ok b\u00fcy\u00fck. T\u00fcrkiye&#8217;de bu \u00e7a\u011fr\u0131y\u0131 yapacak en son siyasi partinin genel ba\u015fkan\u0131 \u00e7\u0131kt\u0131 ve bu \u00e7a\u011fr\u0131y\u0131 yapt\u0131. Bunun anlam\u0131 son derece b\u00fcy\u00fck. Bu ak\u015famdan sabaha olmad\u0131. Say\u0131n Cumhurba\u015fkan\u0131&#8217;n\u0131n bundan haberi oldu\u011fu kanaatindeyim. Say\u0131n Bah\u00e7eli&#8217;nin bunu Cumhurba\u015fkan\u0131&#8217;n\u0131n bilgisi olmadan yapt\u0131\u011f\u0131na inanamam&#8221;<\/strong>&nbsp;dedi.<\/p>\n\n\n\n<p><strong>&#8220;Haks\u0131z bir \u015fekilde g\u00f6revden al\u0131nmak ve kayy\u0131m atanmas\u0131 demokrasiye uygun de\u011fil&#8221;<\/strong><\/p>\n\n\n\n<p>Esenyurt Belediyesi&#8217;nden sonra DEM partili belediyelere de kayy\u0131m atanmas\u0131na ili\u015fkin konu\u015fan Se\u00e7er, demokrasi ile y\u00f6netilen bir \u00fclkede yap\u0131lan bu uygulamalar\u0131n do\u011fru olmad\u0131\u011f\u0131n\u0131n alt\u0131n\u0131 \u00e7izdi. Se\u00e7er,&nbsp;<strong>&#8220;Ben bir belediye ba\u015fkan\u0131 olarak su\u00e7 i\u015fleme \u00f6zg\u00fcrl\u00fc\u011f\u00fcne sahip de\u011filim. Ancak siyasi saikler ve gerek\u00e7elerle yarg\u0131y\u0131 kullanarak bizim \u00fczerimize gelinmesi, kayy\u0131m atamalar\u0131 gibi konular hukuk devletinde ve demokrasilerde olacak i\u015fler de\u011fildir. Elbette CHP buna reaksiyonu en \u00fcst seviyede g\u00f6stermeli ve bu tavr\u0131n\u0131 da \u0131srarla s\u00fcrd\u00fcrmelidir&#8221;<\/strong>&nbsp;diye konu\u015ftu. G\u00f6revden al\u0131n\u0131p yerine kayy\u0131m atanan DEM Partili Mardin B\u00fcy\u00fck\u015fehir Belediye Ba\u015fkan\u0131 Ahmet T\u00fcrk ziyareti hakk\u0131nda da konu\u015fan Se\u00e7er,&nbsp;<strong>&#8220;Burada bizim meselemiz DEM Parti&#8217;ye destek vermek de\u011fil; T\u00fcrkiye demokrasisine, hukuk devleti anlay\u0131\u015f\u0131na ve bunun zedelenmemesine destek vermektir. Do\u011fal olarak da dayan\u0131\u015fmay\u0131 gayet do\u011fal buluyorum&#8221;<\/strong>&nbsp;s\u00f6zlerine yer verdi.<\/p>\n","protected":false},"excerpt":{"rendered":"<p>Mersin B\u00fcy\u00fck\u015fehir Belediye Ba\u015fkan\u0131 Vahap Se\u00e7er, gazeteci Mirg\u00fcn Cabas&#8217;\u0131n YouTube kanal\u0131nda&nbsp;&#8216;\u015eunu Bana Bir Anlat&#8217;&nbsp;program\u0131n\u0131n konu\u011fu oldu.&nbsp; Mersinin yap\u0131s\u0131, sa\u011flanan hizmetler ve siyaset g\u00fcndeminin konu\u015fuldu\u011fu programda Ba\u015fkan Se\u00e7er, Mirg\u00fcn Cabas&#8217;\u0131n sorular\u0131na kar\u015f\u0131 \u00e7arp\u0131c\u0131 a\u00e7\u0131klamalarda bulundu. &#8220;Bizi iktidara Vahap Se\u00e7er belediyecili\u011fi ta\u015f\u0131maz, CHP belediyecili\u011fi ta\u015f\u0131r&#8221; Mirg\u00fcn Cabas&#8217;\u0131n, toplumun farkl\u0131 kesimlerinden ve farkl\u0131 siyasal g\u00f6r\u00fc\u015flerdeki se\u00e7menlerden y\u00fcksek oy [&hellip;]<\/p>\n","protected":false},"author":2,"featured_media":37147,"comment_status":"closed","ping_status":"closed","sticky":false,"template":"","format":"standard","meta":{"footnotes":""},"categories":[3,5],"tags":[],"class_list":["post-37146","post","type-post","status-publish","format-standard","has-post-thumbnail","hentry","category-manset","category-mersin"],"views":4,"_links":{"self":[{"href":"https:\/\/mersinkadingazetesi.com\/index.php?rest_route=\/wp\/v2\/posts\/37146"}],"collection":[{"href":"https:\/\/mersinkadingazetesi.com\/index.php?rest_route=\/wp\/v2\/posts"}],"about":[{"href":"https:\/\/mersinkadingazetesi.com\/index.php?rest_route=\/wp\/v2\/types\/post"}],"author":[{"embeddable":true,"href":"https:\/\/mersinkadingazetesi.com\/index.php?rest_route=\/wp\/v2\/users\/2"}],"replies":[{"embeddable":true,"href":"https:\/\/mersinkadingazetesi.com\/index.php?rest_route=%2Fwp%2Fv2%2Fcomments&post=37146"}],"version-history":[{"count":1,"href":"https:\/\/mersinkadingazetesi.com\/index.php?rest_route=\/wp\/v2\/posts\/37146\/revisions"}],"predecessor-version":[{"id":37148,"href":"https:\/\/mersinkadingazetesi.com\/index.php?rest_route=\/wp\/v2\/posts\/37146\/revisions\/37148"}],"wp:featuredmedia":[{"embeddable":true,"href":"https:\/\/mersinkadingazetesi.com\/index.php?rest_route=\/wp\/v2\/media\/37147"}],"wp:attachment":[{"href":"https:\/\/mersinkadingazetesi.com\/index.php?rest_route=%2Fwp%2Fv2%2Fmedia&parent=37146"}],"wp:term":[{"taxonomy":"category","embeddable":true,"href":"https:\/\/mersinkadingazetesi.com\/index.php?rest_route=%2Fwp%2Fv2%2Fcategories&post=37146"},{"taxonomy":"post_tag","embeddable":true,"href":"https:\/\/mersinkadingazetesi.com\/index.php?rest_route=%2Fwp%2Fv2%2Ftags&post=37146"}],"curies":[{"name":"wp","href":"https:\/\/api.w.org\/{rel}","templated":true}]}}