{"id":37149,"date":"2024-11-24T10:14:27","date_gmt":"2024-11-24T07:14:27","guid":{"rendered":"https:\/\/mersinkadingazetesi.com\/?p=37149"},"modified":"2024-11-24T10:14:27","modified_gmt":"2024-11-24T07:14:27","slug":"buyuksehirin-paydaslarinin-destekleri-ile-duzenledigi-portfolyo-secki-yarismasinda-oduller-sahiplerini-buldu","status":"publish","type":"post","link":"https:\/\/mersinkadingazetesi.com\/?p=37149","title":{"rendered":"B\u00dcY\u00dcK\u015eEH\u0130R&#8217;\u0130N PAYDA\u015eLARININ DESTEKLER\u0130 \u0130LE D\u00dcZENLED\u0130\u011e\u0130 &#8216;PORTFOLYO SE\u00c7K\u0130 YARI\u015eMASI&#8217;NDA \u00d6D\u00dcLLER SAH\u0130PLER\u0130N\u0130 BULDU"},"content":{"rendered":"\n<p>Mersin B\u00fcy\u00fck\u015fehir Belediyesi, Adana B\u00fcy\u00fck\u015fehir Belediyesi, Yeni\u015fehir Belediyesi ve Beylikd\u00fcz\u00fc Belediyesi i\u015f birli\u011finde, Kun Art Space ve D5 Sanat Ortam\u0131 koordinat\u00f6rl\u00fc\u011f\u00fcnde, K\u00fclt\u00fcrhane ve \u0130stanbul Kar\u015f\u0131 Sanat&#8217;\u0131n destekleri ile ger\u00e7ekle\u015ftirdi\u011fi&nbsp;<strong>&#8216;Portfolyo Se\u00e7ki Yar\u0131\u015fmas\u0131&#8217;<\/strong>n\u0131n \u00f6d\u00fcl t\u00f6reni d\u00fczenlendi.<\/p>\n\n\n\n<p>T\u00f6rende; Adana, Mersin ve Hatay&#8217;da bulunan \u00fcniversitelerin G\u00fczel Sanatlar Fak\u00fcltesi&#8217;nde lisans, y\u00fcksek lisans ve sanatta yeterlilik \u00f6\u011frencilerini kapsayan yar\u0131\u015fmada yarat\u0131c\u0131l\u0131k ve kendi hik\u00e2yelerini en iyi \u015fekilde anlatmay\u0131 ba\u015faran toplam 36 \u00f6\u011frenciye \u00f6d\u00fclleri verildi. Projede; \u00fclkemizde pandemi ve ard\u0131ndan ya\u015fanan deprem felaketi ile birlikte e\u011fitim, sa\u011fl\u0131k, k\u00fclt\u00fcr, sosyal ve her alanda ya\u015fanan problemlerin sanat hayat\u0131n\u0131 da do\u011frudan etkiledi\u011fini vurgulamak ve sanat \u00fcretimi ile bu zor zamanlar\u0131n \u00fcstesinden gelmek ama\u00e7land\u0131.<\/p>\n\n\n\n<p>Ge\u00e7ti\u011fimiz aylarda Adana B\u00fcy\u00fck\u015fehir Belediyesi&#8217;nin ev sahipli\u011finde a\u00e7\u0131l\u0131\u015f\u0131 yap\u0131lan, 2.&#8217;si Ahmet Ye\u015fil Sanat Galerisi&#8217;nde Mersin B\u00fcy\u00fck\u015fehir&#8217;in ev sahipli\u011finde ger\u00e7ekle\u015ftirilen sergi, 30 Kas\u0131m&#8217;a kadar sanatseverlere a\u00e7\u0131k olacak. Serginin 3.&#8217;s\u00fc ise Aral\u0131k ay\u0131nda Beylikd\u00fcz\u00fc Belediyesi&#8217;nin ev sahipli\u011finde ger\u00e7ekle\u015fecek.<\/p>\n\n\n\n<p><strong>10 se\u00e7ici kurulun yer ald\u0131\u011f\u0131 yar\u0131\u015fmada \u00f6d\u00fcller sahiplerini buldu<\/strong><\/p>\n\n\n\n<p>10 se\u00e7ici kurulun yer ald\u0131\u011f\u0131 yar\u0131\u015fmada; Mersin&#8217;de Lisans Ba\u015far\u0131 \u00d6d\u00fcl\u00fc&#8217;n\u00fc Sezen Karabulut, Y\u00fcksek Lisans Ba\u015far\u0131 \u00d6d\u00fcl\u00fc&#8217;n\u00fc G\u00fclten Nur G\u00fcndo\u011fdu, Doktora &amp; Sanatta Yeterlilik Ba\u015far\u0131 \u00d6d\u00fcl\u00fc&#8217;n\u00fc ise Y\u00fcsra Dirik kazand\u0131. Mersin \u00dcretim Deste\u011fi \u00d6d\u00fcllerini ise; Y\u00fcsra Dirik, G\u00fclten Nur G\u00fcndo\u011fdu, Sezen Karabulut, Pelin Ya\u015far, Fatih Sa\u011flam, Kader G\u00f6\u00e7en, Simla Alara Savan, D\u00f6nay \u00d6ni\u015f, Abdulmusa Y\u00f6nyol, Gizem Teberik, Almina Aydemir ve Yasir Aktoprak kazand\u0131.<\/p>\n\n\n\n<p>Hatay Lisans Ba\u015far\u0131 \u00d6d\u00fcllerini ise; Ahmet U\u00e7ar, Zehra Din\u00e7, Arzu Y\u0131ld\u0131z kazan\u0131rken; \u00dcretim Deste\u011fi \u00d6d\u00fcllerini; Ahmet U\u00e7ar, Zehra Din\u00e7, Arzu Y\u0131ld\u0131z, Mutlu Can, Aynur G\u00fcder, Sinem Topalo\u011flu, Mahmut Esat Arvas, Sevda Avcu, Ay\u015fe \u00d6zbek, Ece Sipahi, Samet Sadeta\u015f ile Gizem Co\u015fkun kazand\u0131.<\/p>\n\n\n\n<p><strong>\u00d6zd\u00fclger: &#8220;B\u00fcy\u00fck\u015fehir olarak sanat\u0131n her zaman takip\u00e7isi ve destek\u00e7isiyiz&#8221;<\/strong><\/p>\n\n\n\n<p>K\u00fclt\u00fcr ve Sosyal \u0130\u015fler Dairesi Ba\u015fkanl\u0131\u011f\u0131 Koordinat\u00f6r\u00fc, Opera Sanat\u00e7\u0131s\u0131 Bengi \u0130spir \u00d6zd\u00fclger; Mersin B\u00fcy\u00fck\u015fehir Belediyesi&#8217;nin her zaman kent kat\u0131l\u0131m\u0131n\u0131 \u00f6nemseyen, k\u00fclt\u00fcr ve sanat\u0131 kentin her b\u00f6lgesinde yayg\u0131nla\u015ft\u0131rmay\u0131 ama\u00e7layan, sanata, sanat\u00e7\u0131ya ve sanat kurumlar\u0131na destek olmay\u0131 ilke edinmi\u015f bir belediye oldu\u011funu dile getirdi.<\/p>\n\n\n\n<p>B\u00fcy\u00fck\u015fehir&#8217;in, sanat\u0131n geli\u015ftirilmesi ve yayg\u0131nla\u015ft\u0131r\u0131lmas\u0131 vizyonu ile \u00e7al\u0131\u015fmalar \u00fcretti\u011fini aktaran \u00d6zd\u00fclger,&nbsp;<strong>&#8220;Biz her \u015fekilde sanat\u0131n geli\u015ftirilmesi, yayg\u0131nla\u015ft\u0131r\u0131lmas\u0131, toplumla bulu\u015fturulmas\u0131 ve yeni bir vizyonla sanat yakla\u015f\u0131m\u0131n\u0131n olu\u015fturulmas\u0131n\u0131 \u00f6nemsiyoruz. Bu noktada Mersin B\u00fcy\u00fck\u015fehir Belediyesi olarak da sanat\u0131n her zaman takip\u00e7isi ve destek\u00e7isi olmaktan da inan\u0131lmaz keyif al\u0131yoruz. Bu i\u015fin i\u00e7erisinde yer almak bizim i\u00e7in \u00e7ok k\u0131ymetli. T\u00fcrkiye&#8217;nin ba\u015fl\u0131ca konular\u0131ndan biri olan sanattaki vizyonun geli\u015ftirilmesi, yakla\u015f\u0131lmas\u0131, sanatla bulu\u015fturulmas\u0131n\u0131n \u00e7ok k\u0131ymetli oldu\u011funu d\u00fc\u015f\u00fcn\u00fcyoruz. Bizim i\u00e7in her zaman ufuk a\u00e7\u0131c\u0131 olan sanat\u0131n ve bilimin, hep bizimle olmas\u0131n\u0131 istiyoruz. Bu noktada da g\u00f6revimizi ve yapmam\u0131z gerekenlerin bilincindeyiz&#8221;<\/strong>&nbsp;ifadelerini kulland\u0131.<\/p>\n\n\n\n<p><strong>Mert: &#8220;Bir gelecek projeksiyonu i\u00e7in bir araya geldik&#8221;<\/strong><\/p>\n\n\n\n<p>K\u00fcrat\u00f6r ve Koordinat\u00f6r Veli Mert, Portfolyo Se\u00e7ki Yar\u0131\u015fmas\u0131 ile bir ilki ger\u00e7ekle\u015ftirmekten dolay\u0131 olduk\u00e7a mutlu oldu\u011funu, \u00f6zellikle Pandemi ve 6 \u015eubat depremi sonras\u0131 hem sosyal hayatta hem de e\u011fitimde b\u00fcy\u00fck a\u00e7\u0131klar\u0131n olu\u015ftu\u011funu dile getirdi. Buna dikkat etmek i\u00e7in b\u00f6yle bir yar\u0131\u015fma d\u00fczenlediklerini anlatan Mert; yar\u0131\u015fman\u0131n ilk Adana&#8217;da ba\u015flad\u0131\u011f\u0131n\u0131, ikinci olarak Mersin&#8217;de ger\u00e7ekle\u015fti\u011fini, son olarak ise \u0130stanbul&#8217;da final yapacaklar\u0131n\u0131 kaydetti. Projede pek \u00e7ok kurum deste\u011finin yer ald\u0131\u011f\u0131n\u0131 da s\u00f6zlerine ekleyen Mert,&nbsp;<strong>&#8220;Burada say\u0131lan destek\u00e7ilerin olmas\u0131 inan\u0131lmaz bir birliktelik. Adana ve Mersin B\u00fcy\u00fck\u015fehir&#8217;in yan yana proje yapmas\u0131 harika bir \u015fey. Birlikte, yan yana geldi\u011fimizde \u00e7ok g\u00fc\u00e7l\u00fc olduk. Arkada\u015flar\u0131m\u0131z portfolyolar\u0131n\u0131 daha lisans seviyesinde yapmaya ve in\u015fa etmeye ba\u015flad\u0131lar. Bir gelecek projeksiyonu i\u00e7indeyiz. Onlar\u0131n Adana&#8217;da, Mersin&#8217;de, \u0130stanbul&#8217;da tan\u0131t\u0131mlar\u0131n\u0131 yapm\u0131\u015f ve t\u00fcm T\u00fcrkiye&#8217;ye bunu lanse etmi\u015f oluyoruz. Kurumlar olarak yanlar\u0131nda oldu\u011fumuzu s\u00f6yl\u00fcyoruz. Bu bir ba\u015flang\u0131\u00e7 oldu&#8221;<\/strong>&nbsp;dedi.<\/p>\n\n\n\n<p><strong>Sezer: &#8220;Projemizin, \u00f6\u011frencilerimiz i\u00e7in bir umut olmas\u0131n\u0131 diliyoruz&#8221;<\/strong><\/p>\n\n\n\n<p>Kun Art Space Kurucu ve Y\u00f6neticisi Elif Sezer, k\u00fc\u00e7\u00fck bir proje ile ba\u015flayan ser\u00fcvenin bug\u00fcn geldi\u011fi noktada, pek \u00e7ok kurum taraf\u0131ndan destek bulmas\u0131n\u0131n \u00f6nemine de\u011finerek,&nbsp;<strong>&#8220;Bu yar\u0131\u015fmada ilk ad\u0131m\u0131m\u0131z Adana oldu. Adana B\u00fcy\u00fck\u015fehir Belediyesi K\u00fclt\u00fcr ve Sosyal \u0130\u015fler Dairesi Ba\u015fkanl\u0131\u011f\u0131&#8217;n\u0131n projeyi duyarak bizi desteklemeleri ve Ba\u015fkanlar\u0131m\u0131za iletmeleri ile k\u00fc\u00e7\u00fck bir galeriden, belediyelerin mekanlar\u0131na, oradan da \u0130stanbul&#8217;a kadar uzand\u0131. Umar\u0131m bu proje \u00f6\u011frencilerimiz i\u00e7in ger\u00e7ekten bir umut olmu\u015ftur ve bundan sonra da di\u011fer illerde b\u00fcy\u00fcyerek devam eder&#8221;&nbsp;<\/strong>s\u00f6zlerine yer verdi.<\/p>\n\n\n\n<p><strong>Sergi, Mersinli sanatseverlerden b\u00fcy\u00fck be\u011feni toplad\u0131<\/strong><\/p>\n\n\n\n<p>Hatay \u00dcretim Deste\u011fi \u00d6d\u00fcl\u00fc&#8217;n\u00fc kazanan Sinem Topalo\u011flu, 3 farkl\u0131 eserinin sergide yer ald\u0131\u011f\u0131n\u0131 ve bu durumun kendisi i\u00e7in gurur verici oldu\u011funu ifade etti. Eserlerinde, ge\u00e7ti\u011fimiz sene ya\u015fanan 6 \u015eubat depreminden izlerin yer ald\u0131\u011f\u0131n\u0131 s\u00f6yleyen Topalo\u011flu,&nbsp;<strong>&#8220;Bir tanesi depremde ya\u015fad\u0131\u011f\u0131m yerden etkilenerek yapt\u0131\u011f\u0131m bir eserim. B\u00fct\u00fcn duygular\u0131m\u0131 yans\u0131tarak yapt\u0131m. Di\u011feri de depremden sonraki ya\u015fad\u0131\u011f\u0131m yer. Orada da \u0131\u015f\u0131ktan etkilenerek resmimi yapmaya \u00e7al\u0131\u015ft\u0131m. B\u00fcy\u00fck\u015fehir&#8217;in uygulamas\u0131 \u00e7ok ho\u015fuma gitti. Onlar\u0131n sayesinde buralarday\u0131z. Kendimizi daha fazla ki\u015fiye tan\u0131tabiliyoruz&#8221;<\/strong>&nbsp;dedi.<\/p>\n\n\n\n<p><strong>Hatay \u00dcretim Deste\u011fi \u00d6d\u00fcl\u00fc&#8217;n\u00fc kazanan bir ba\u015fka isim Zehra Din\u00e7 ise, Mustafa Kemal<\/strong>&nbsp;\u00dcniversitesi&#8217;nde Resim B\u00f6l\u00fcm\u00fc \u00f6\u011frencisi oldu\u011funu ve hen\u00fcz mezun olmadan bu \u00f6d\u00fcl\u00fc kazanmaktan dolay\u0131 mutlu oldu\u011funu dile getirdi. \u00d6d\u00fcl kazanman\u0131n kendisine ileride g\u00fczel katk\u0131lar sa\u011flayaca\u011f\u0131n\u0131 da belirten Din\u00e7,&nbsp;<strong>&#8220;Ben deprem b\u00f6lgesinden geliyorum. Bu yar\u0131\u015fma, deprem b\u00f6lgesinde sanat ad\u0131na yap\u0131lan en iyi \u015fey oldu. Orada bir sanat a\u00e7l\u0131\u011f\u0131 ve insanlar\u0131n anla\u015f\u0131lmaya ihtiyac\u0131 var. \u0130nsanlar bu a\u00e7l\u0131\u011f\u0131 sanatla ifade edebiliyor. Daha b\u00fcy\u00fck kitlelere ula\u015f\u0131lmas\u0131 anlam\u0131nda katk\u0131 sa\u011flayaca\u011f\u0131n\u0131 d\u00fc\u015f\u00fcn\u00fcyorum&#8221;<\/strong>&nbsp;ifadelerini kulland\u0131.<\/p>\n\n\n\n<p>Mustafa Kemal \u00dcniversitesi G\u00fczel Sanatlar Fak\u00fcltesi lisans mezunu Ahmet U\u00e7ar da, 6 \u015eubat depremi sonras\u0131 \u00e7ok zorlu bir s\u00fcre\u00e7 ge\u00e7irdiklerini ve depremden sonra sanat \u00e7al\u0131\u015fmalar\u0131na d\u00f6nmesinin kendisi i\u00e7in kolay olmad\u0131\u011f\u0131n\u0131 s\u00f6yledi. B\u00f6yle bir yar\u0131\u015fmada yer almas\u0131n\u0131n olduk\u00e7a sevindirici oldu\u011funu aktaran U\u00e7ar,&nbsp;<strong>&#8220;Bizim i\u00e7in, yapt\u0131\u011f\u0131m\u0131z \u00e7al\u0131\u015fmalar\u0131n reklam\u0131 paha bi\u00e7ilemez de\u011ferde. Yerel y\u00f6netimlerden de bizlere destek oldu\u011funu g\u00f6rd\u00fc\u011f\u00fcm\u00fczde, d\u00f6rt elle ko\u015farak gidiyoruz. Onlar\u0131n bize b\u00f6yle destek vermeleri bu anlamda hem sevindirici hem de g\u00fczel. Yar\u0131\u015fmaya ba\u015fvuru yaparken, \u00f6d\u00fcl veya derece al\u0131r m\u0131y\u0131m gibi bir d\u00fc\u015f\u00fcncem yoktu. Biz o psikolojiden tekrar \u00e7\u0131kabilmenin yollar\u0131n\u0131 arad\u0131\u011f\u0131m\u0131z i\u00e7in, kendimizi sanata tekrardan adad\u0131k. Bizim i\u00e7in unutulmaz g\u00fczel bir deneyim oldu&#8221;<\/strong>&nbsp;diye konu\u015ftu.<\/p>\n","protected":false},"excerpt":{"rendered":"<p>Mersin B\u00fcy\u00fck\u015fehir Belediyesi, Adana B\u00fcy\u00fck\u015fehir Belediyesi, Yeni\u015fehir Belediyesi ve Beylikd\u00fcz\u00fc Belediyesi i\u015f birli\u011finde, Kun Art Space ve D5 Sanat Ortam\u0131 koordinat\u00f6rl\u00fc\u011f\u00fcnde, K\u00fclt\u00fcrhane ve \u0130stanbul Kar\u015f\u0131 Sanat&#8217;\u0131n destekleri ile ger\u00e7ekle\u015ftirdi\u011fi&nbsp;&#8216;Portfolyo Se\u00e7ki Yar\u0131\u015fmas\u0131&#8217;n\u0131n \u00f6d\u00fcl t\u00f6reni d\u00fczenlendi. T\u00f6rende; Adana, Mersin ve Hatay&#8217;da bulunan \u00fcniversitelerin G\u00fczel Sanatlar Fak\u00fcltesi&#8217;nde lisans, y\u00fcksek lisans ve sanatta yeterlilik \u00f6\u011frencilerini kapsayan yar\u0131\u015fmada yarat\u0131c\u0131l\u0131k ve [&hellip;]<\/p>\n","protected":false},"author":2,"featured_media":37150,"comment_status":"closed","ping_status":"closed","sticky":false,"template":"","format":"standard","meta":{"footnotes":""},"categories":[3],"tags":[],"class_list":["post-37149","post","type-post","status-publish","format-standard","has-post-thumbnail","hentry","category-manset"],"views":4,"_links":{"self":[{"href":"https:\/\/mersinkadingazetesi.com\/index.php?rest_route=\/wp\/v2\/posts\/37149"}],"collection":[{"href":"https:\/\/mersinkadingazetesi.com\/index.php?rest_route=\/wp\/v2\/posts"}],"about":[{"href":"https:\/\/mersinkadingazetesi.com\/index.php?rest_route=\/wp\/v2\/types\/post"}],"author":[{"embeddable":true,"href":"https:\/\/mersinkadingazetesi.com\/index.php?rest_route=\/wp\/v2\/users\/2"}],"replies":[{"embeddable":true,"href":"https:\/\/mersinkadingazetesi.com\/index.php?rest_route=%2Fwp%2Fv2%2Fcomments&post=37149"}],"version-history":[{"count":1,"href":"https:\/\/mersinkadingazetesi.com\/index.php?rest_route=\/wp\/v2\/posts\/37149\/revisions"}],"predecessor-version":[{"id":37151,"href":"https:\/\/mersinkadingazetesi.com\/index.php?rest_route=\/wp\/v2\/posts\/37149\/revisions\/37151"}],"wp:featuredmedia":[{"embeddable":true,"href":"https:\/\/mersinkadingazetesi.com\/index.php?rest_route=\/wp\/v2\/media\/37150"}],"wp:attachment":[{"href":"https:\/\/mersinkadingazetesi.com\/index.php?rest_route=%2Fwp%2Fv2%2Fmedia&parent=37149"}],"wp:term":[{"taxonomy":"category","embeddable":true,"href":"https:\/\/mersinkadingazetesi.com\/index.php?rest_route=%2Fwp%2Fv2%2Fcategories&post=37149"},{"taxonomy":"post_tag","embeddable":true,"href":"https:\/\/mersinkadingazetesi.com\/index.php?rest_route=%2Fwp%2Fv2%2Ftags&post=37149"}],"curies":[{"name":"wp","href":"https:\/\/api.w.org\/{rel}","templated":true}]}}