{"id":37152,"date":"2024-11-24T10:16:24","date_gmt":"2024-11-24T07:16:24","guid":{"rendered":"https:\/\/mersinkadingazetesi.com\/?p=37152"},"modified":"2024-11-24T10:16:24","modified_gmt":"2024-11-24T07:16:24","slug":"buyuksehir-belediyesi-yerel-yonetimlerde-is-sagligi-ve-guvenligi-calistayi-yapti","status":"publish","type":"post","link":"https:\/\/mersinkadingazetesi.com\/?p=37152","title":{"rendered":"B\u00dcY\u00dcK\u015eEH\u0130R BELED\u0130YES\u0130, YEREL Y\u00d6NET\u0130MLERDE \u0130\u015e SA\u011eLI\u011eI VE G\u00dcVENL\u0130\u011e\u0130 \u00c7ALI\u015eTAYI YAPTI"},"content":{"rendered":"\n<p>Mersin B\u00fcy\u00fck\u015fehir Belediyesi Sa\u011fl\u0131k \u0130\u015fleri Dairesi Ba\u015fkanl\u0131\u011f\u0131 \u0130\u015f Sa\u011fl\u0131\u011f\u0131 ve G\u00fcvenli\u011fi \u015eube M\u00fcd\u00fcrl\u00fc\u011f\u00fc,&nbsp;<strong><em>&#8216;Yerel Y\u00f6netimlerde \u0130\u015f Sa\u011fl\u0131\u011f\u0131 ve G\u00fcvenli\u011fi \u00c7al\u0131\u015ftay\u0131&#8217;<\/em><\/strong>&nbsp;ger\u00e7ekle\u015ftirdi.<\/p>\n\n\n\n<p>\u00c7al\u0131\u015fanlar\u0131n i\u015f sa\u011fl\u0131\u011f\u0131 ve g\u00fcvenli\u011fini sa\u011flamak, i\u015f kazas\u0131 say\u0131lar\u0131n\u0131 d\u00fc\u015f\u00fcrmek, meslek hastal\u0131klar\u0131n\u0131 \u00f6nlemek, \u00e7al\u0131\u015fma ortamlar\u0131n\u0131 iyile\u015ftirerek daha g\u00fcvenli ve sa\u011fl\u0131kl\u0131 hale getirilmesinde rehberlik ve koordinasyonu sa\u011flamak amac\u0131yla ger\u00e7ekle\u015ftirilen \u00e7al\u0131\u015ftayda sahada ya\u015fan\u0131lan sorunlar ve \u00e7\u00f6z\u00fcm \u00f6nerileri konu\u015fuldu.<\/p>\n\n\n\n<p>B\u00fcy\u00fck\u015fehir Belediyesi i\u015ftirak \u015firketleri, MESK\u0130, Akdeniz, Mezitli, Toroslar, Yeni\u015fehir, Ayd\u0131nc\u0131k, Bozyaz\u0131, Erdemli, G\u00fclnar, Mut ve Tarsus il\u00e7e belediyelerinin yan\u0131 s\u0131ra TSE Mersin \u0130thalat M\u00fcd\u00fcrl\u00fc\u011f\u00fc&#8217;nden denet\u00e7ilerin kat\u0131ld\u0131\u011f\u0131 \u00e7al\u0131\u015ftay g\u00fcn boyu s\u00fcrd\u00fc.<\/p>\n\n\n\n<p><strong>G\u00f6kayaz: &#8220;B\u00fcy\u00fck\u015fehir olarak, i\u015f sa\u011fl\u0131\u011f\u0131 ve g\u00fcvenli\u011fi \u00e7al\u0131\u015fmalar\u0131n\u0131 olduk\u00e7a \u00f6nemsiyoruz&#8221;<\/strong><\/p>\n\n\n\n<p>Mersin B\u00fcy\u00fck\u015fehir Belediyesi Genel Sekreter Yard\u0131mc\u0131s\u0131 Serdal G\u00f6kayaz, B\u00fcy\u00fck\u015fehir olarak bu sene ilkini ger\u00e7ekle\u015ftirdikleri \u00e7al\u0131\u015ftay\u0131 farkl\u0131 alanlara da ta\u015f\u0131mak istediklerini belirterek&nbsp;<strong>&#8220;Yerel y\u00f6netimler olarak bizler; yol asfalt \u00e7al\u0131\u015fmalar\u0131ndan park bah\u00e7elere, sosyal hizmetlerden tar\u0131msal faaliyetlere kadar bir\u00e7ok alanla ilgileniyoruz. Do\u011fal olarak bu kadar \u00e7e\u015fitli alanlarda ve \u00e7e\u015fitli konularda \u00e7al\u0131\u015f\u0131yor olmak birtak\u0131m riskleri de beraberinde getiriyor. Dolay\u0131s\u0131yla yerel y\u00f6netimler olarak bu riskleri en iyi \u015fekilde y\u00f6netebilmek ve bir taraftan da bertaraf edebilmek i\u00e7in i\u015f sa\u011fl\u0131\u011f\u0131 ve g\u00fcvenli\u011fi \u00e7al\u0131\u015fmalar\u0131n\u0131n b\u00fcy\u00fck bir \u00f6neme sahip oldu\u011funa inan\u0131yoruz&#8221;<\/strong>&nbsp;dedi.<\/p>\n\n\n\n<p>\u00d6n\u00fcm\u00fczdeki y\u0131llarda \u00e7al\u0131\u015ftay kapsam\u0131n\u0131 daha da geni\u015fletmek istediklerini ifade eden G\u00f6kayaz, yerel y\u00f6netimler aras\u0131nda ortak bir k\u00fclt\u00fcr yaratmak istediklerine de dikkat \u00e7ekerek,&nbsp;<strong>&#8220;Bu anlamda B\u00fcy\u00fck\u015fehir Belediyesi olarak, yerel y\u00f6netimler aras\u0131nda il\u00e7e belediyeleri ile hatta il\u00e7e belediyelerinin kendi aralar\u0131nda ortakla\u015fma k\u00fclt\u00fcr\u00fcn\u00fc yaratmak istiyoruz. Bu a\u00e7\u0131dan B\u00fcy\u00fck\u015fehir Belediyesi olarak bu \u00e7al\u0131\u015ftay\u0131 yapma gereksinimi duyduk. Bunu bir ba\u015flang\u0131\u00e7 olarak g\u00f6rmek gerekiyor. B\u00fcy\u00fck\u015fehir Belediyesi olarak en g\u00fczel \u015fekilde bu \u00e7al\u0131\u015ftay\u0131n devam\u0131n\u0131 getirece\u011fiz&#8221;<\/strong>&nbsp;s\u00f6zlerine yer verdi.<\/p>\n\n\n\n<p><strong>Atila: &#8220;Y\u00fcksek kat\u0131l\u0131ml\u0131, \u00e7ok de\u011ferli sonu\u00e7lar\u0131n \u00e7\u0131kt\u0131\u011f\u0131 verimli bir \u00e7al\u0131\u015ftay oldu&#8221;<\/strong><\/p>\n\n\n\n<p>Sa\u011fl\u0131k \u0130\u015fleri Dairesi Ba\u015fkan\u0131 H\u00fclya Atila, \u00e7al\u0131\u015ftaydan \u00e7ok \u00f6nemli ve \u00e7ok de\u011ferli sonu\u00e7lar \u00e7\u0131kt\u0131\u011f\u0131n\u0131 ve 11 il\u00e7e belediyesinin kat\u0131l\u0131m\u0131 ile \u00e7al\u0131\u015ftay\u0131 ger\u00e7ekle\u015ftirdiklerini vurgulad\u0131. Atila,&nbsp;<strong>&#8220;Ger\u00e7ekten \u00e7ok y\u00fcksek kat\u0131l\u0131ml\u0131 ve herkesin sonuna kadar katk\u0131lar\u0131n\u0131 ve g\u00f6r\u00fc\u015flerini sundu\u011fu bir \u00e7al\u0131\u015ftay ger\u00e7ekle\u015ftirdik. Bu anlamda il\u00e7e belediyelerinin sorunlar\u0131n\u0131 dinledik. Mersin B\u00fcy\u00fck\u015fehir Belediyesi t\u00fcm \u015feffafl\u0131\u011f\u0131yla yerel y\u00f6netimlerde ya\u015fanan s\u0131k\u0131nt\u0131lar\u0131 ve sorunlar\u0131 masaya koydu. \u0130l\u00e7e belediyelerimiz de ya\u015fad\u0131klar\u0131 t\u00fcm s\u0131k\u0131nt\u0131 ve sorunlar\u0131 a\u00e7\u0131k ve \u015feffaf bir \u015fekilde ortaya koydular. Bizler de B\u00fcy\u00fck\u015fehir Belediyesi olarak bu sorun ve s\u0131k\u0131nt\u0131lar\u0131n \u00e7\u00f6z\u00fcm\u00fc noktas\u0131nda ortak bir paydada birle\u015ftik&#8221;<\/strong>&nbsp;ifadelerini kulland\u0131.<\/p>\n\n\n\n<p>Bir sonraki \u00e7al\u0131\u015ftay konusunu da \u015fimdiden belirlediklerini aktaran Atila,&nbsp;<strong>&#8220;\u0130l\u00e7e belediyeleri hem e\u011fitim anlam\u0131nda hem i\u015f sa\u011fl\u0131\u011f\u0131 ve g\u00fcvenli\u011fi k\u00fclt\u00fcr\u00fcn\u00fcn olu\u015fturulmas\u0131 ve risk analizlerinin yap\u0131lmas\u0131 anlam\u0131nda bizden yard\u0131m talep ettiler. Biz de seve seve bu konularda birlikte \u00e7al\u0131\u015faca\u011f\u0131m\u0131z\u0131 ilettik&#8221;<\/strong>&nbsp;dedi. Atila, devam\u0131nda, B\u00fcy\u00fck\u015fehir Belediyesi&#8217;nin ilkyard\u0131m e\u011fitim merkezi oldu\u011funu ve bu merkezde t\u00fcm kamu kurumlar\u0131na \u00fccretsiz bir \u015fekilde e\u011fitimler verdiklerini de s\u00f6zlerine ekledi. Atila,&nbsp;<strong>&#8220;\u0130\u015f sa\u011fl\u0131\u011f\u0131 ve g\u00fcvenli\u011finde \u00e7al\u0131\u015fanlar\u0131n bu k\u00fclt\u00fcr\u00fc benimsemesi ve \u00fcst y\u00f6netimin sahiplenmesi en \u00f6nemli fakt\u00f6rler. Mersin B\u00fcy\u00fck\u015fehir Belediyesi olarak bizler, ISO45001 belgesi ile \u00e7al\u0131\u015fan bir belediyeyiz ve t\u00fcm \u00e7al\u0131\u015fanlar\u0131m\u0131za da bu k\u00fclt\u00fcr\u00fcm\u00fcz\u00fc iletmeye \u00e7al\u0131\u015f\u0131yoruz&#8221;<\/strong>&nbsp;\u015feklinde konu\u015ftu.<\/p>\n","protected":false},"excerpt":{"rendered":"<p>Mersin B\u00fcy\u00fck\u015fehir Belediyesi Sa\u011fl\u0131k \u0130\u015fleri Dairesi Ba\u015fkanl\u0131\u011f\u0131 \u0130\u015f Sa\u011fl\u0131\u011f\u0131 ve G\u00fcvenli\u011fi \u015eube M\u00fcd\u00fcrl\u00fc\u011f\u00fc,&nbsp;&#8216;Yerel Y\u00f6netimlerde \u0130\u015f Sa\u011fl\u0131\u011f\u0131 ve G\u00fcvenli\u011fi \u00c7al\u0131\u015ftay\u0131&#8217;&nbsp;ger\u00e7ekle\u015ftirdi. \u00c7al\u0131\u015fanlar\u0131n i\u015f sa\u011fl\u0131\u011f\u0131 ve g\u00fcvenli\u011fini sa\u011flamak, i\u015f kazas\u0131 say\u0131lar\u0131n\u0131 d\u00fc\u015f\u00fcrmek, meslek hastal\u0131klar\u0131n\u0131 \u00f6nlemek, \u00e7al\u0131\u015fma ortamlar\u0131n\u0131 iyile\u015ftirerek daha g\u00fcvenli ve sa\u011fl\u0131kl\u0131 hale getirilmesinde rehberlik ve koordinasyonu sa\u011flamak amac\u0131yla ger\u00e7ekle\u015ftirilen \u00e7al\u0131\u015ftayda sahada ya\u015fan\u0131lan sorunlar ve \u00e7\u00f6z\u00fcm \u00f6nerileri konu\u015fuldu. [&hellip;]<\/p>\n","protected":false},"author":2,"featured_media":37153,"comment_status":"closed","ping_status":"closed","sticky":false,"template":"","format":"standard","meta":{"footnotes":""},"categories":[3,9],"tags":[],"class_list":["post-37152","post","type-post","status-publish","format-standard","has-post-thumbnail","hentry","category-manset","category-saglik"],"views":17,"_links":{"self":[{"href":"https:\/\/mersinkadingazetesi.com\/index.php?rest_route=\/wp\/v2\/posts\/37152"}],"collection":[{"href":"https:\/\/mersinkadingazetesi.com\/index.php?rest_route=\/wp\/v2\/posts"}],"about":[{"href":"https:\/\/mersinkadingazetesi.com\/index.php?rest_route=\/wp\/v2\/types\/post"}],"author":[{"embeddable":true,"href":"https:\/\/mersinkadingazetesi.com\/index.php?rest_route=\/wp\/v2\/users\/2"}],"replies":[{"embeddable":true,"href":"https:\/\/mersinkadingazetesi.com\/index.php?rest_route=%2Fwp%2Fv2%2Fcomments&post=37152"}],"version-history":[{"count":1,"href":"https:\/\/mersinkadingazetesi.com\/index.php?rest_route=\/wp\/v2\/posts\/37152\/revisions"}],"predecessor-version":[{"id":37154,"href":"https:\/\/mersinkadingazetesi.com\/index.php?rest_route=\/wp\/v2\/posts\/37152\/revisions\/37154"}],"wp:featuredmedia":[{"embeddable":true,"href":"https:\/\/mersinkadingazetesi.com\/index.php?rest_route=\/wp\/v2\/media\/37153"}],"wp:attachment":[{"href":"https:\/\/mersinkadingazetesi.com\/index.php?rest_route=%2Fwp%2Fv2%2Fmedia&parent=37152"}],"wp:term":[{"taxonomy":"category","embeddable":true,"href":"https:\/\/mersinkadingazetesi.com\/index.php?rest_route=%2Fwp%2Fv2%2Fcategories&post=37152"},{"taxonomy":"post_tag","embeddable":true,"href":"https:\/\/mersinkadingazetesi.com\/index.php?rest_route=%2Fwp%2Fv2%2Ftags&post=37152"}],"curies":[{"name":"wp","href":"https:\/\/api.w.org\/{rel}","templated":true}]}}