{"id":37155,"date":"2024-11-24T10:17:49","date_gmt":"2024-11-24T07:17:49","guid":{"rendered":"https:\/\/mersinkadingazetesi.com\/?p=37155"},"modified":"2024-11-24T10:17:49","modified_gmt":"2024-11-24T07:17:49","slug":"mersin-buyuksehir-cevre-duyarliligina-destek-calismalarini-surduruyor","status":"publish","type":"post","link":"https:\/\/mersinkadingazetesi.com\/?p=37155","title":{"rendered":"MERS\u0130N B\u00dcY\u00dcK\u015eEH\u0130R, \u00c7EVRE DUYARLILI\u011eINA DESTEK \u00c7ALI\u015eMALARINI S\u00dcRD\u00dcR\u00dcYOR"},"content":{"rendered":"\n<p>Mersin B\u00fcy\u00fck\u015fehir Belediyesi \u00e7evresel fark\u0131ndal\u0131k yaratmak amac\u0131yla d\u00fczenlenen bir\u00e7ok etkinli\u011fe destek olmay\u0131 s\u00fcrd\u00fcr\u00fcyor. Mersin \u00c7evre Platformu&#8217;nun&nbsp;<strong><em>&#8216;T\u00fcm Canl\u0131lar\u0131n Ya\u015fam\u0131 \u0130\u00e7in \u00c7evremizi Koruyal\u0131m&#8217;<\/em><\/strong>ba\u015fl\u0131\u011f\u0131yla d\u00fczenledi\u011fi ve Mersin B\u00fcy\u00fck\u015fehir Belediyesi&#8217;nin de destekledi\u011fi&nbsp;<strong>&#8216;\u00c7evre Sempozyumu&#8217;&nbsp;<\/strong>yo\u011fun ilgiyle kar\u015f\u0131land\u0131.<\/p>\n\n\n\n<p>Mersin Mimarlar Odas\u0131&#8217;nda d\u00fczenlenen sempozyuma; Mersin B\u00fcy\u00fck\u015fehir Belediyesi \u00c7evre Koruma ve Kontrol Dairesi Ba\u015fkan\u0131 Dr. B\u00fclent Halisdemir, B\u00fcy\u00fck\u015fehir Belediyesi ilgili m\u00fcd\u00fcrler ve personeli, il\u00e7e belediyeleri, oda, dernek ve STK temsilcileri, akademisyenler ile \u00e7evre g\u00f6n\u00fcll\u00fcleri kat\u0131l\u0131m sa\u011flad\u0131. 3 g\u00fcn s\u00fcrecek sempozyumun ilk g\u00fcn\u00fcnde a\u00e7\u0131l\u0131\u015f konu\u015fmalar\u0131n\u0131n ard\u0131ndan do\u011fa ve \u00e7evre temal\u0131 bir belgesel g\u00f6sterimi yap\u0131ld\u0131. G\u00fcn boyu s\u00fcren sempozyumda iklim krizinin mevcut durumu, su kaynaklar\u0131ndaki azalma ve al\u0131nmas\u0131 gereken \u00f6nlemler, hava ve toprak kirlili\u011finin kentteki yans\u0131malar\u0131, plans\u0131z kentle\u015fme, kentteki a\u011fa\u00e7land\u0131rma ve biyo\u00e7e\u015fitlili\u011fin \u00f6nemi, sanayile\u015fmenin do\u011faya verdi\u011fi zararlar ve kirlilik, plastik kirlili\u011fi gibi ba\u015fl\u0131klar, alan\u0131nda uzman akademisyenler ve konunun uzmanlar\u0131 taraf\u0131ndan ele al\u0131nd\u0131.<\/p>\n\n\n\n<p><strong>Halisdemir: &#8220;\u0130klim de\u011fi\u015fikli\u011finin etkilerini azaltma ve uyum sa\u011flama y\u00f6n\u00fcnde \u00e7al\u0131\u015fmalar yap\u0131yoruz&#8221;<\/strong><\/p>\n\n\n\n<p>\u00c7evre Koruma ve Kontrol Dairesi Ba\u015fkan\u0131 Dr. B\u00fclent Halisdemir, sempozyumun a\u00e7\u0131l\u0131\u015f\u0131nda Mersin B\u00fcy\u00fck\u015fehir Belediye Ba\u015fkan\u0131 Vahap Se\u00e7er ad\u0131na yapt\u0131\u011f\u0131 konu\u015fmada, B\u00fcy\u00fck\u015fehir Belediyesi olarak \u00e7evre konular\u0131nda \u00e7ok hassasiyet g\u00f6sterdiklerini, bu konularda b\u00fct\u00fcn iyile\u015ftirmeleri ve yap\u0131lmas\u0131 gerekenleri yerine getirdiklerini ifade etti. Halisdemir,&nbsp;<strong>&#8220;\u0130klim de\u011fi\u015fiyor ve bu de\u011fi\u015fimi durdurma \u015fans\u0131m\u0131z yok. Bu de\u011fi\u015fimin olumsuz etkilerine kar\u015f\u0131 diren\u00e7li bir \u015fehir elde etme gibi bir misyonumuz var. \u0130klim de\u011fi\u015fikli\u011finin etkilerini azaltma ve uyum sa\u011flama y\u00f6n\u00fcnde bir\u00e7ok \u00e7al\u0131\u015fma yap\u0131yoruz. Bu ama\u00e7la en son haz\u0131rlad\u0131\u011f\u0131m\u0131z bir raporumuz var. Mersin \u0130li S\u00fcrd\u00fcr\u00fclebilir Enerji Ve \u0130klim Eylem Plan\u0131&#8217;n\u0131 haz\u0131rlad\u0131k. Sera gaz\u0131 emisyon envanterini \u00e7\u0131kartt\u0131k ve raporlad\u0131k. Bu \u00e7ok de\u011ferli bir \u00e7al\u0131\u015fma \u00e7\u00fcnk\u00fc yakla\u015f\u0131k 2 y\u0131ll\u0131k bir emek istiyor. Burada Mersin&#8217;de iklim de\u011fi\u015fikli\u011fine neden olan t\u00fcm etmenler masaya yat\u0131r\u0131ld\u0131 ve bu etmenlerin boyutlar\u0131 ortaya \u00e7\u0131kart\u0131ld\u0131&#8221;&nbsp;<\/strong>dedi.&nbsp;&nbsp;<\/p>\n\n\n\n<p>Al\u0131nmas\u0131 gereken \u00f6nlemlerde B\u00fcy\u00fck\u015fehir Belediyesi&#8217;nin yan\u0131 s\u0131ra t\u00fcm kamu kurum ve kurulu\u015flar\u0131n\u0131n \u00fczerine d\u00fc\u015fen g\u00f6revler oldu\u011funun alt\u0131n\u0131 \u00e7izen Halisdemir,&nbsp;<strong>&nbsp;&#8220;Biz bu raporlar rafta kalmas\u0131n diye kendi \u00fczerimize d\u00fc\u015fen k\u0131s\u0131mlar\u0131yla \u015fu anda m\u00fccadelemizi devam ettiriyoruz. Mersin&#8217;de ye\u015fil aks\u0131n mutlaka art\u0131r\u0131lmas\u0131 gerekiyor. Biz bunu karbon yuta\u011f\u0131 olarak g\u00f6r\u00fcyoruz. Bug\u00fcne kadar binlerce fidan dikimi ger\u00e7ekle\u015ftirdik, ye\u015fil alanlar\u0131n art\u0131r\u0131lmas\u0131 i\u00e7in \u00e7al\u0131\u015fmalar yapt\u0131k. Bundan sonra da ye\u015fil alanlar\u0131n art\u0131r\u0131lmas\u0131 i\u00e7in imar \u00e7al\u0131\u015fmalar\u0131nda \u00f6zellikle hassasiyet g\u00f6steriyoruz ve g\u00f6stermeye de devam edece\u011fiz&#8221;&nbsp;<\/strong>diye konu\u015ftu.<\/p>\n\n\n\n<p><strong>&#8220;Mersin ilinin at\u0131klar\u0131n\u0131 y\u00f6netiyoruz&#8221;<\/strong><\/p>\n\n\n\n<p>Kentteki deniz kirlili\u011finden bahseden Halisdemir, \u00f6zellikle bal\u0131k \u00e7iftliklerinin deniz kirlili\u011findeki rol\u00fcn\u00fc anlatarak, \u00f6nleme noktas\u0131nda \u00e7ok ciddi u\u011fra\u015flar verdiklerini aktard\u0131. Halisdemir, deniz denetimini \u00e7al\u0131\u015fmalar\u0131n\u0131n titizlikle yap\u0131ld\u0131\u011f\u0131n\u0131 ifade ederek, &#8220;<strong>Mersin ilinin at\u0131klar\u0131n\u0131 y\u00f6netiyoruz. Yakla\u015f\u0131k 2 bin tonun \u00fczerinde her g\u00fcn at\u0131k geliyor. Her g\u00fcn bu at\u0131klar\u0131 y\u00f6netiyoruz. Bu at\u0131klar\u0131 y\u00f6netti\u011fimiz i\u00e7in yakla\u015f\u0131k 80 bin hanenin ayd\u0131nlatma elektri\u011fini kar\u015f\u0131layacak oranda biyogazlar\u0131ndan elektrik \u00fcretiyoruz. Ama g\u00f6r\u00fcyoruz ki bu at\u0131klar\u0131n i\u00e7erisinde ambalaj at\u0131klar\u0131 \u00e7ok fazla. Bu konuda biz B\u00fcy\u00fck\u015fehir oldu\u011fumuz i\u00e7in di\u011fer il\u00e7e belediyelerine yol g\u00f6stermeye, birlikte hareket etmeye \u00e7al\u0131\u015f\u0131yoruz. At\u0131klar\u0131n kaynakta azalt\u0131lmas\u0131 konusunda \u00e7al\u0131\u015fmalara destek veriyoruz. Kayna\u011f\u0131nda azalt\u0131lm\u0131\u015f at\u0131klar, ambalajlar\u0131n geri kazan\u0131lmas\u0131 ekonomiye ciddi katk\u0131 sa\u011fl\u0131yor&#8221;&nbsp;<\/strong>ifadelerine yer verdi.<\/p>\n\n\n\n<p>Suyun hayati \u00f6nemine de\u011finen Halisdemir, SCADA Merkezi&#8217;ni tan\u0131tarak, kay\u0131p ka\u00e7a\u011f\u0131 \u00f6nlemeye \u00e7al\u0131\u015ft\u0131klar\u0131n\u0131 anlatt\u0131. Ya\u011f\u0131\u015f rejimlerinin d\u00fc\u015ft\u00fc\u011f\u00fcn\u00fc, tar\u0131m\u0131n \u00e7ok ciddi etkilendi\u011fini belirten Halisdemir kurduklar\u0131 erken uyar\u0131 sistemini de s\u00f6zlerine ekledi. Mersin&#8217;de \u00e7ok ciddi mikroplastik kirlili\u011fi tehlikesiyle kar\u015f\u0131 kar\u015f\u0131ya olduklar\u0131n\u0131 aktaran Halisdemir,&nbsp;<strong>&#8220;Bu \u00e7ok ciddi ele al\u0131nmas\u0131 gereken bir konu. Bununla ilgili MESK\u0130 \u015febekelerinde baz\u0131 d\u00fczenlemelere gidiyor. Biz B\u00fcy\u00fck\u015fehir Belediyesi olarak bariyer sistemini kurmaya ba\u015flad\u0131k. Efrenk Deresi&#8217;nde denemesini yapt\u0131k. Tutabildi\u011fimiz kadar at\u0131k tutarak denizimize kar\u0131\u015fmamas\u0131 i\u00e7in elimizden geleni yapaca\u011f\u0131z&#8221;<\/strong>&nbsp;dedi. \u00c7evre bilincinin \u00e7ocuklardan ba\u015flamas\u0131 gerekti\u011fini d\u00fc\u015f\u00fcnd\u00fckleri i\u00e7in 100 binin \u00fczerinde \u00f6\u011frenciye e\u011fitim verdiklerini ve bu d\u00fc\u015f\u00fcnceyle Mercan 100. Y\u0131l \u0130klim ve \u00c7evre Bilim Merkezi&#8217;ni kurduklar\u0131n\u0131 anlatan Halisdemir, \u00e7evre sorunlar\u0131na sadece b\u00f6lgesel, yerel de\u011fil uluslararas\u0131 bakmak gerekti\u011fini de vurgulad\u0131.<\/p>\n\n\n\n<p><strong>\u00c7al\u0131\u015f: &#8220;Sa\u011fl\u0131kl\u0131 ya\u015fam hakk\u0131n\u0131 savunmak en temel g\u00f6revimizdir&#8221;<\/strong><\/p>\n\n\n\n<p>Mersin Tabip Odas\u0131 Ba\u015fkan\u0131 Dr. \u0130zzet \u00c7al\u0131\u015f, ekolojik y\u0131k\u0131m\u0131n e\u015fi\u011finde olundu\u011funu, yenilenebilir enerji kaynaklar\u0131na ge\u00e7i\u015f, ormanlar\u0131 koruma ve yeniden a\u011fa\u00e7land\u0131rma, s\u00fcrd\u00fcr\u00fclebilir tar\u0131m uygulamalar\u0131 ile bu y\u0131k\u0131m\u0131 durdurabileceklerini, sa\u011fl\u0131kl\u0131 ve ya\u015fanabilir kentler olu\u015fturulabilece\u011fini kaydederek,&nbsp;<strong>&#8220;Bunun i\u00e7in \u00f6ncelikle bilin\u00e7lendirmenin ve e\u011fitimin \u00f6nemli oldu\u011funu vurgulamak istiyoruz. D\u00fcnya genelinde \u00f6l\u00fcmlerin ve hastal\u0131klar\u0131n yakla\u015f\u0131k y\u00fczde 10&#8217;u \u00e7evre kirlili\u011finin yaratt\u0131\u011f\u0131 fiziksel, kimyasal ve biyolojik risklerden kaynaklan\u0131yor. Hekimlik de\u011ferlerimiz, ayr\u0131ms\u0131z ve ayr\u0131cal\u0131ks\u0131z t\u00fcm canl\u0131lar\u0131n ya\u015fam hakk\u0131n\u0131 savunulmas\u0131n\u0131 gerektirir. Sa\u011fl\u0131kl\u0131 ya\u015fam hakk\u0131n\u0131 savunmak en temel g\u00f6revimizdir&#8221;&nbsp;<\/strong>dedi.<\/p>\n\n\n\n<p><strong>\u00d6zkaya: &#8220;\u00c7evre, sadece insanlar\u0131n de\u011fil, yery\u00fcz\u00fcndeki t\u00fcm canl\u0131lar\u0131n hakk\u0131d\u0131r&#8221;<\/strong><\/p>\n\n\n\n<p>\u00c7evre Sempozyumu&#8217;nda Oturum Ba\u015fkan\u0131 Prof. Dr. Okan \u00d6zkaya, sempozyum boyunca akademisyenler, uzmanlar, \u00e7evre g\u00f6n\u00fcll\u00fcleri ve kat\u0131l\u0131mc\u0131lardan \u00e7ok \u00f6nemli bilgiler alacaklar\u0131n\u0131 belirterek,&nbsp;<strong>&#8220;Kaynaklar\u0131n bilin\u00e7siz t\u00fcketimi, \u00e7evre kirlili\u011fi, iklim de\u011fi\u015fikli\u011fi, do\u011fal ya\u015fam\u0131n tahribat\u0131 gibi sorunlar d\u00fcnyam\u0131z\u0131n dengesini bozmu\u015f durumda. Burada bir araya gelmemizin nedeni bu sorunlar\u0131n \u00e7\u00f6z\u00fcm yollar\u0131n\u0131 bulmak, \u00e7evre bilincini artt\u0131rmak ve gelece\u011fe daha ya\u015fanabilir bir d\u00fcnya b\u0131rakmak i\u00e7in yap\u0131lmas\u0131 gereken \u015feyleri tart\u0131\u015fmak olacakt\u0131r. \u00c7evre sadece insanlar\u0131n de\u011fil, yery\u00fcz\u00fcndeki t\u00fcm canl\u0131lar\u0131n hakk\u0131d\u0131r&#8221;&nbsp;<\/strong>ifadelerine yer verdi.<\/p>\n\n\n\n<p>\u00c7evre Sempozyumu&#8217;na davetli akademisyenlerden Do\u00e7. Dr. Orta\u00e7 Onmu\u015f ise yapt\u0131\u011f\u0131 sunumunda&nbsp;<strong>&#8216;Hava Durumu ve \u0130klim Nedir?<\/strong>,&nbsp;<strong>D\u00fcnyan\u0131n \u0130klimi De\u011fi\u015fiyor Mu?, \u0130klim De\u011fi\u015fikli\u011fi Nas\u0131l \u0130zleniyor?, \u0130klim De\u011fi\u015fikli\u011finin Genel Etkileri&#8217;<\/strong>&nbsp;konular\u0131nda detayl\u0131 bilgiler vererek, hem \u00fclke hem de b\u00f6lge bazl\u0131 de\u011ferlendirme yaparak \u00e7\u00f6z\u00fcm \u00f6nerilerinde bulundu.<\/p>\n","protected":false},"excerpt":{"rendered":"<p>Mersin B\u00fcy\u00fck\u015fehir Belediyesi \u00e7evresel fark\u0131ndal\u0131k yaratmak amac\u0131yla d\u00fczenlenen bir\u00e7ok etkinli\u011fe destek olmay\u0131 s\u00fcrd\u00fcr\u00fcyor. Mersin \u00c7evre Platformu&#8217;nun&nbsp;&#8216;T\u00fcm Canl\u0131lar\u0131n Ya\u015fam\u0131 \u0130\u00e7in \u00c7evremizi Koruyal\u0131m&#8217;ba\u015fl\u0131\u011f\u0131yla d\u00fczenledi\u011fi ve Mersin B\u00fcy\u00fck\u015fehir Belediyesi&#8217;nin de destekledi\u011fi&nbsp;&#8216;\u00c7evre Sempozyumu&#8217;&nbsp;yo\u011fun ilgiyle kar\u015f\u0131land\u0131. Mersin Mimarlar Odas\u0131&#8217;nda d\u00fczenlenen sempozyuma; Mersin B\u00fcy\u00fck\u015fehir Belediyesi \u00c7evre Koruma ve Kontrol Dairesi Ba\u015fkan\u0131 Dr. B\u00fclent Halisdemir, B\u00fcy\u00fck\u015fehir Belediyesi ilgili m\u00fcd\u00fcrler ve personeli, il\u00e7e [&hellip;]<\/p>\n","protected":false},"author":2,"featured_media":37156,"comment_status":"closed","ping_status":"closed","sticky":false,"template":"","format":"standard","meta":{"footnotes":""},"categories":[3],"tags":[],"class_list":["post-37155","post","type-post","status-publish","format-standard","has-post-thumbnail","hentry","category-manset"],"views":2,"_links":{"self":[{"href":"https:\/\/mersinkadingazetesi.com\/index.php?rest_route=\/wp\/v2\/posts\/37155"}],"collection":[{"href":"https:\/\/mersinkadingazetesi.com\/index.php?rest_route=\/wp\/v2\/posts"}],"about":[{"href":"https:\/\/mersinkadingazetesi.com\/index.php?rest_route=\/wp\/v2\/types\/post"}],"author":[{"embeddable":true,"href":"https:\/\/mersinkadingazetesi.com\/index.php?rest_route=\/wp\/v2\/users\/2"}],"replies":[{"embeddable":true,"href":"https:\/\/mersinkadingazetesi.com\/index.php?rest_route=%2Fwp%2Fv2%2Fcomments&post=37155"}],"version-history":[{"count":1,"href":"https:\/\/mersinkadingazetesi.com\/index.php?rest_route=\/wp\/v2\/posts\/37155\/revisions"}],"predecessor-version":[{"id":37157,"href":"https:\/\/mersinkadingazetesi.com\/index.php?rest_route=\/wp\/v2\/posts\/37155\/revisions\/37157"}],"wp:featuredmedia":[{"embeddable":true,"href":"https:\/\/mersinkadingazetesi.com\/index.php?rest_route=\/wp\/v2\/media\/37156"}],"wp:attachment":[{"href":"https:\/\/mersinkadingazetesi.com\/index.php?rest_route=%2Fwp%2Fv2%2Fmedia&parent=37155"}],"wp:term":[{"taxonomy":"category","embeddable":true,"href":"https:\/\/mersinkadingazetesi.com\/index.php?rest_route=%2Fwp%2Fv2%2Fcategories&post=37155"},{"taxonomy":"post_tag","embeddable":true,"href":"https:\/\/mersinkadingazetesi.com\/index.php?rest_route=%2Fwp%2Fv2%2Ftags&post=37155"}],"curies":[{"name":"wp","href":"https:\/\/api.w.org\/{rel}","templated":true}]}}