{"id":37158,"date":"2024-11-24T10:18:52","date_gmt":"2024-11-24T07:18:52","guid":{"rendered":"https:\/\/mersinkadingazetesi.com\/?p=37158"},"modified":"2024-11-24T10:18:53","modified_gmt":"2024-11-24T07:18:53","slug":"baskan-yildiz-harcamalari-kontrol-altina-aldik-borclarin-yuzde-40ini-odedik","status":"publish","type":"post","link":"https:\/\/mersinkadingazetesi.com\/?p=37158","title":{"rendered":"BA\u015eKAN YILDIZ: HARCAMALARI KONTROL ALTINA ALDIK, BOR\u00c7LARIN Y\u00dcZDE 40&#8217;INI \u00d6DED\u0130K"},"content":{"rendered":"\n<p>Toroslar Belediye Ba\u015fkan\u0131 Abdurrahman Y\u0131ld\u0131z, &#8220;Bizim devrald\u0131\u011f\u0131m\u0131z mali bor\u00e7 b\u00f6yle \u00e7ok k\u0131sa s\u00fcrede alt\u0131ndan kalk\u0131labilecek bir bor\u00e7 de\u011fil ama devrald\u0131\u011f\u0131m\u0131zdan bu yana bor\u00e7lar\u0131m\u0131z\u0131n neredeyse y\u00fczde 40&#8217;\u0131ndan fazlas\u0131n\u0131 \u00f6dedik. \u00c7\u00fcnk\u00fc \u00e7ok ciddi, \u00e7ok s\u0131k\u0131 bir mali disiplin uygulad\u0131k. Harcamalar\u0131m\u0131z\u0131 \u00e7ok ciddi kontrol alt\u0131na ald\u0131k&#8221; dedi. 2025 b\u00fct\u00e7esini halk\u0131n \u00f6nceliklerini ve taleplerini dikkate alarak yapt\u0131klar\u0131n\u0131, b\u00fct\u00e7eyi kullan\u0131rken de halka soracaklar\u0131n\u0131 belirten Y\u0131ld\u0131z, &#8220;Bundan sonra art\u0131k hizmet odakl\u0131 ve gelece\u011fi konu\u015fmaya ba\u015flayan bir Toroslar, gelece\u011fi kurmaya ba\u015flayan bir Toroslar olacak&#8221; ifadelerini kulland\u0131.<\/p>\n\n\n\n<p>Toroslar Belediye Ba\u015fkan\u0131 Abdurrahman Y\u0131ld\u0131z, Kanal 33 yay\u0131n\u0131nda Ahmet \u00d6zdemir&#8217;in sorular\u0131n\u0131 yan\u0131tlad\u0131, Toroslar Belediyesinin 6 ayda yakalad\u0131\u011f\u0131 mali disiplini nas\u0131l sa\u011flad\u0131klar\u0131n\u0131 anlatt\u0131.<\/p>\n\n\n\n<p>&#8220;Toroslar&#8217;da 31 Mart&#8217;tan sonra yeni bir takvim i\u015flemeye ba\u015flad\u0131. Yeni bir saat \u00e7al\u0131\u015fmaya ba\u015flad\u0131&#8221; diyen Ba\u015fkan Y\u0131ld\u0131z, &#8220;Tabii bunun da asl\u0131nda yava\u015f yava\u015f emarelerini g\u00f6r\u00fcyoruz. Yani bizim ilk 6 ayl\u0131k d\u00f6nemimiz bir anlamda belediyenin r\u00f6ntgenini \u00e7ekmekle ge\u00e7ti. Biliyorsunuz 30 y\u0131ld\u0131r ayn\u0131 siyasi anlay\u0131\u015f taraf\u0131ndan y\u00f6netilen bir belediyeydi buras\u0131 ve bir\u00e7ok al\u0131\u015fkanl\u0131klar\u0131n de\u011fi\u015ftirilmesi asl\u0131nda \u00e7ok da kolay de\u011fildi. \u0130lk 6 ay\u0131m\u0131zda biraz bununla u\u011fra\u015ft\u0131k. Finansal bir k\u0131s\u0131m meselelerimiz vard\u0131. Yo\u011fun bor\u00e7lar\u0131m\u0131z vesaire vard\u0131. Bunlarla u\u011fra\u015ft\u0131k ama \u015fu anda belediyeye hakimiz. Belediyenin g\u00fcc\u00fcn\u00fc biliyoruz, hangi tempoyla \u00e7al\u0131\u015fabilece\u011fini biliyoruz. Bundan sonra art\u0131k hizmet odakl\u0131 ve gelece\u011fi konu\u015fmaya ba\u015flayan bir Toroslar, gelece\u011fi kurmaya ba\u015flayan bir Toroslar olacak. Ve yava\u015f yava\u015f da kurumaya ba\u015flad\u0131k&#8221; dedi.<\/p>\n\n\n\n<p><strong>&#8220;B\u00dcT\u00c7EY\u0130 YAPARKEN HALKA SORMU\u015eTUK, HARCARKEN DE HALKA SORUYORUZ&#8221;<\/strong><\/p>\n\n\n\n<p>Toroslar&#8217;\u0131n sorunlar\u0131n\u0131 \u00e7\u00f6zmek i\u00e7in ihmal edilmi\u015f meselelerden ba\u015flad\u0131klar\u0131n\u0131 anlatan Ba\u015fkan Y\u0131ld\u0131z, &#8220;2024 y\u0131l\u0131nda bizden \u00f6nceki arkada\u015flar\u0131n yapm\u0131\u015f oldu\u011fu b\u00fct\u00e7eyi kullanm\u0131\u015ft\u0131k. Kullan\u0131yoruz halihaz\u0131rda. 2025 b\u00fct\u00e7esini biz yapt\u0131k. Bunu halk\u0131m\u0131zla beraber yapt\u0131k. Biz bunu halk\u0131m\u0131za giderek, sorarak yapt\u0131k ve \u015fimdi yapt\u0131\u011f\u0131m\u0131z b\u00fct\u00e7eyi yine halk\u0131m\u0131za gidip anlat\u0131yoruz. Onlar\u0131n \u00f6nceliklerini anlamaya \u00e7al\u0131\u015f\u0131yoruz. K\u00f6y k\u00f6y, mahalle mahalle, \u015fu anda b\u00fct\u00fcn ekiplerimiz sokaklardalar. Fen i\u015fleri ekibimiz olsun, temizlik i\u015fleri ekibimiz olsun. Mahalle mahalle gez \u00f6nceliklerini anlamaya \u00e7al\u0131\u015f\u0131yorlar. Ben de bu \u00e7al\u0131\u015fmalara kat\u0131l\u0131yorum.&nbsp;&nbsp;Toplam b\u00fct\u00e7emiz 2 milyar 300 milyon lira. Bunun d\u00f6rtte \u00fc\u00e7\u00fcn\u00fc bir \u015feye ay\u0131rd\u0131k. Bizim standart belediyecilik hizmetlerimize ay\u0131rd\u0131k. Yani temizlik i\u015flerine ay\u0131rd\u0131k. Park i\u015flerine ay\u0131rd\u0131k. Yol asfalt kald\u0131r\u0131m i\u015flerine ay\u0131rd\u0131k. \u015eimdi yurtta\u015f\u0131m\u0131za gidip soruyoruz. Diyoruz ki b\u00fct\u00e7emizin durumu bu. Sizin bizden talebiniz bu sorunlar\u0131n \u00e7\u00f6z\u00fclmesiydi. \u015eimdi bize s\u00f6yleyin. 2025 y\u0131l\u0131nda bunlar\u0131n hangisi \u00f6nceliklidir ve nereden ba\u015flamam\u0131z laz\u0131m? Yol meselesi hangi yoldan ba\u015flamam\u0131z laz\u0131m? Kald\u0131r\u0131msa nereden ba\u015flamam\u0131z laz\u0131m? Temizlik meselesindeki eksikliklerimizi biz de biliyoruz. Onlardan da soruyoruz. Dolay\u0131s\u0131yla bunlar\u0131 gidermek \u00fczere yo\u011fun \u00e7al\u0131\u015fma yap\u0131l\u0131yor. Halk\u0131n b\u00fct\u00e7esi 2025 Ocak itibariyle i\u015flemeye ba\u015flayacak. Yani \u00f6ncelikli s\u0131ras\u0131na g\u00f6re b\u00fct\u00e7eyi halk\u0131m\u0131zla beraber, toplumumuzla beraber, mahallelilerimizle beraber tespit edece\u011fiz. Yani bizim \u00f6nceli\u011fimiz her zaman vatanda\u015f\u0131n \u00f6nceli\u011fiyle \u00e7ak\u0131\u015fmayabilir onlara soruyoruz \u00f6ncelikle. Sizin \u00f6nceli\u011finiz nedir diye&#8221; ifadelerini kulland\u0131.<\/p>\n\n\n\n<p><strong>&#8220;BORCUN Y\u00dcZDE 40&#8217;INI \u00d6DED\u0130K&#8221;<\/strong><\/p>\n\n\n\n<p>Belediyeyi bor\u00e7 y\u00fck\u00fcyle devralmalar\u0131na ra\u011fmen mali disiplini sa\u011flad\u0131klar\u0131n\u0131 ifade eden Ba\u015fkan Y\u0131ld\u0131z, &#8220;Bizim devrald\u0131\u011f\u0131m\u0131z mali bor\u00e7 b\u00f6yle \u00e7ok k\u0131sa s\u00fcrede alt\u0131ndan kalk\u0131labilecek bir bor\u00e7 de\u011fil ama devrald\u0131\u011f\u0131m\u0131zdan bu yana neredeyse bor\u00e7lar\u0131m\u0131z\u0131n y\u00fczde 40&#8217;\u0131nda fazlas\u0131n\u0131 \u00f6dedik. \u00c7\u00fcnk\u00fc \u00e7ok ciddi \u00e7ok s\u0131k\u0131 bir mali disiplin uygulad\u0131k. Ger\u00e7ekten harcamalar\u0131m\u0131z\u0131 \u00e7ok ciddi kontrol alt\u0131na ald\u0131k. Bizim burada oturdu\u011fumuz m\u00fcddet\u00e7e yani 2029 y\u0131l\u0131n\u0131n 31 Mart&#8217;\u0131na kadar bu belediyenin her bir kuru\u015funu harcarken belli bir disiplin dahilinde harcayaca\u011f\u0131z, belli bir kontrol dahilinde harcayaca\u011f\u0131z ve olu\u015fturdu\u011funuz b\u00fct\u00e7elerin tamam\u0131n\u0131 aynen 2025 b\u00fct\u00e7esinde yapmaya \u00e7al\u0131\u015ft\u0131\u011f\u0131m\u0131z gibi vatanda\u015f\u0131n sorunlar\u0131n\u0131 \u00e7\u00f6z\u00fcm\u00fc noktas\u0131nda harcayaca\u011f\u0131z&#8221; dedi.<\/p>\n\n\n\n<p><strong>&#8220;OTEL VE AVM MARKALARI TOROSLAR&#8217;A YATIRIM YAPMAK \u0130ST\u0130YOR&#8221;<\/strong><\/p>\n\n\n\n<p>Toroslar halk\u0131n\u0131n de\u011fi\u015fim istedi\u011fini, bu iste\u011fi 31 Mart 2024&#8217;te sand\u0131kta g\u00f6sterdi\u011fini ifade eden Ba\u015fkan Y\u0131ld\u0131z, &#8220;Toplumda umut y\u00fckseldi diyebilirim. Bana gelen giden misafirlerimiz anlat\u0131yorlar. Belediyenin fiziki ko\u015fullar\u0131 bile de\u011fi\u015fti diyorlar. Belediyeye girdi\u011fimizde personelin bize kar\u015f\u0131 tavr\u0131 bile de\u011fi\u015fti diyorlar. S\u0131radan yurtta\u015f anlat\u0131yor mesela. Y\u0131llard\u0131r i\u015fi olan bir mimar, bir m\u00fchendis d\u00fc\u015f\u00fcn\u00fcn. Toroslar Belediyesi&#8217;nde bir\u00e7ok meslek odas\u0131, mimar, m\u00fchendis, meslek odalar\u0131, i\u015f yapmak istemezlerdi. \u015eimdi herkes Toroslar&#8217;dan i\u015f almak istiyor. Art\u0131k mesela en h\u0131zl\u0131 ruhsat\u0131n verildi\u011fi belediye Toroslar Belediyesi. Yeni yat\u0131r\u0131m alanlar\u0131 olu\u015fturmaya ba\u015flad\u0131k. Bu konuda ciddi talepler var. Bak\u0131n\u0131z al\u0131\u015fveri\u015f merkezi yapmak isteyen hem\u015ferilerimiz var. Hastane yapmak isteyen hem\u015fehrilerimiz var. Bilinen, d\u00fcnya \u00e7ap\u0131nda bilinen bir otel markas\u0131 il\u00e7emize bir otel yapmay\u0131 d\u00fc\u015f\u00fcn\u00fcyor. De\u011fi\u015fimin kendisi bir umut oldu diyebilirim. Toroslar&#8217;\u0131n potansiyeli a\u00e7\u0131\u011fa \u00e7\u0131kmaya ba\u015flad\u0131. De\u011fi\u015fim de bu. Umut da bu d\u00f6n\u00fc\u015f\u00fcm de bu. \u0130nsanlar \u00e7ok ciddi bir \u015fekilde art\u0131k Toroslar&#8217;\u0131 g\u00f6rmeye ba\u015flad\u0131lar ve Toroslar&#8217;da yat\u0131r\u0131m yapmak istiyorlar. Bu da hem bizi \u00e7ok sevindiren bir \u015fey, hem de Toroslar&#8217;\u0131m\u0131za ciddi zenginlik katacak bir \u015fey&#8221; ifadelerini kulland\u0131.<\/p>\n\n\n\n<p><strong>&#8220;PAZARYERLER\u0130 BELED\u0130YEN\u0130N M\u00dcLK\u00dcD\u00dcR&#8221;<\/strong><\/p>\n\n\n\n<p>Toroslar s\u0131n\u0131rlar\u0131 i\u00e7inde bulunan kapal\u0131 pazaryerlerini hem pazarc\u0131 esnaf\u0131n\u0131n hem vatanda\u015flar\u0131n rahat\u0131n\u0131 d\u00fc\u015f\u00fcnerek elden ge\u00e7irdiklerini, eksikliklerini giderdiklerini anlatan Ba\u015fkan Y\u0131ld\u0131z, bu pazaryerlerinin haftan\u0131n belli g\u00fcnlerinde farkl\u0131 pazarlara ev sahipli\u011fi yapaca\u011f\u0131 bir sistem \u00fczerinde durduklar\u0131n\u0131 s\u00f6yledi.<\/p>\n\n\n\n<p>Y\u0131ld\u0131z, &#8220;Pazarlar\u0131n bir y\u00f6netim \u015fekli var. Sonu\u00e7ta buras\u0131 belediye m\u00fclk\u00fc. Belediye kendi m\u00fclk\u00fcn\u00fc istedi\u011fi \u015fekilde tasarruf hakk\u0131na sahip yani. Bunun i\u00e7in herhangi bir yerden izin alma, herhangi bir merciden izin almaya gerek yok. \u00d6yle bir \u015feye gerek yok. Belediyenin m\u00fclk\u00fc, belediye kendi m\u00fclk\u00fc \u00fczerinde de istedi\u011fi tasarrufta bulunabilir. Nas\u0131l ki haftada bir g\u00fcn pazar esnaf\u0131na kulland\u0131rt\u0131yorsa di\u011fer g\u00fcnlerde de ba\u015fka esnaf\u0131 kulland\u0131rtarak buradan gelir elde edebilir, edecektir zaten.&nbsp;&nbsp;Yani bizim on iki pazar\u0131m\u0131z var. Bunun 12&#8217;si de ke\u015fke haftan\u0131n 7 g\u00fcn\u00fc dolu olsa. \u0130\u015fletmelerimiz olsa. Biz bu konuda a\u00e7\u0131\u011f\u0131z. Buradan belediyeye bir gelir elde edecekse de hem\u015fehrilerimiz bundan faydalanacaksa bu ne ala yani ne t\u00fcr bir beis olabilir? Bizim \u00f6yle pazarc\u0131 esnaf\u0131yla falan bir meselemiz yok. Pazarc\u0131 esnaf\u0131 ekme\u011finin pe\u015finde. Onlar belli bir kural dairesinde pazar yerlerimizi kullan\u0131yorlar. Kullanmaya devam edecekler&#8221; dedi.<\/p>\n\n\n\n<p><strong>&#8220;PAZARCI ESNAFI KAYYUM SLOGANI ATMAZ&#8221;<\/strong><\/p>\n\n\n\n<p>Ge\u00e7ti\u011fimiz g\u00fcnlerde belediye \u00f6n\u00fcnde yap\u0131lan eylemde baz\u0131 ki\u015filerin siyasi y\u00f6nlendirme ile kayyum sloganlar\u0131 atmas\u0131na da de\u011finen Ba\u015fkan Y\u0131ld\u0131z, &#8220;Oraya gelen insanlar\u0131n yani bir kesim taraf\u0131ndan k\u0131\u015fk\u0131rt\u0131lm\u0131\u015f oldu\u011funu d\u00fc\u015f\u00fcn\u00fcyorum ben. Problem oradan \u00e7\u0131k\u0131yor. Mesela hi\u00e7bir pazarc\u0131 belediye ba\u015fkan\u0131 istifa diye slogan atmaz. Hi\u00e7bir pazarc\u0131 saatlerce oturup orada Toroslar Belediyesi&#8217;ne kayyum gelsin diye slogan atmaz. Benim itiraz\u0131m ve isyan\u0131m burayad\u0131r. Hangi \u00e7evrelerin kayyum istedi\u011fi, kimin kayyum istedi\u011fi, nas\u0131l istedi\u011fi belli. Bunun siyasi bir organizasyon oldu\u011fu, birilerinin s\u00fcrekli bir \u015feyi ka\u015f\u0131d\u0131\u011f\u0131 filan belli. Bir \u015feylere zemin haz\u0131rlanmaya \u00e7al\u0131\u015f\u0131l\u0131yor. Duyuyorum baz\u0131 \u015feyler \u015fimdi kula\u011f\u0131ma geliyor. Bak\u0131n bo\u015funa u\u011fra\u015f\u0131yorlar. Bizden bir \u015fey \u00e7\u0131kmaz&#8221; dedi.<\/p>\n\n\n\n<p><strong>&#8220;ALGI OYUNLARINA GELMEY\u0130N&#8221;<\/strong><\/p>\n\n\n\n<p>Toroslar Belediye Ba\u015fkan\u0131 Abdurrahman Y\u0131ld\u0131z, yay\u0131n sonunda Toroslar sakinlerine \u015f\u00f6yle seslendi:<\/p>\n\n\n\n<p>&#8220;\u00d6ncelikle hi\u00e7 kimse enseyi karartmas\u0131n, moralini bozmas\u0131n. Toroslar&#8217;a ili\u015fkin bir k\u0131s\u0131m alg\u0131 \u00e7al\u0131\u015fmalar\u0131 y\u00fcr\u00fct\u00fcl\u00fcyor olabilir. Can\u0131n\u0131z\u0131 s\u0131kmay\u0131n. Bunlar\u0131n hepsinin \u00fcstesinden gelecek bir belediye ba\u015fkan\u0131n\u0131z var sizin. Bunlar\u0131n tamam\u0131n\u0131 \u00e7\u00f6zebilecek bir belediye ba\u015fkan\u0131n\u0131z var sizin. Bu konularda hi\u00e7 can\u0131n\u0131z\u0131 s\u0131kmay\u0131n. Bu kentte de\u011fi\u015fim ba\u015flad\u0131, d\u00f6n\u00fc\u015f\u00fcm ba\u015flad\u0131. Bu \u00e7ok h\u0131zl\u0131 bir \u015fekilde devam edecek. Gerek hizmetler konusunda gerekse buradaki ya\u015fam al\u0131\u015fkanl\u0131klar\u0131 konusunda \u00e7ok ciddi de\u011fi\u015fimler devam edecek. Biz standart belediyecilik sorunlar\u0131 ba\u015fta olmak \u00fczere \u00f6n\u00fcm\u00fczdeki d\u00f6nem b\u00fct\u00fcn sorunlar\u0131 sizlerle beraber a\u015faca\u011f\u0131m\u0131za dair s\u00f6z vermi\u015ftik. S\u00f6z\u00fcm\u00fcz\u00fcn arkas\u0131nday\u0131z, s\u00f6z\u00fcm\u00fcz\u00fc tutmaya devam ediyoruz. Siz yeter ki bu alg\u0131 oyunlar\u0131na gelmeyin. \u0130nsanlar\u0131n kafas\u0131n\u0131 kar\u0131\u015ft\u0131ran, bir k\u0131s\u0131m huzursuzluk \u00e7\u0131kartmak isteyen \u00e7evrelerin bu isteklerine l\u00fctfen kulaklar\u0131n\u0131z\u0131 t\u0131kay\u0131n\u0131z ve enseyi karartmay\u0131n\u0131z. Toroslar bu memleketin en g\u00fczel il\u00e7elerinden bir tanesi olacak. Toroslar bar\u0131\u015f\u0131n, huzurun, karde\u015fli\u011fin kenti olacak.&#8221;<\/p>\n","protected":false},"excerpt":{"rendered":"<p>Toroslar Belediye Ba\u015fkan\u0131 Abdurrahman Y\u0131ld\u0131z, &#8220;Bizim devrald\u0131\u011f\u0131m\u0131z mali bor\u00e7 b\u00f6yle \u00e7ok k\u0131sa s\u00fcrede alt\u0131ndan kalk\u0131labilecek bir bor\u00e7 de\u011fil ama devrald\u0131\u011f\u0131m\u0131zdan bu yana bor\u00e7lar\u0131m\u0131z\u0131n neredeyse y\u00fczde 40&#8217;\u0131ndan fazlas\u0131n\u0131 \u00f6dedik. \u00c7\u00fcnk\u00fc \u00e7ok ciddi, \u00e7ok s\u0131k\u0131 bir mali disiplin uygulad\u0131k. Harcamalar\u0131m\u0131z\u0131 \u00e7ok ciddi kontrol alt\u0131na ald\u0131k&#8221; dedi. 2025 b\u00fct\u00e7esini halk\u0131n \u00f6nceliklerini ve taleplerini dikkate alarak yapt\u0131klar\u0131n\u0131, b\u00fct\u00e7eyi kullan\u0131rken [&hellip;]<\/p>\n","protected":false},"author":2,"featured_media":37159,"comment_status":"closed","ping_status":"closed","sticky":false,"template":"","format":"standard","meta":{"footnotes":""},"categories":[8,3,5],"tags":[],"class_list":["post-37158","post","type-post","status-publish","format-standard","has-post-thumbnail","hentry","category-ekonomi","category-manset","category-mersin"],"views":8,"_links":{"self":[{"href":"https:\/\/mersinkadingazetesi.com\/index.php?rest_route=\/wp\/v2\/posts\/37158"}],"collection":[{"href":"https:\/\/mersinkadingazetesi.com\/index.php?rest_route=\/wp\/v2\/posts"}],"about":[{"href":"https:\/\/mersinkadingazetesi.com\/index.php?rest_route=\/wp\/v2\/types\/post"}],"author":[{"embeddable":true,"href":"https:\/\/mersinkadingazetesi.com\/index.php?rest_route=\/wp\/v2\/users\/2"}],"replies":[{"embeddable":true,"href":"https:\/\/mersinkadingazetesi.com\/index.php?rest_route=%2Fwp%2Fv2%2Fcomments&post=37158"}],"version-history":[{"count":1,"href":"https:\/\/mersinkadingazetesi.com\/index.php?rest_route=\/wp\/v2\/posts\/37158\/revisions"}],"predecessor-version":[{"id":37160,"href":"https:\/\/mersinkadingazetesi.com\/index.php?rest_route=\/wp\/v2\/posts\/37158\/revisions\/37160"}],"wp:featuredmedia":[{"embeddable":true,"href":"https:\/\/mersinkadingazetesi.com\/index.php?rest_route=\/wp\/v2\/media\/37159"}],"wp:attachment":[{"href":"https:\/\/mersinkadingazetesi.com\/index.php?rest_route=%2Fwp%2Fv2%2Fmedia&parent=37158"}],"wp:term":[{"taxonomy":"category","embeddable":true,"href":"https:\/\/mersinkadingazetesi.com\/index.php?rest_route=%2Fwp%2Fv2%2Fcategories&post=37158"},{"taxonomy":"post_tag","embeddable":true,"href":"https:\/\/mersinkadingazetesi.com\/index.php?rest_route=%2Fwp%2Fv2%2Ftags&post=37158"}],"curies":[{"name":"wp","href":"https:\/\/api.w.org\/{rel}","templated":true}]}}