{"id":37161,"date":"2024-11-24T10:20:34","date_gmt":"2024-11-24T07:20:34","guid":{"rendered":"https:\/\/mersinkadingazetesi.com\/?p=37161"},"modified":"2024-11-24T10:20:35","modified_gmt":"2024-11-24T07:20:35","slug":"baskan-secerden-24-kasim-dunya-ogretmenler-gunu-mesaji","status":"publish","type":"post","link":"https:\/\/mersinkadingazetesi.com\/?p=37161","title":{"rendered":"BA\u015eKAN SE\u00c7ER&#8217;DEN 24 KASIM D\u00dcNYA \u00d6\u011eRETMENLER G\u00dcN\u00dc MESAJI"},"content":{"rendered":"\n<p>Mersin B\u00fcy\u00fck\u015fehir Belediye Ba\u015fkan\u0131 Vahap Se\u00e7er, 24 Kas\u0131m D\u00fcnya \u00d6\u011fretmenler G\u00fcn\u00fc dolay\u0131s\u0131yla bir mesaj yay\u0131mlad\u0131.<\/p>\n\n\n\n<p>Ba\u015fkan Se\u00e7er mesaj\u0131nda \u015fu ifadelere yer verdi:<\/p>\n\n\n\n<p><strong>&#8220;D\u00fcnyan\u0131n geli\u015fimine ve hayat\u0131n do\u011fal ak\u0131\u015f\u0131na katk\u0131 sunan \u00e7ok \u00f6nemli, \u00e7ok de\u011ferli kadim mesleklerin i\u00e7erisinde belki de en de\u011ferlisi \u00f6\u011fretmenlik mesle\u011fidir. En nihayetinde bir doktoru, m\u00fchendisi, veterineri, esnaf\u0131 akl\u0131n\u0131za gelebilecek her mesle\u011fi yeti\u015ftiren de bir \u00f6\u011fretmendir. Toplumlar\u0131n \u00f6\u011fretmenlere duydu\u011fu sayg\u0131; bir \u00f6\u011fretmenin ya\u015fad\u0131\u011f\u0131 \u00fclkede hangi \u015fartlarda \u00e7al\u0131\u015ft\u0131\u011f\u0131, o toplumun ve o \u00fclkenin refah d\u00fczeyini ortaya koyan \u00f6nemli bir k\u0131stast\u0131r.<\/strong><\/p>\n\n\n\n<p><strong>T\u00fcrkiye&#8217;de \u00f6\u011fretmenlerin sorunlar\u0131n\u0131n fark\u0131nday\u0131z, atanmayan \u00f6\u011fretmenler veya zorlu mesleki ko\u015fullar alt\u0131nda \u00e7al\u0131\u015fan \u00f6\u011fretmenlerin mevcut sorunlar\u0131 maalesef giderek derinle\u015fmektedir. \u00d6\u011fretmenlerin artan sorunlar\u0131 kar\u015f\u0131s\u0131nda Mersin B\u00fcy\u00fck\u015fehir Belediyesi olarak almam\u0131z gereken sorumlulu\u011fun bilincindeyiz. \u00d6\u011fretmenlik mesle\u011fini di\u011fer mesleklerden ay\u0131ran bir \u00f6zellik de \u00f6\u011fretmenlerin sorunlar\u0131n\u0131n kendi \u015fartlar\u0131yla a\u00e7\u0131klanamayaca\u011f\u0131 ger\u00e7e\u011fidir. Okullarda devam eden temizlik sorunlar\u0131ndan \u00f6\u011frencilerin beslenme problemine, artan aile i\u00e7i \u015fiddet konusundan ula\u015f\u0131m sorunlar\u0131na kadar, e\u011fitim verdi\u011fi \u00f6\u011frencilerinin sorunlar\u0131ndan da \u00f6\u011fretmenlerimiz ciddi \u00f6l\u00e7\u00fcde etkilenmektedir.<\/strong><\/p>\n\n\n\n<p><strong>G\u00f6reve geldi\u011fimiz 2019 y\u0131l\u0131ndan bu yana hem e\u011fitimde f\u0131rsat e\u015fitli\u011fi sa\u011flamak hem de e\u011fitime kavu\u015fmakta zorlanan \u00f6\u011frencilerimize kaliteli e\u011fitim hizmeti sunmak i\u00e7in yapt\u0131\u011f\u0131m\u0131z \u00e7al\u0131\u015fmalar her ge\u00e7en y\u0131l daha da ba\u015far\u0131l\u0131 sonu\u00e7lar vermeye devam etmektedir. E\u011fitim ve \u00d6\u011fretimi Destekleme Kurs Merkezlerimizden T\u00fcrkiye&#8217;nin en sayg\u0131n \u00fcniversitelerine ve en \u00e7ok tercih edilen b\u00f6l\u00fcmlerine yerle\u015fen \u00f6\u011frenci say\u0131m\u0131z her y\u0131l art\u0131\u015f g\u00f6sterirken, bu de\u011ferli ba\u015far\u0131n\u0131n en b\u00fcy\u00fck mimar\u0131n\u0131n kurumumuzda g\u00f6rev alan de\u011ferli \u00f6\u011fretmenlerimiz oldu\u011funu s\u00f6ylemek yanl\u0131\u015f olmaz. E\u011fitim ve \u00d6\u011fretimi Destekleme Kurs Merkezlerimizde yeti\u015fen \u00f6\u011frencilerimizin \u00fclkemize bir\u00e7ok meslek dal\u0131nda hizmet edece\u011fi gibi gelece\u011fin \u00f6\u011fretmenlerini yeti\u015ftiriyor olmas\u0131ndan da ayr\u0131ca mutluluk duyuyoruz.<\/strong><\/p>\n\n\n\n<p><strong>Ba\u015f\u00f6\u011fretmen s\u0131fat\u0131n\u0131 da ta\u015f\u0131yan Ulu \u00d6nder Mustafa Kemal Atat\u00fcrk&#8217;\u00fcn \u00f6\u011fretmenlere ve e\u011fitime verdi\u011fi de\u011feri yak\u0131ndan biliyor ve bu do\u011frultuda belediyemizin e\u011fitim hizmetlerini ger\u00e7ekle\u015ftiriyoruz.&nbsp;&nbsp;Sava\u015f\u0131n en zorlu ko\u015fullar\u0131nda \u00fclkenin e\u011fitim sorunlar\u0131n\u0131n ele al\u0131nd\u0131\u011f\u0131 Maarif Kongresi&#8217;ni toplayan bir liderden ald\u0131\u011f\u0131m\u0131z feyzle, e\u011fitime dair hi\u00e7bir hizmet plan\u0131n\u0131,&nbsp;<em>&#8216;\u015eimdi s\u0131ras\u0131 m\u0131?&#8217;<\/em>&nbsp;diyerek rafa kald\u0131rm\u0131yor, aksine \u00e7al\u0131\u015fma program\u0131m\u0131zda e\u011fitime dair hizmetleri her daim \u00f6nceliyoruz.<\/strong><\/p>\n\n\n\n<p><strong>Bu duygularla t\u00fcm \u00f6\u011fretmenlerimizin \u00f6\u011fretmenler g\u00fcn\u00fcn\u00fc kutlar\u0131m.&#8221;<\/strong><\/p>\n","protected":false},"excerpt":{"rendered":"<p>Mersin B\u00fcy\u00fck\u015fehir Belediye Ba\u015fkan\u0131 Vahap Se\u00e7er, 24 Kas\u0131m D\u00fcnya \u00d6\u011fretmenler G\u00fcn\u00fc dolay\u0131s\u0131yla bir mesaj yay\u0131mlad\u0131. Ba\u015fkan Se\u00e7er mesaj\u0131nda \u015fu ifadelere yer verdi: &#8220;D\u00fcnyan\u0131n geli\u015fimine ve hayat\u0131n do\u011fal ak\u0131\u015f\u0131na katk\u0131 sunan \u00e7ok \u00f6nemli, \u00e7ok de\u011ferli kadim mesleklerin i\u00e7erisinde belki de en de\u011ferlisi \u00f6\u011fretmenlik mesle\u011fidir. En nihayetinde bir doktoru, m\u00fchendisi, veterineri, esnaf\u0131 akl\u0131n\u0131za gelebilecek her mesle\u011fi yeti\u015ftiren [&hellip;]<\/p>\n","protected":false},"author":2,"featured_media":37162,"comment_status":"closed","ping_status":"closed","sticky":false,"template":"","format":"standard","meta":{"footnotes":""},"categories":[3],"tags":[],"class_list":["post-37161","post","type-post","status-publish","format-standard","has-post-thumbnail","hentry","category-manset"],"views":3,"_links":{"self":[{"href":"https:\/\/mersinkadingazetesi.com\/index.php?rest_route=\/wp\/v2\/posts\/37161"}],"collection":[{"href":"https:\/\/mersinkadingazetesi.com\/index.php?rest_route=\/wp\/v2\/posts"}],"about":[{"href":"https:\/\/mersinkadingazetesi.com\/index.php?rest_route=\/wp\/v2\/types\/post"}],"author":[{"embeddable":true,"href":"https:\/\/mersinkadingazetesi.com\/index.php?rest_route=\/wp\/v2\/users\/2"}],"replies":[{"embeddable":true,"href":"https:\/\/mersinkadingazetesi.com\/index.php?rest_route=%2Fwp%2Fv2%2Fcomments&post=37161"}],"version-history":[{"count":1,"href":"https:\/\/mersinkadingazetesi.com\/index.php?rest_route=\/wp\/v2\/posts\/37161\/revisions"}],"predecessor-version":[{"id":37163,"href":"https:\/\/mersinkadingazetesi.com\/index.php?rest_route=\/wp\/v2\/posts\/37161\/revisions\/37163"}],"wp:featuredmedia":[{"embeddable":true,"href":"https:\/\/mersinkadingazetesi.com\/index.php?rest_route=\/wp\/v2\/media\/37162"}],"wp:attachment":[{"href":"https:\/\/mersinkadingazetesi.com\/index.php?rest_route=%2Fwp%2Fv2%2Fmedia&parent=37161"}],"wp:term":[{"taxonomy":"category","embeddable":true,"href":"https:\/\/mersinkadingazetesi.com\/index.php?rest_route=%2Fwp%2Fv2%2Fcategories&post=37161"},{"taxonomy":"post_tag","embeddable":true,"href":"https:\/\/mersinkadingazetesi.com\/index.php?rest_route=%2Fwp%2Fv2%2Ftags&post=37161"}],"curies":[{"name":"wp","href":"https:\/\/api.w.org\/{rel}","templated":true}]}}