{"id":37170,"date":"2024-11-24T10:27:23","date_gmt":"2024-11-24T07:27:23","guid":{"rendered":"https:\/\/mersinkadingazetesi.com\/?p=37170"},"modified":"2024-11-24T10:27:24","modified_gmt":"2024-11-24T07:27:24","slug":"ekmen-iletisim-baskani-altuna-seslendi-yerel-basina-kiymayin-ilan-zammi-yuzde-32-degil-yuzde-60-olmali","status":"publish","type":"post","link":"https:\/\/mersinkadingazetesi.com\/?p=37170","title":{"rendered":"EKMEN \u0130LET\u0130\u015e\u0130M BA\u015eKANI ALTUN\u2019A SESLEND\u0130 YEREL BASINA KIYMAYIN, \u0130LAN ZAMMI Y\u00dcZDE 32 DE\u011e\u0130L, Y\u00dcZDE 60 OLMALI!\u00a0"},"content":{"rendered":"\n<p>DEVA Partisi Genel Ba\u015fkan Yard\u0131mc\u0131s\u0131 ve Mersin Milletvekili Mehmet Emin Ekmen, T\u00fcrkiye B\u00fcy\u00fck Millet Meclisi\u2019nde (TBMM) bas\u0131n toplant\u0131s\u0131yla yerel bas\u0131n\u0131n ve gazetecilerin sorunlar\u0131n\u0131 g\u00fcndeme getirdi. T\u00fcrkiye\u2019nin medya \u00f6zg\u00fcrl\u00fc\u011f\u00fcnde ya\u015fad\u0131\u011f\u0131 sorunlara dikkat \u00e7eken Ekmen, Anadolu\u2019daki insanlar\u0131n \u00f6nemli \u00f6l\u00e7\u00fcde iktidar\u0131n kontrol\u00fcndeki ekranlarla muhatap oldu\u011funu ifade etti. Google ve sosyal medya algoritmas\u0131n\u0131n ki\u015fiye g\u00f6re hareket etti\u011fini, farkl\u0131 fikirleri ve muhalifleri kullan\u0131c\u0131ya g\u00f6stermedi\u011fini dile getiren Ekmen, sosyal medya ve di\u011fer platformlar\u0131n yank\u0131 odalar\u0131na d\u00f6n\u00fc\u015ft\u00fc\u011f\u00fcne vurgu yapt\u0131.<\/p>\n\n\n\n<p><strong>KARIN TOKLU\u011eUNA B\u0130R M\u00dcCADELE VER\u0130L\u0130YOR<\/strong><\/p>\n\n\n\n<p>Yerel bas\u0131n\u0131n ya\u015fad\u0131\u011f\u0131 zorluklara dikkati \u00e7eken Ekmen, mevcut \u015fartlar i\u00e7inde yerel bas\u0131n\u0131n \u00e7ok az bir k\u0131sm\u0131n\u0131n bas\u0131l\u0131 olarak ayakta kalabildi\u011fini, yerel bas\u0131n\u0131n \u00f6nemli bir k\u0131sm\u0131n\u0131n web siteleri ve sosyal medyalar \u00fczerinden yay\u0131nc\u0131l\u0131\u011f\u0131na devam etti\u011fini s\u00f6yledi. Ana ak\u0131m medyan\u0131n g\u00f6rmedi\u011fi haberlerin yerel bas\u0131n arac\u0131l\u0131\u011f\u0131yla toplumun g\u00fcndemine geldi\u011fini ifade eden Ekmen, \u201cT\u00fcrkiye\u2019nin ger\u00e7ek anlamda \u00e7o\u011fulculu\u011funu, \u00e7e\u015fitlili\u011fini, renklili\u011fini yans\u0131tan bu b\u00fcy\u00fck g\u00fcc\u00fcn h\u00e2li nicedir diye sorarsak; bas\u0131l\u0131 gazetelerin teker teker hayatlar\u0131na son verdi\u011fi Sosyal medya hesaplar\u0131 \u00fczerinden \u00e7ok zor \u015fartlarda ve adeta kar\u0131n toklu\u011funa s\u00fcrd\u00fcr\u00fclen bir meslekle kar\u015f\u0131 kar\u015f\u0131ya oldu\u011fumuzu ifade etmemiz gerekiyor\u201d \u015feklinde konu\u015ftu.<\/p>\n\n\n\n<p><strong>YEREL BASINA TEKNOLOJ\u0130K ALTYAPI DESTE\u011e\u0130 VER\u0130LEB\u0130L\u0130R<\/strong><\/p>\n\n\n\n<p>\u0130ktidar taraf\u0131ndan yerel bas\u0131n\u0131n desteklenmedi\u011fini ve bir dayan\u0131\u015fma olmad\u0131\u011f\u0131n\u0131 s\u00f6yleyen Ekmen, cumhurba\u015fkanl\u0131\u011f\u0131, valilikler, belediye ba\u015fkanl\u0131klar\u0131 yerel bas\u0131n\u0131n g\u00fcc\u00fcn\u00fc art\u0131rmaya y\u00f6nelik ilan deste\u011finin d\u0131\u015f\u0131nda teknolojik alt yap\u0131 deste\u011fi, istihdam deste\u011finde bulunabilece\u011fini aktard\u0131.<\/p>\n\n\n\n<p><strong>TASARRUF GENELGES\u0130 YEREL BASINI BASKI ALTINDA BIRAKTI<\/strong><\/p>\n\n\n\n<p>Yerel bas\u0131n\u0131n bir destek bulamad\u0131\u011f\u0131 gibi son 4 y\u0131lda ciddi anlamda bask\u0131 alt\u0131nda oldu\u011funu belirten Ekmen, s\u00f6z konusu bask\u0131n\u0131n nedeninin 2021 y\u0131l\u0131nda yay\u0131mlanan tasarruf genelgesi oldu\u011funu ifade etti. Ekmen, tasarruf genelgesinin yerel bas\u0131na uygulan\u0131rken di\u011fer kurumlarda uygulanma durumuna ili\u015fkin Hazine ve Maliye Bakan\u0131 Mehmet \u015eim\u015fek\u2019in yan\u0131tlamas\u0131 istemiyle soru \u00f6nergesi vermesine ra\u011fmen cevap alamad\u0131\u011f\u0131n\u0131 kaydetti.<\/p>\n\n\n\n<p><strong>SON TASARRUF GENELGES\u0130YLE \u0130LANLAR DA AZALDI<\/strong><\/p>\n\n\n\n<p>Ekmen, bas\u0131l\u0131 gazetelerde ve internet sitesi yoluyla Bas\u0131n \u0130lan Kurumu desteklerinin de \u015fartlar\u0131n\u0131n a\u011f\u0131rla\u015ft\u0131r\u0131lm\u0131\u015f durumda oldu\u011funu belirterek, \u201c212 say\u0131l\u0131 yasaya g\u00f6re sigortal\u0131 olmak \u00fczere 8-10 ki\u015fi \u00e7al\u0131\u015ft\u0131rmak zorunda kal\u0131yorlar. Zaten bu 8-10 ki\u015finin maliyeti 100 binlerce lira demek. Bunun kar\u015f\u0131l\u0131\u011f\u0131nda di\u011fer i\u015fletme giderleri, kiras\u0131 maliyeti, yemesi, i\u00e7mesi, teknik altyap\u0131s\u0131 deyince elde edilen gelirin \u00e7ok \u00f6nemli bir k\u0131sm\u0131n\u0131n buharla\u015ft\u0131\u011f\u0131n\u0131 g\u00f6r\u00fcyoruz. \u2018Tasarruf genelgesi nedeniyle iptal edilen ihaleler sadece esnafa, i\u015fverene, m\u00fcteahhide, t\u00fcccara yans\u0131mad\u0131. Ge\u00e7en y\u0131l Bas\u0131n \u0130lan Kurumu bedellerinde y\u00fczde 70 ile y\u00fczde 100 aras\u0131nda bir art\u0131\u015f ya\u015fanm\u0131\u015f olmas\u0131na ra\u011fmen verilen ilan santim oran\u0131 trajik bir d\u00fc\u015f\u00fc\u015f g\u00f6sterdi\u201d ifadelerini kulland\u0131.<\/p>\n\n\n\n<p><strong>\u0130LANLARDA ARTI\u015e Y\u00dcZDE 60 OLSUN<\/strong><\/p>\n\n\n\n<p>\u0130leti\u015fim Ba\u015fkan\u0131 Fahrettin Altun\u2019a yerel bas\u0131n ad\u0131na istek ve taleplerini dile getiren Ekmen, \u201cYerel bas\u0131n\u0131n midesine giden yollar\u0131 kapatt\u0131n\u0131z\u2026 Bo\u011faz\u0131na giden nefesleri kapatmay\u0131n. Ger\u00e7ekten bu arkada\u015flar T\u00fcrk-\u0130\u015f verilerine g\u00f6re yoksulluk s\u0131n\u0131r\u0131n\u0131n alt\u0131nda bir gelirle ya\u015f\u0131yorlar. Bunun y\u00fczlerce \u00f6rne\u011fini isim isim, gazete gazete size sayabilirim. Hi\u00e7 afak\u00ee konu\u015fmuyorum. Ajitasyon yapm\u0131yorum. Y\u00fczlerce \u00f6rnek verebilirim ki bir gazetenin sahibi elinde ay sonunda T\u00fcrk-\u0130\u015f\u2019in yoksulluk s\u0131n\u0131r\u0131 bedeli kadar net bir gelir kalm\u0131yor. Devlet b\u00fct\u00fcn alacaklar\u0131na yakla\u015f\u0131k y\u00fczde 44 de\u011ferleme oran\u0131 yapm\u0131\u015f iken, ilan zam art\u0131\u015f oran\u0131na 12 puan alt\u0131nda y\u00fczde 32\u2019lik bir art\u0131\u015f yap\u0131lmas\u0131 kabul edilebilir de\u011fildir. \u0130leti\u015fim Ba\u015fkan\u0131 Say\u0131n Fahrettin Altun\u2019dan ve Bas\u0131n \u0130lan Kurumu Genel M\u00fcd\u00fcr\u00fc olarak Cavit Erk\u0131l\u0131n\u00e7\u2019dan gazetecilerimiz ad\u0131na talebimiz ve ricam\u0131z \u015fudur: L\u00fctfen 2024 y\u0131l\u0131ndaki daralmay\u0131 g\u00f6z \u00f6n\u00fcne alarak, bu daralmay\u0131 telafi edecek bir oranda y\u00fczde 60 oran\u0131nda bir art\u0131\u015f yap\u0131n\u0131z\u201d a\u00e7\u0131klamas\u0131nda bulundu.<\/p>\n\n\n\n<p><strong>YEREL BASININ ALDI\u011eI NEFES\u0130 KISMAYINIZ L\u00dcTFEN<\/strong><\/p>\n\n\n\n<p>Yerel bas\u0131n\u0131n son 5 y\u0131ld\u0131r i\u00e7ler ac\u0131s\u0131 bir durumda oldu\u011funu s\u00f6yleyen Ekmen, \u201cYerel bas\u0131n\u0131 \u00f6ld\u00fcrmek istiyorsan\u0131z, l\u00fctfen bu fikrinizi g\u00f6zden ge\u00e7iriniz. Ama hay\u0131r yerel bas\u0131n\u0131n kendisiyle ilgili olarak bir negatif politikan\u0131z yoksa yerel bas\u0131n\u0131n yedi\u011fi ekme\u011fi k\u0131st\u0131n\u0131z, i\u00e7ti\u011fi suyu ve ald\u0131\u011f\u0131 nefesi k\u0131smay\u0131n\u0131z l\u00fctfen!\u201d \u015feklinde konu\u015ftu.<\/p>\n\n\n\n<p>BASIN KURULU\u015eLARINDAN EKMEN\u2019E TE\u015eEKK\u00dcR &nbsp;<\/p>\n\n\n\n<p>Ekmen\u2019in s\u00f6z konusu a\u00e7\u0131klamalar\u0131na yerel gazetelerden ve bas\u0131n kurulu\u015flar\u0131ndan destekler geldi. K\u00fcresel Gazeteciler Konseyi Ba\u015fkan\u0131 ve ayn\u0131 zamanda Bas\u0131n \u0130lan Kurumu \u00fcyesi Mehmet Ali Dim yapt\u0131\u011f\u0131 a\u00e7\u0131klamada, geleneksel medyan\u0131n ve \u00f6zellikle de yerel medyan\u0131n sorunlar\u0131na dikkat \u00e7eken Ekmen\u2019e te\u015fekk\u00fcrlerin&nbsp;iletti.<\/p>\n","protected":false},"excerpt":{"rendered":"<p>DEVA Partisi Genel Ba\u015fkan Yard\u0131mc\u0131s\u0131 ve Mersin Milletvekili Mehmet Emin Ekmen, T\u00fcrkiye B\u00fcy\u00fck Millet Meclisi\u2019nde (TBMM) bas\u0131n toplant\u0131s\u0131yla yerel bas\u0131n\u0131n ve gazetecilerin sorunlar\u0131n\u0131 g\u00fcndeme getirdi. T\u00fcrkiye\u2019nin medya \u00f6zg\u00fcrl\u00fc\u011f\u00fcnde ya\u015fad\u0131\u011f\u0131 sorunlara dikkat \u00e7eken Ekmen, Anadolu\u2019daki insanlar\u0131n \u00f6nemli \u00f6l\u00e7\u00fcde iktidar\u0131n kontrol\u00fcndeki ekranlarla muhatap oldu\u011funu ifade etti. Google ve sosyal medya algoritmas\u0131n\u0131n ki\u015fiye g\u00f6re hareket etti\u011fini, farkl\u0131 fikirleri [&hellip;]<\/p>\n","protected":false},"author":2,"featured_media":36960,"comment_status":"closed","ping_status":"closed","sticky":false,"template":"","format":"standard","meta":{"footnotes":""},"categories":[34,3],"tags":[],"class_list":["post-37170","post","type-post","status-publish","format-standard","has-post-thumbnail","hentry","category-flas-haber","category-manset"],"views":8,"_links":{"self":[{"href":"https:\/\/mersinkadingazetesi.com\/index.php?rest_route=\/wp\/v2\/posts\/37170"}],"collection":[{"href":"https:\/\/mersinkadingazetesi.com\/index.php?rest_route=\/wp\/v2\/posts"}],"about":[{"href":"https:\/\/mersinkadingazetesi.com\/index.php?rest_route=\/wp\/v2\/types\/post"}],"author":[{"embeddable":true,"href":"https:\/\/mersinkadingazetesi.com\/index.php?rest_route=\/wp\/v2\/users\/2"}],"replies":[{"embeddable":true,"href":"https:\/\/mersinkadingazetesi.com\/index.php?rest_route=%2Fwp%2Fv2%2Fcomments&post=37170"}],"version-history":[{"count":1,"href":"https:\/\/mersinkadingazetesi.com\/index.php?rest_route=\/wp\/v2\/posts\/37170\/revisions"}],"predecessor-version":[{"id":37171,"href":"https:\/\/mersinkadingazetesi.com\/index.php?rest_route=\/wp\/v2\/posts\/37170\/revisions\/37171"}],"wp:featuredmedia":[{"embeddable":true,"href":"https:\/\/mersinkadingazetesi.com\/index.php?rest_route=\/wp\/v2\/media\/36960"}],"wp:attachment":[{"href":"https:\/\/mersinkadingazetesi.com\/index.php?rest_route=%2Fwp%2Fv2%2Fmedia&parent=37170"}],"wp:term":[{"taxonomy":"category","embeddable":true,"href":"https:\/\/mersinkadingazetesi.com\/index.php?rest_route=%2Fwp%2Fv2%2Fcategories&post=37170"},{"taxonomy":"post_tag","embeddable":true,"href":"https:\/\/mersinkadingazetesi.com\/index.php?rest_route=%2Fwp%2Fv2%2Ftags&post=37170"}],"curies":[{"name":"wp","href":"https:\/\/api.w.org\/{rel}","templated":true}]}}