{"id":37172,"date":"2024-11-24T10:29:00","date_gmt":"2024-11-24T07:29:00","guid":{"rendered":"https:\/\/mersinkadingazetesi.com\/?p=37172"},"modified":"2024-11-24T10:29:01","modified_gmt":"2024-11-24T07:29:01","slug":"yas-almis-yurttaslar-mersinde-daha-aktif-ve-bilincli-yasiyor","status":"publish","type":"post","link":"https:\/\/mersinkadingazetesi.com\/?p=37172","title":{"rendered":"YA\u015e ALMI\u015e YURTTA\u015eLAR MERS\u0130N&#8217;DE DAHA AKT\u0130F VE B\u0130L\u0130N\u00c7L\u0130 YA\u015eIYOR"},"content":{"rendered":"\n<p>Ya\u015f alm\u0131\u015f yurtta\u015flar\u0131 hayat\u0131n her an\u0131nda aktif tutmak ve bilin\u00e7lendirmek i\u00e7in \u00e7al\u0131\u015fmalar\u0131n\u0131 s\u00fcrd\u00fcren Mersin B\u00fcy\u00fck\u015fehir Belediyesi, Emekli Evi&#8217;nde yapt\u0131\u011f\u0131 bir dizi e\u011fitimle takdir topluyor. Bu kapsamda Sosyal Hizmetler Dairesi Ba\u015fkanl\u0131\u011f\u0131 b\u00fcnyesinde bulunan Yeni\u015fehir Emekli Evi&#8217;nde e\u011fitim veren Sa\u011fl\u0131k \u0130\u015fleri Dairesi Ba\u015fkanl\u0131\u011f\u0131 ekipleri,&nbsp;<strong><em>&#8216;Alzheimer&#8217;<\/em><\/strong>&nbsp;hastal\u0131\u011f\u0131 konusunda emeklileri bilin\u00e7lendirdi.<\/p>\n\n\n\n<p>Ekipler; \u00e7a\u011f\u0131n hastal\u0131\u011f\u0131 olarak an\u0131lan Alzheimer&#8217;\u0131n risk fakt\u00f6rleri, nas\u0131l \u00f6nlem al\u0131naca\u011f\u0131, belirtileri ve hasta yak\u0131nlar\u0131n\u0131n nas\u0131l davranmas\u0131 gerekti\u011fi konusunda bilgiler verdi.<\/p>\n\n\n\n<p><strong>Tanr\u0131verdi: &#8220;Emekliler, B\u00fcy\u00fck\u015fehir sayesinde bilin\u00e7li bir ya\u015f alma s\u00fcreci ge\u00e7iriyorlar&#8221;<\/strong><\/p>\n\n\n\n<p>Emekli Evi \u00fcyelerine Alzheimer hastal\u0131\u011f\u0131n\u0131n risk fakt\u00f6rleri, belirtileri, korunma y\u00f6ntemleri, ev kazalar\u0131 ve d\u00fc\u015fmelerin \u00f6n\u00fcne nas\u0131l ge\u00e7ilebilece\u011fi hakk\u0131nda bilgi verdiklerini ve bu e\u011fitimi t\u00fcm Emekli Evleri&#8217;nde devam ettireceklerini kaydeden Sa\u011fl\u0131k \u0130\u015fleri Dairesi Ba\u015fkanl\u0131\u011f\u0131&#8217;nda Gerontolog olarak g\u00f6rev yapan Cihan Tanr\u0131verdi,<strong>&nbsp;&#8220;Kat\u0131l\u0131mc\u0131lardan g\u00fczel sorular ald\u0131k ve Alzheimer hakk\u0131nda bilin\u00e7lenmelerini sa\u011flad\u0131k. Bunun gerekli oldu\u011funu d\u00fc\u015f\u00fcn\u00fcyoruz. Malum, \u00e7a\u011f\u0131m\u0131z\u0131n hastal\u0131\u011f\u0131 art\u0131k Alzheimer&#8221;<\/strong>&nbsp;diye konu\u015ftu.&nbsp;&nbsp;<\/p>\n\n\n\n<p>Ya\u015f alm\u0131\u015flar i\u00e7in bu t\u00fcr e\u011fitimlerin \u00e7ok faydal\u0131 oldu\u011funu; bilmedikleri hastal\u0131klar hakk\u0131nda bilgi sahibi olup ara\u015ft\u0131rma yapt\u0131klar\u0131n\u0131 ve korunma y\u00f6ntemlerini \u00f6\u011frendiklerini belirten Tanr\u0131verdi,&nbsp;<strong>&#8220;Bu e\u011fitimde Alzheimer \u00fczerinde konu\u015ftuk. Unutkanl\u0131\u011f\u0131n bir Alzheimer olmad\u0131\u011f\u0131n\u0131, Alzheimer hastal\u0131\u011f\u0131na yakalanmamak i\u00e7in ne yapmalar\u0131 gerekti\u011fini, ev kazalar\u0131na maruz kalmamak i\u00e7in evlerinde ne gibi tedbirler almalar\u0131 gerekti\u011fini anlat\u0131yoruz&#8221;<\/strong>&nbsp;dedi. Tanr\u0131verdi s\u00f6zlerinin sonunda,&nbsp;<strong>&#8220;Mersin&#8217;de 65 ya\u015f \u00fcst\u00fc vatanda\u015flar, Mersin B\u00fcy\u00fck\u015fehir Belediyesi sayesinde aktif ve ba\u015far\u0131l\u0131 ya\u015flanma kavram\u0131n\u0131n fark\u0131ndalar ve bilin\u00e7li ya\u015f alma s\u00fcreci ge\u00e7iriyorlar&#8221;<\/strong>&nbsp;ifadelerine yer verdi.<\/p>\n\n\n\n<p><strong>Emekli Evi&#8217;nde verilen e\u011fitimler sayesinde bilin\u00e7leniyorlar<\/strong><\/p>\n\n\n\n<p>Karde\u015fi Alzheimer hastas\u0131 olan Emekli Evi \u00fcyesi Kevser \u00c7i\u00e7eko\u011flu,&nbsp;<strong>&#8220;B\u00f6yle bir s\u00fcre\u00e7 ya\u015f\u0131yorsunuz maalesef, ke\u015fke olmasayd\u0131. Ablam \u00e7ok k\u00f6t\u00fc, \u00e7\u00fcnk\u00fc ne yapt\u0131\u011f\u0131n\u0131 bilmiyor ve bizi de tan\u0131m\u0131yor&#8221;<\/strong>&nbsp;diyerek, e\u011fitim sayesinde hasta yak\u0131nlar\u0131n\u0131n da bilin\u00e7lendi\u011fini belirtti.<\/p>\n\n\n\n<p>K\u0131br\u0131s Gazisi Bahattin Ta\u015fk\u0131ran,&nbsp;<strong>&#8220;Biz B\u00fcy\u00fck\u015fehir Emekli Evi&#8217;nden memnunuz. Hafta i\u00e7i pastam\u0131z, \u00e7ay\u0131m\u0131z ve \u00fcst\u00fcne de e\u011fitimlerimiz veriliyor. Ba\u015fkan Se\u00e7er&#8217;e \u00e7ok te\u015fekk\u00fcr ederim&#8221;<\/strong>&nbsp;\u015feklinde konu\u015ftu.<\/p>\n\n\n\n<p>Emekli Evi&#8217;nin emekliler i\u00e7in \u00e7ok g\u00fczel bir merkez oldu\u011funu vurgulayan Mevl\u00fct \u00d6zkan,&nbsp;<strong>&#8220;Burada vakit ge\u00e7irmesi de g\u00fczel, e\u011fitimi de g\u00fczel. Bizlere \u00e7ok iyi bir e\u011fitim verildi&#8221;<\/strong>&nbsp;derken, \u0130smail Korulu ise,&nbsp;<strong>&#8220;Emekli Evi bizim i\u00e7in bulunmaz bir nimet. Personel, temizlik ve sunulan imkanlar y\u00f6n\u00fcnden \u00e7ok memnunuz&#8221;<\/strong>&nbsp;dedi.<\/p>\n","protected":false},"excerpt":{"rendered":"<p>Ya\u015f alm\u0131\u015f yurtta\u015flar\u0131 hayat\u0131n her an\u0131nda aktif tutmak ve bilin\u00e7lendirmek i\u00e7in \u00e7al\u0131\u015fmalar\u0131n\u0131 s\u00fcrd\u00fcren Mersin B\u00fcy\u00fck\u015fehir Belediyesi, Emekli Evi&#8217;nde yapt\u0131\u011f\u0131 bir dizi e\u011fitimle takdir topluyor. Bu kapsamda Sosyal Hizmetler Dairesi Ba\u015fkanl\u0131\u011f\u0131 b\u00fcnyesinde bulunan Yeni\u015fehir Emekli Evi&#8217;nde e\u011fitim veren Sa\u011fl\u0131k \u0130\u015fleri Dairesi Ba\u015fkanl\u0131\u011f\u0131 ekipleri,&nbsp;&#8216;Alzheimer&#8217;&nbsp;hastal\u0131\u011f\u0131 konusunda emeklileri bilin\u00e7lendirdi. Ekipler; \u00e7a\u011f\u0131n hastal\u0131\u011f\u0131 olarak an\u0131lan Alzheimer&#8217;\u0131n risk fakt\u00f6rleri, nas\u0131l \u00f6nlem [&hellip;]<\/p>\n","protected":false},"author":2,"featured_media":37173,"comment_status":"closed","ping_status":"closed","sticky":false,"template":"","format":"standard","meta":{"footnotes":""},"categories":[3],"tags":[],"class_list":["post-37172","post","type-post","status-publish","format-standard","has-post-thumbnail","hentry","category-manset"],"views":1,"_links":{"self":[{"href":"https:\/\/mersinkadingazetesi.com\/index.php?rest_route=\/wp\/v2\/posts\/37172"}],"collection":[{"href":"https:\/\/mersinkadingazetesi.com\/index.php?rest_route=\/wp\/v2\/posts"}],"about":[{"href":"https:\/\/mersinkadingazetesi.com\/index.php?rest_route=\/wp\/v2\/types\/post"}],"author":[{"embeddable":true,"href":"https:\/\/mersinkadingazetesi.com\/index.php?rest_route=\/wp\/v2\/users\/2"}],"replies":[{"embeddable":true,"href":"https:\/\/mersinkadingazetesi.com\/index.php?rest_route=%2Fwp%2Fv2%2Fcomments&post=37172"}],"version-history":[{"count":1,"href":"https:\/\/mersinkadingazetesi.com\/index.php?rest_route=\/wp\/v2\/posts\/37172\/revisions"}],"predecessor-version":[{"id":37174,"href":"https:\/\/mersinkadingazetesi.com\/index.php?rest_route=\/wp\/v2\/posts\/37172\/revisions\/37174"}],"wp:featuredmedia":[{"embeddable":true,"href":"https:\/\/mersinkadingazetesi.com\/index.php?rest_route=\/wp\/v2\/media\/37173"}],"wp:attachment":[{"href":"https:\/\/mersinkadingazetesi.com\/index.php?rest_route=%2Fwp%2Fv2%2Fmedia&parent=37172"}],"wp:term":[{"taxonomy":"category","embeddable":true,"href":"https:\/\/mersinkadingazetesi.com\/index.php?rest_route=%2Fwp%2Fv2%2Fcategories&post=37172"},{"taxonomy":"post_tag","embeddable":true,"href":"https:\/\/mersinkadingazetesi.com\/index.php?rest_route=%2Fwp%2Fv2%2Ftags&post=37172"}],"curies":[{"name":"wp","href":"https:\/\/api.w.org\/{rel}","templated":true}]}}