{"id":37178,"date":"2024-11-24T10:32:12","date_gmt":"2024-11-24T07:32:12","guid":{"rendered":"https:\/\/mersinkadingazetesi.com\/?p=37178"},"modified":"2024-11-24T10:32:12","modified_gmt":"2024-11-24T07:32:12","slug":"baskan-secerden-25-kasim-kadina-yonelik-siddete-karsi-uluslararasi-mucadele-gunu-mesaji","status":"publish","type":"post","link":"https:\/\/mersinkadingazetesi.com\/?p=37178","title":{"rendered":"BA\u015eKAN SE\u00c7ER&#8217;DEN 25 KASIM KADINA Y\u00d6NEL\u0130K \u015e\u0130DDETE KAR\u015eI ULUSLARARASI M\u00dcCADELE G\u00dcN\u00dc MESAJI"},"content":{"rendered":"\n<p>Mersin B\u00fcy\u00fck\u015fehir Belediye Ba\u015fkan\u0131 Vahap Se\u00e7er, 25 Kas\u0131m Kad\u0131na Y\u00f6nelik \u015eiddete Kar\u015f\u0131 Uluslararas\u0131 M\u00fccadele G\u00fcn\u00fc dolay\u0131s\u0131yla bir mesaj yay\u0131mlad\u0131.<\/p>\n\n\n\n<p>Ba\u015fkan Se\u00e7er mesaj\u0131nda \u015fu ifadelere yer verdi:<\/p>\n\n\n\n<p><strong>&#8220;Kad\u0131na y\u00f6nelik \u015fiddet, t\u00fcm d\u00fcnyada oldu\u011fu gibi \u00fclkemizde de ne yaz\u0131k ki b\u00fcy\u00fck bir toplumsal sorun olarak kar\u015f\u0131m\u0131zda duruyor. Bu durum, yaln\u0131zca bireyleri de\u011fil, toplumun tamam\u0131n\u0131 etkileyen bir e\u015fitsizliktir. \u015eiddeti \u00f6nlemek ve toplumsal cinsiyet e\u015fitli\u011fini sa\u011flamak hepimizin ortak sorumlulu\u011fudur.<\/strong><\/p>\n\n\n\n<p><strong>Mersin B\u00fcy\u00fck\u015fehir Belediyesi olarak, kad\u0131nlar\u0131n e\u015fit, \u00f6zg\u00fcr ve g\u00fcvenli bir \u015fekilde ya\u015famalar\u0131n\u0131 sa\u011flamak amac\u0131yla bir\u00e7ok hizmet ve projeyi hayata ge\u00e7iriyoruz. Kad\u0131n Konuk Evlerimizde zorlu s\u00fcre\u00e7lerden ge\u00e7en kad\u0131nlara bar\u0131nma olana\u011f\u0131 sunuyor; Kad\u0131n Dan\u0131\u015fma Merkezlerimizde ise psikolojik destek, hukuki rehberlik ve sosyal dan\u0131\u015fmanl\u0131k hizmetleriyle haklar\u0131n\u0131 bilmeleri ve kendilerini g\u00fc\u00e7lendirmeleri i\u00e7in \u00e7al\u0131\u015f\u0131yoruz.<\/strong><\/p>\n\n\n\n<p><strong>Kad\u0131nlar\u0131n ekonomik ba\u011f\u0131ms\u0131zl\u0131klar\u0131n\u0131 kazanmalar\u0131 i\u00e7in kad\u0131n kooperatiflerini destekliyor, \u00fcrettikleri el eme\u011fi \u00fcr\u00fcnleri de\u011ferlendirebilecekleri mekanlar yarat\u0131yoruz. Bunun yan\u0131 s\u0131ra mesleki e\u011fitimleri ve okuma-yazma kurslar\u0131m\u0131zla,&nbsp;<\/strong><strong>kad\u0131nlar\u0131n ki\u015fisel ve mesleki geli\u015fimlerini destekliyor, i\u015f hayat\u0131na at\u0131lmalar\u0131n\u0131 te\u015fvik ediyoruz. Kad\u0131nlar\u0131n g\u00fc\u00e7lenmesini yaln\u0131zca bireysel bir kazan\u0131m olarak de\u011fil, toplumun kalk\u0131nmas\u0131 i\u00e7in bir gereklilik olarak g\u00f6r\u00fcyoruz.<\/strong><\/p>\n\n\n\n<p><strong>K\u00fclt\u00fcr, sanat, spor, tar\u0131m, istihdam ve e\u011fitim gibi bir\u00e7ok alanda y\u00fcr\u00fctt\u00fc\u011f\u00fcm\u00fcz projelerle kad\u0131nlar\u0131n hayat\u0131n her alan\u0131nda daha aktif ve g\u00fc\u00e7l\u00fc bir \u015fekilde yer almas\u0131n\u0131 hedefliyoruz. T\u00fcm bu \u00e7al\u0131\u015fmalarla, kad\u0131nlar\u0131n kendi potansiyellerini \u00f6zg\u00fcrce ke\u015ffetmelerini sa\u011flamak ve toplumsal cinsiyet e\u015fitli\u011fini g\u00fc\u00e7lendirmek i\u00e7in var g\u00fcc\u00fcm\u00fczle \u00e7al\u0131\u015fmaya devam ediyoruz.<\/strong><\/p>\n\n\n\n<p><strong>25 Kas\u0131m Kad\u0131na Y\u00f6nelik \u015eiddete Kar\u015f\u0131 Uluslararas\u0131 M\u00fccadele G\u00fcn\u00fc vesilesiyle; kad\u0131na y\u00f6nelik \u015fiddeti \u00f6nlemenin sadece bug\u00fcn\u00fcn de\u011fil, her g\u00fcn\u00fcn sorumlulu\u011fu oldu\u011funun bilinciyle e\u015fit, \u00f6zg\u00fcr ve \u015fiddetsiz bir d\u00fcnya i\u00e7in m\u00fccadelemizi kararl\u0131l\u0131kla s\u00fcrd\u00fcrece\u011fimizi bir kez daha ifade etmek istiyorum.<\/strong><\/p>\n\n\n\n<p><strong>Kad\u0131nlar\u0131n hayat\u0131n her alan\u0131nda daha g\u00fc\u00e7l\u00fc bir \u015fekilde yer ald\u0131\u011f\u0131 bir gelece\u011fi hep birlikte in\u015fa edece\u011fiz!&#8221;<\/strong><strong><\/strong><br><\/p>\n","protected":false},"excerpt":{"rendered":"<p>Mersin B\u00fcy\u00fck\u015fehir Belediye Ba\u015fkan\u0131 Vahap Se\u00e7er, 25 Kas\u0131m Kad\u0131na Y\u00f6nelik \u015eiddete Kar\u015f\u0131 Uluslararas\u0131 M\u00fccadele G\u00fcn\u00fc dolay\u0131s\u0131yla bir mesaj yay\u0131mlad\u0131. Ba\u015fkan Se\u00e7er mesaj\u0131nda \u015fu ifadelere yer verdi: &#8220;Kad\u0131na y\u00f6nelik \u015fiddet, t\u00fcm d\u00fcnyada oldu\u011fu gibi \u00fclkemizde de ne yaz\u0131k ki b\u00fcy\u00fck bir toplumsal sorun olarak kar\u015f\u0131m\u0131zda duruyor. Bu durum, yaln\u0131zca bireyleri de\u011fil, toplumun tamam\u0131n\u0131 etkileyen bir e\u015fitsizliktir. [&hellip;]<\/p>\n","protected":false},"author":2,"featured_media":37179,"comment_status":"closed","ping_status":"closed","sticky":false,"template":"","format":"standard","meta":{"footnotes":""},"categories":[3],"tags":[],"class_list":["post-37178","post","type-post","status-publish","format-standard","has-post-thumbnail","hentry","category-manset"],"views":3,"_links":{"self":[{"href":"https:\/\/mersinkadingazetesi.com\/index.php?rest_route=\/wp\/v2\/posts\/37178"}],"collection":[{"href":"https:\/\/mersinkadingazetesi.com\/index.php?rest_route=\/wp\/v2\/posts"}],"about":[{"href":"https:\/\/mersinkadingazetesi.com\/index.php?rest_route=\/wp\/v2\/types\/post"}],"author":[{"embeddable":true,"href":"https:\/\/mersinkadingazetesi.com\/index.php?rest_route=\/wp\/v2\/users\/2"}],"replies":[{"embeddable":true,"href":"https:\/\/mersinkadingazetesi.com\/index.php?rest_route=%2Fwp%2Fv2%2Fcomments&post=37178"}],"version-history":[{"count":1,"href":"https:\/\/mersinkadingazetesi.com\/index.php?rest_route=\/wp\/v2\/posts\/37178\/revisions"}],"predecessor-version":[{"id":37180,"href":"https:\/\/mersinkadingazetesi.com\/index.php?rest_route=\/wp\/v2\/posts\/37178\/revisions\/37180"}],"wp:featuredmedia":[{"embeddable":true,"href":"https:\/\/mersinkadingazetesi.com\/index.php?rest_route=\/wp\/v2\/media\/37179"}],"wp:attachment":[{"href":"https:\/\/mersinkadingazetesi.com\/index.php?rest_route=%2Fwp%2Fv2%2Fmedia&parent=37178"}],"wp:term":[{"taxonomy":"category","embeddable":true,"href":"https:\/\/mersinkadingazetesi.com\/index.php?rest_route=%2Fwp%2Fv2%2Fcategories&post=37178"},{"taxonomy":"post_tag","embeddable":true,"href":"https:\/\/mersinkadingazetesi.com\/index.php?rest_route=%2Fwp%2Fv2%2Ftags&post=37178"}],"curies":[{"name":"wp","href":"https:\/\/api.w.org\/{rel}","templated":true}]}}