{"id":37181,"date":"2024-11-24T10:33:17","date_gmt":"2024-11-24T07:33:17","guid":{"rendered":"https:\/\/mersinkadingazetesi.com\/?p=37181"},"modified":"2024-11-24T10:33:18","modified_gmt":"2024-11-24T07:33:18","slug":"turkiyede-adalet-yok-deyip-yerel-yonetimlerde-adaletsizlik-yapamayiz","status":"publish","type":"post","link":"https:\/\/mersinkadingazetesi.com\/?p=37181","title":{"rendered":"&#8221;\u00a0&#8216;T\u00dcRK\u0130YE&#8217;DE ADALET YOK&#8217;\u00a0DEY\u0130P YEREL Y\u00d6NET\u0130MLERDE ADALETS\u0130ZL\u0130K YAPAMAYIZ&#8221;"},"content":{"rendered":"\n<p>Mersin B\u00fcy\u00fck\u015fehir Belediye Ba\u015fkan\u0131 Vahap Se\u00e7er, TV100 Kanal\u0131nda G\u00fcrkan Hac\u0131r&#8217;\u0131n sundu\u011fu&nbsp;<strong><em>&#8216;Taksim Meydan\u0131&#8217;<\/em><\/strong>&nbsp;program\u0131n\u0131n konu\u011fu oldu. Se\u00e7er programda, normalle\u015fme tart\u0131\u015fmalar\u0131ndan kayy\u0131m atamalar\u0131na, Cumhurba\u015fkanl\u0131\u011f\u0131 adayl\u0131\u011f\u0131 s\u00f6ylemlerinden Mersin&#8217;de elde edilen ba\u015far\u0131 ve devam eden projelere kadar bir\u00e7ok konuda \u00f6nemli a\u00e7\u0131klamalarda bulundu.<\/p>\n\n\n\n<p><strong>&#8220;Bir kenti tan\u0131tmak i\u00e7in baz\u0131 de\u011ferleriniz olmas\u0131 laz\u0131m&#8221;<\/strong><\/p>\n\n\n\n<p>Se\u00e7er&#8217;in ald\u0131\u011f\u0131 oy oran\u0131n\u0131n rekor niteli\u011finde oldu\u011funun alt\u0131n\u0131 \u00e7izen Hac\u0131r&#8217;\u0131n bu oy oran\u0131na ra\u011fmen g\u00f6r\u00fcn\u00fcrl\u00fc\u011f\u00fcn d\u00fc\u015f\u00fck oldu\u011funu ifade etmesi \u00fczerine Se\u00e7er, durumu bir haks\u0131zl\u0131k olarak nitelendirmedi\u011fini belirtti. Se\u00e7er, bir kenti tan\u0131tmak i\u00e7in baz\u0131 de\u011ferlerin olmas\u0131 gerekti\u011finin alt\u0131n\u0131 \u00e7izerek,&nbsp;<strong>&#8220;Haks\u0131zl\u0131ktan \u00f6te, biz tabi ki Mersin&#8217;in konu\u015fulmas\u0131n\u0131 arzu ederiz. Mersin \u00e7ok m\u00fcstesna bir kenttir. Ekonomisi, sosyolojisi ve tarihi ile muazzam bir yer. Bir kenti tan\u0131tmak i\u00e7in baz\u0131 de\u011ferleriniz olacak. Bir marka kent yaratmak istiyorsan\u0131z o kentte, iyi siyaset\u00e7iler, sanat\u00e7\u0131lar, yazarlar, sporcular ve iyi insanlar yaratman\u0131z gerekiyor. Kentin, bir ba\u015far\u0131 hik\u00e2yesi olmas\u0131 laz\u0131m. Bizde bir ba\u015far\u0131 hik\u00e2yesi yazd\u0131k do\u011fal olarak da&nbsp;<em>&#8216;Neden T\u00fcrkiye&#8217;de Mersin daha fazla konu\u015fulmuyor?&#8217;<\/em>&nbsp;diye d\u00fc\u015f\u00fcn\u00fcyoruz&#8221;<\/strong>&nbsp;diye konu\u015ftu.<\/p>\n\n\n\n<p><strong>&#8220;Ba\u015far\u0131lar\u0131m\u0131z\u0131n hik\u00e2yesini uygulamam\u0131z laz\u0131m ki iktidar olabilelim&#8221;<\/strong><\/p>\n\n\n\n<p>Se\u00e7er, T\u00fcrkiye&#8217;deki sosyoloji i\u00e7erisinde y\u00fcksek oy oranlar\u0131 alman\u0131n bir ders niteli\u011fi oldu\u011funu ve bu ba\u015far\u0131lar\u0131n Cumhuriyet Halk Partisi&#8217;ni (CHP) iktidara g\u00f6t\u00fcrece\u011fini vurgulad\u0131. Bir partinin kendi taban\u0131ndaki oy oran\u0131n\u0131n iktidar olmaya yetmedi\u011fini s\u00f6yleyen Se\u00e7er,&nbsp;<strong>&#8220;T\u00fcrkiye&#8217;nin sosyolojisi i\u00e7erisinde, b\u00f6yle bir siyasal aritmetik i\u00e7erisinde bu oy oranlar\u0131n\u0131 almak ya da buna eri\u015fmek \u00e7ok \u00f6nemli. Mersin tarihinde b\u00f6yle bir oy oran\u0131 yok. Partimizin iktidar\u0131 a\u00e7\u0131s\u0131ndan da \u00f6nemli bir oy oran\u0131. Bu ba\u015far\u0131n\u0131n elde edilme \u015fekilleri bizim i\u00e7in bir yol g\u00f6sterici olacak. Hi\u00e7bir siyasi partinin \u015fu anda kendi oy oran\u0131, Cumhurba\u015fkan\u0131 aday\u0131n\u0131n se\u00e7ilmesine yeterli de\u011fil. Bunun i\u00e7in sadece kendi taban\u0131n\u0131zdan de\u011fil, di\u011fer kesimlerden de oy alacaks\u0131n\u0131z&#8221;<\/strong>&nbsp;dedi. Mersin&#8217;de her kesimden oy ald\u0131\u011f\u0131n\u0131 belirten Se\u00e7er,&nbsp;<strong>&#8220;Partinin genel se\u00e7imlerde ald\u0131\u011f\u0131 oran\u0131n \u00fczerinde oy al\u0131nan kentlerin bu ba\u015far\u0131 hik\u00e2yeleri asl\u0131nda bir ders niteli\u011finde. Ba\u015far\u0131lar\u0131m\u0131z\u0131n hik\u00e2yesini uygulamam\u0131z laz\u0131m ki iktidar olabilelim. Biz Mersin&#8217;de ne yapm\u0131\u015f\u0131z ki daha \u00f6nce ba\u015fka partilere oy veren yurtta\u015f bize oy verdi, buna bakmak laz\u0131m&#8221;<\/strong>&nbsp;ifadelerine yer verdi.<\/p>\n\n\n\n<p>Hac\u0131r&#8217;\u0131n, Mersin&#8217;in her kesimden oy almas\u0131n\u0131 nas\u0131l de\u011ferlendirdi\u011fi sorusunu y\u00f6neltmesi \u00fczerine Se\u00e7er,&nbsp;<strong>&#8220;Her g\u00f6r\u00fc\u015ften insan\u0131n oyunu ald\u0131k. Bunlar\u0131 bir araya getirmek \u00f6nemli olan. T\u00fcrkiye&#8217;nin \u00f6zlemi de bu de\u011fil mi? \u0130nsanlar\u0131 siyasetten uzakla\u015ft\u0131r\u0131p b\u00fct\u00fcnle\u015ftirmek laz\u0131m, CHP&#8217;li belediyeler 2019&#8217;dan bu yana bunu ba\u015far\u0131yor&#8221;&nbsp;<\/strong>dedi.<\/p>\n\n\n\n<p><strong>&#8220;<em>&#8216;T\u00fcrkiye de adalet yok&#8217;<\/em>&nbsp;deyip yerel y\u00f6netimlerde adaletsizlik yapamay\u0131z&#8221;<\/strong><\/p>\n\n\n\n<p>Se\u00e7er, yerel se\u00e7imlere CHP&#8217;nin aday\u0131 olarak girdi\u011fini ancak herkesin belediye ba\u015fkan\u0131 oldu\u011funu, ayr\u0131m g\u00f6zetmeden hizmet sa\u011flad\u0131\u011f\u0131n\u0131n alt\u0131n\u0131 \u00e7izerek,&nbsp;<strong>&#8220;Ben CHP&#8217;nin belediye ba\u015fkan\u0131y\u0131m, CHP kimli\u011fi ta\u015f\u0131yorum ama se\u00e7imi kazanmam\u0131z\u0131n ard\u0131ndan herkesin belediye ba\u015fkan\u0131 oluyoruz, b\u00fct\u00fcn d\u00fcnya g\u00f6r\u00fc\u015f\u00fcnden insanlara adaletli hizmet g\u00f6t\u00fcr\u00fcyoruz&#8221;<\/strong>&nbsp;dedi. T\u00fcrkiye&#8217;deki adaletsizli\u011fi yerelde bitirmek i\u00e7in var g\u00fcc\u00fc ile \u00e7al\u0131\u015ft\u0131\u011f\u0131n\u0131 kaydeden Se\u00e7er,&nbsp;<strong>&#8220;Bug\u00fcn T\u00fcrkiye&#8217;de de en b\u00fcy\u00fck sorunlardan bir tanesi de adalet de\u011fil mi?&nbsp;&nbsp;Biz ana muhalefet partisi olarak,&nbsp;<em>&#8216;T\u00fcrkiye&#8217;de adalet yok&#8217;<\/em>&nbsp;deyip yerel y\u00f6netimlerde adaletsizlik yapamay\u0131z. Biz bunu yapt\u0131k ve ba\u015fard\u0131k. Ba\u015far\u0131m\u0131z\u0131n kar\u015f\u0131s\u0131nda da bu oylar al\u0131nd\u0131&#8221;<\/strong>&nbsp;diye konu\u015ftu.<\/p>\n\n\n\n<p><strong>&#8220;Mersin gibi kentlerin ba\u015far\u0131s\u0131n\u0131 referans alarak genel se\u00e7imlere haz\u0131rl\u0131k yapmal\u0131y\u0131z&#8221;<\/strong><\/p>\n\n\n\n<p>Mirg\u00fcn Cabas&#8217;\u0131n&nbsp;<strong><em>&#8216;\u015eunu Bana Bir Anlat&#8217;<\/em><\/strong>&nbsp;program\u0131ndaki oy oran\u0131ndaki art\u0131\u015f\u0131n g\u00f6r\u00fcn\u00fcrl\u00fc\u011f\u00fc hakk\u0131ndaki,&nbsp;<strong><em>&#8216;Genel merkezin dikkati ba\u015fka bir yerdeydi&#8217;<\/em><\/strong>&nbsp;demecini hat\u0131rlatan Hac\u0131r&#8217;a yan\u0131t veren Se\u00e7er, &#8220;<strong>Bunu \u015fik\u00e2yet olarak dile getirmiyorum ama bu bir ger\u00e7ek. Biz ba\u015far\u0131l\u0131 olacaksak Mersin ya da Mersin gibi \u015fehirlerde elde etti\u011fimiz ba\u015far\u0131lardan yola \u00e7\u0131karak, bu ba\u015far\u0131lar\u0131 referans alarak \u00f6n\u00fcm\u00fczdeki genel se\u00e7imlere haz\u0131rl\u0131k yapmal\u0131y\u0131z. Ben bu ba\u015far\u0131lar\u0131n g\u00f6z \u00f6n\u00fcnde olmas\u0131 gerekti\u011fini savunuyorum&#8221;<\/strong>&nbsp;dedi.<\/p>\n\n\n\n<p><strong>&#8220;Kendini normalle\u015ftirmesi gereken AK Parti&#8217;dir&#8221;<\/strong><\/p>\n\n\n\n<p>CHP&#8217;nin normalle\u015fme s\u00fcrecine ili\u015fkin yapt\u0131\u011f\u0131 a\u00e7\u0131klamalar\u0131 hakk\u0131nda y\u00f6neltilen soruya Se\u00e7er,&nbsp;<strong>&#8220;CHP&#8217;nin ald\u0131\u011f\u0131 tutumdan ziyade AK Parti&#8217;nin ald\u0131\u011f\u0131 tutumu ele\u015ftiriyorum. Bak\u0131n kayyum meselesi kesinle\u015fmi\u015f mahkeme karar\u0131 olmadan al\u0131nm\u0131\u015f bir karar. Daha \u00f6nce Esenyurt \u00f6rne\u011finde oldu\u011fu gibi bir sabah vakti, ans\u0131z\u0131n bir Belediye Ba\u015fkan\u0131n\u0131n derdest edilmesi, evinden al\u0131p g\u00f6t\u00fcr\u00fclmesi ve yaka pa\u00e7a tutuklanmas\u0131 \u00e7ok normal bir durum mu? Ya da T\u00fcrkiye&#8217;de kad\u0131n cinayetleri \u00e7ok normal bir durum mu? Ya da be\u015f \u00e7ocu\u011fun yoksulluktan bir gecekonduda yanarak \u00f6lmesi normal bir konu mu? Bug\u00fcnk\u00fc hayat pahal\u0131l\u0131\u011f\u0131, emeklilerin, asgari \u00fccretlilerin durumu normal bir durum mu? Bunlar anormal durum. \u015eimdi iktidar bunlar\u0131 normalle\u015ftirmeye \u00e7al\u0131\u015f\u0131yor, anormal durumlar. Ben anormal miyim ki normalle\u015feyim, CHP anormal mi ki normalle\u015felim?&#8221;<\/strong>&nbsp;diye yan\u0131t verdi. CHP&#8217;nin yanl\u0131\u015fa yanl\u0131\u015f dedi\u011fini ifade eden Se\u00e7er,&nbsp;<strong>&#8220;Kendini normalle\u015ftirmesi gereken AK Parti&#8217;dir. Bug\u00fcn bakt\u0131\u011f\u0131n\u0131z zaman onlar; mevcut uygulamalar\u0131 sanki normalmi\u015f gibi topluma sunmaya ya da normalle\u015ftirmeye \u00e7al\u0131\u015f\u0131yor. Benim kar\u015f\u0131 oldu\u011fum budur. T\u00fcrkiye&#8217;de adalet anlay\u0131\u015f\u0131, yarg\u0131 g\u00fcvencesi yok. Bunun neresi normal, ben bundan bahsediyorum&#8221;<\/strong>&nbsp;dedi.<\/p>\n\n\n\n<p><strong>&#8220;AK Parti&#8217;ye inanc\u0131m yok&#8221;<\/strong><\/p>\n\n\n\n<p>AK Parti&#8217;nin iyi niyetle yap\u0131lm\u0131\u015f normalle\u015fme \u00e7a\u011fr\u0131s\u0131n\u0131 samimiyetle kar\u015f\u0131lad\u0131\u011f\u0131na inanmad\u0131\u011f\u0131n\u0131 s\u00f6yleyen Se\u00e7er,&nbsp;<strong>&#8220;AK Parti&#8217;ye inanc\u0131m yok. Ana muhalefet partisiyiz; T\u00fcrkiye&#8217;de yoksulluk, ekonomik s\u0131k\u0131nt\u0131, hayat pahal\u0131l\u0131\u011f\u0131 var. T\u00fcrkiye&#8217;de hukuk devleti, adalet, tarafs\u0131z, ba\u011f\u0131ms\u0131z yarg\u0131 sorunu var. Bunu g\u00fcndemimize almam\u0131z laz\u0131m. Benim i\u00e7in normal olan bu. Normal olan bunlara odaklanmak, bunlar\u0131 seslendirmek, insanlara anlatmakt\u0131r&#8221;<\/strong>&nbsp;s\u00f6zlerine yer verdi.<\/p>\n\n\n\n<p>Hac\u0131r&#8217;\u0131n&nbsp;<strong><em>&#8220;CHP&#8217;de \u00e7ok ba\u015fl\u0131l\u0131ktan \u015fikayet ediyor musunuz?&#8221;<\/em><\/strong>&nbsp;sorusuna yan\u0131t veren Se\u00e7er,&nbsp;<strong>&#8220;Toplumun nas\u0131l g\u00f6rd\u00fc\u011f\u00fc \u00f6nemli, mutlaka bizim de\u011ferlendirmelerimiz vard\u0131r. Bu tip \u015fikayetleri zaman zaman duyuyoruz. Say\u0131n Genel Ba\u015fkan da bunu zaman zaman dile getiriyor. Yani onun da rahats\u0131z oldu\u011fu belli. Ama CHP&#8217;li bir Belediye Ba\u015fkan\u0131 olarak toplumdan bu reaksiyonlar\u0131 ald\u0131\u011f\u0131m zaman ben de rahats\u0131z oluyorum. Mutlaka, partinin kurumsal kimli\u011fi \u00e7er\u00e7evesinde, parti t\u00fcz\u00fc\u011f\u00fc, program\u0131 \u00e7at\u0131s\u0131 alt\u0131nda s\u00f6ylemlerimizden, partinin idaresine kadar herkes dikkat etmek durumunda&#8221;<\/strong>&nbsp;dedi.<\/p>\n\n\n\n<p><strong>&#8220;Siyaset iddia ister&#8221;<\/strong><\/p>\n\n\n\n<p>Hac\u0131r&#8217;\u0131n Cumhurba\u015fkanl\u0131\u011f\u0131 se\u00e7imlerine ili\u015fkin adayl\u0131k yar\u0131\u015f\u0131nda kendisinin de yer al\u0131p almayaca\u011f\u0131 sorusunu yan\u0131tlayan Se\u00e7er,&nbsp;<strong>&#8220;Se\u00e7imlere \u00e7ok uzun bir s\u00fcre var. Ben, bu tart\u0131\u015fmalar i\u00e7in ger\u00e7ekten \u00e7ok anlams\u0131z diyorum. Siyaset iddia ister. Bir iddian\u0131z\u0131n olmas\u0131 laz\u0131m yoksa enerjiyi bulamazs\u0131n\u0131z, atalet \u00e7\u00f6ker do\u011fal olarak. Bunlar\u0131 ben do\u011fal buluyorum. \u0130nsan\u0131n f\u0131trat\u0131nda vard\u0131r ama benim s\u00f6ylemek istedi\u011fim \u015fu; bu niyetler a\u00e7\u0131\u011fa \u00e7\u0131k\u0131p bir tart\u0131\u015fmaya d\u00f6n\u00fc\u015f\u00fcr ve bu i\u015fler b\u00fcy\u00fcr de bir kavgaya d\u00f6n\u00fc\u015f\u00fcrse parti bundan zarar g\u00f6r\u00fcr. Ben veya bir ba\u015fka arkada\u015f\u0131m buna niyet eder, bunda hi\u00e7bir sorun yok ama ben bu tart\u0131\u015fmalar\u0131 \u00e7ok erken buluyorum&#8221;<\/strong>&nbsp;ifadelerini kuland\u0131.<\/p>\n\n\n\n<p><strong>&#8220;Say\u0131n K\u0131l\u0131\u00e7daro\u011flu&#8217;nun savunmas\u0131 tarihe not d\u00fc\u015ft\u00fc&#8221;<\/strong><\/p>\n\n\n\n<p>Gazeteci G\u00fcrkan Hac\u0131r&#8217;\u0131n, CHP \u00f6nceki d\u00f6nem Genel Ba\u015fkan\u0131 Kemal K\u0131l\u0131\u00e7daro\u011flu hakk\u0131nda &#8216;siyasi yasak ve hapis&#8217; istemiyle a\u00e7\u0131lan ve \u00f6nceki g\u00fcn Ankara Adliyesi&#8217;nde g\u00f6r\u00fclen davaya ili\u015fkin sorusunu yan\u0131tlayan Ba\u015fkan Se\u00e7er, T\u00fcrkiye&#8217;nin yarg\u0131 sistemi ile ilgili herkesin endi\u015fesi oldu\u011funu belirterek&nbsp;<strong>&#8220;Say\u0131n K\u0131l\u0131\u00e7daro\u011flu, 13 y\u0131ll\u0131k genel ba\u015fkanl\u0131\u011f\u0131 s\u00fcresi i\u00e7erisinde iktidara dair de\u011ferlendirmeleri, dava konusu olarak kar\u015f\u0131s\u0131na \u00e7\u0131km\u0131\u015f. Bize de yara\u015fan onun yan\u0131nda durmak ona destek vermek. Kendisinin o g\u00fcn yapt\u0131\u011f\u0131 de\u011ferlendirmeler bug\u00fcn hala g\u00fcncelli\u011fini koruyor. Biz mahkemede yan\u0131ndayd\u0131k. Savunmas\u0131 manifesto niteli\u011findeydi &#8216;Ben su\u00e7 i\u015fledi\u011fim i\u00e7in de\u011fil, bilakis su\u00e7 i\u015fleyenleri burada kayda ald\u0131rmak, tarihe not d\u00fc\u015fmek ve hesap sormak i\u00e7in geldim&#8217; dedi. Gayet g\u00fczel bir savunmayd\u0131 ve tarihe not d\u00fc\u015ft\u00fc&#8221;&nbsp;<\/strong>ifadelerine yer verdi.<\/p>\n\n\n\n<p><strong>&#8220;Kayy\u0131m meselesinin hukuki oldu\u011funu d\u00fc\u015f\u00fcnm\u00fcyorum&#8221;<\/strong><\/p>\n\n\n\n<p>\u00dclke g\u00fcndeminde \u00f6nemli bir yer tutan kayy\u0131m meselesine ili\u015fkin konu\u015fan ve en son Tunceli ve Ovac\u0131k Belediyelerine de kayy\u0131m atanmalar\u0131 hakk\u0131nda yorum yapan Se\u00e7er, s\u00fcrecin y\u00fcr\u00fct\u00fclme \u015feklinin hukuka ayk\u0131r\u0131 oldu\u011funa dikkat \u00e7ekti. Se\u00e7er,&nbsp;<strong>&#8220;Bir belediye ba\u015fkan\u0131 olarak benim su\u00e7 i\u015fleme \u00f6zg\u00fcrl\u00fc\u011f\u00fcm yok ama iktidar\u0131n da sudan sebeplerle, mesnetsiz gerek\u00e7elerle ve siyasi kararlarla yarg\u0131 \u00fczerinden beni g\u00f6revimden alma hakk\u0131 yok. Benim s\u00f6ylemek istedi\u011fim bu. Parlamentoda daha sert tepkiler g\u00f6sterece\u011fiz. Bunu s\u00fcrekli T\u00fcrkiye&#8217;nin kamuoyu g\u00fcndeminde tutarak unutturmamam\u0131z ve haf\u0131zlara kaz\u0131mam\u0131z laz\u0131m&#8221;&nbsp;<\/strong>\u015feklinde konu\u015ftu.&nbsp;<\/p>\n\n\n\n<p><strong>&#8220;Konserlerde devam edecek, milli bayramlarda kutlanacak&#8221;<\/strong><\/p>\n\n\n\n<p>Son g\u00fcnlerde kamuoyunda g\u00fcndeme gelen belediyelerin d\u00fczenledi\u011fi konserlerin b\u00fct\u00e7esine dair tart\u0131\u015fmalarla ilgili soruyu da yan\u0131tlayan Se\u00e7er, toplum \u00fczerinde bu t\u00fcr etkinliklerin sadece CHP&#8217;li belediyeler taraf\u0131ndan yap\u0131ld\u0131\u011f\u0131na dair bir alg\u0131 yarat\u0131lmak istendi\u011fine vurgu yaparak,&nbsp;<strong>&#8220;Bir de Cumhur \u0130ttifak\u0131&#8217;na mensup belediyelere bak\u0131n. Kendilerinin ideolojik sanat\u00e7\u0131lar\u0131 vard\u0131r, onlar her sene getirilir. B\u00fcy\u00fck\u015fehir belediyeleri \u015fimdi reng\u00e2renk bir kent yaratma \u00e7abas\u0131nda. Sanat\u0131n ideolojisi olmaz. Bak\u0131n sonuna kadar konser, festival yapaca\u011f\u0131m. Milli bayramlar\u0131 bundan sonra daha \u00e7ok co\u015fkulu kutlayaca\u011f\u0131z. Biz hi\u00e7bir \u015feyden korkmuyoruz. Denetlenelim, hi\u00e7bir s\u0131k\u0131nt\u0131 yok. Konserlerde devam edecek, milli bayramlarda kutlanacak&#8221;<\/strong>&nbsp;diye konu\u015ftu. Bu t\u00fcr etkinliklerin toplumun farkl\u0131 kesimlerini bir araya getiren \u00e7ok \u00f6nemli unsurlar oldu\u011funa dikkat \u00e7eken Se\u00e7er,&nbsp;<strong>&#8220;Bizim gibi \u00e7ok kozmopolit yerlerde toplumu bir araya getiren en \u00f6nemli unsurlardan bir tanesi de etkinliklerdir. Hem sosyoekonomik hem sosyok\u00fclt\u00fcrel olarak farkl\u0131 yap\u0131da insanlar\u0131 bir araya getiriyorsunuz. Biz diyoruz ki Mersin gibi bir yerde, madem k\u00fc\u00e7\u00fck T\u00fcrkiye olarak tan\u0131ml\u0131yoruz, sosyal bar\u0131\u015f\u0131 tesis etmeniz laz\u0131m. Bunun en iyi yollar\u0131ndan bir tanesi insanlar\u0131 bir araya getirecek etkinlikler yapmakt\u0131r. Onun i\u00e7in \u00f6nemsiyorum&#8221;<\/strong>&nbsp;ifadelerini kulland\u0131.<\/p>\n","protected":false},"excerpt":{"rendered":"<p>Mersin B\u00fcy\u00fck\u015fehir Belediye Ba\u015fkan\u0131 Vahap Se\u00e7er, TV100 Kanal\u0131nda G\u00fcrkan Hac\u0131r&#8217;\u0131n sundu\u011fu&nbsp;&#8216;Taksim Meydan\u0131&#8217;&nbsp;program\u0131n\u0131n konu\u011fu oldu. Se\u00e7er programda, normalle\u015fme tart\u0131\u015fmalar\u0131ndan kayy\u0131m atamalar\u0131na, Cumhurba\u015fkanl\u0131\u011f\u0131 adayl\u0131\u011f\u0131 s\u00f6ylemlerinden Mersin&#8217;de elde edilen ba\u015far\u0131 ve devam eden projelere kadar bir\u00e7ok konuda \u00f6nemli a\u00e7\u0131klamalarda bulundu. &#8220;Bir kenti tan\u0131tmak i\u00e7in baz\u0131 de\u011ferleriniz olmas\u0131 laz\u0131m&#8221; Se\u00e7er&#8217;in ald\u0131\u011f\u0131 oy oran\u0131n\u0131n rekor niteli\u011finde oldu\u011funun alt\u0131n\u0131 \u00e7izen Hac\u0131r&#8217;\u0131n [&hellip;]<\/p>\n","protected":false},"author":2,"featured_media":37182,"comment_status":"closed","ping_status":"closed","sticky":false,"template":"","format":"standard","meta":{"footnotes":""},"categories":[34,3,5],"tags":[],"class_list":["post-37181","post","type-post","status-publish","format-standard","has-post-thumbnail","hentry","category-flas-haber","category-manset","category-mersin"],"views":1,"_links":{"self":[{"href":"https:\/\/mersinkadingazetesi.com\/index.php?rest_route=\/wp\/v2\/posts\/37181"}],"collection":[{"href":"https:\/\/mersinkadingazetesi.com\/index.php?rest_route=\/wp\/v2\/posts"}],"about":[{"href":"https:\/\/mersinkadingazetesi.com\/index.php?rest_route=\/wp\/v2\/types\/post"}],"author":[{"embeddable":true,"href":"https:\/\/mersinkadingazetesi.com\/index.php?rest_route=\/wp\/v2\/users\/2"}],"replies":[{"embeddable":true,"href":"https:\/\/mersinkadingazetesi.com\/index.php?rest_route=%2Fwp%2Fv2%2Fcomments&post=37181"}],"version-history":[{"count":1,"href":"https:\/\/mersinkadingazetesi.com\/index.php?rest_route=\/wp\/v2\/posts\/37181\/revisions"}],"predecessor-version":[{"id":37183,"href":"https:\/\/mersinkadingazetesi.com\/index.php?rest_route=\/wp\/v2\/posts\/37181\/revisions\/37183"}],"wp:featuredmedia":[{"embeddable":true,"href":"https:\/\/mersinkadingazetesi.com\/index.php?rest_route=\/wp\/v2\/media\/37182"}],"wp:attachment":[{"href":"https:\/\/mersinkadingazetesi.com\/index.php?rest_route=%2Fwp%2Fv2%2Fmedia&parent=37181"}],"wp:term":[{"taxonomy":"category","embeddable":true,"href":"https:\/\/mersinkadingazetesi.com\/index.php?rest_route=%2Fwp%2Fv2%2Fcategories&post=37181"},{"taxonomy":"post_tag","embeddable":true,"href":"https:\/\/mersinkadingazetesi.com\/index.php?rest_route=%2Fwp%2Fv2%2Ftags&post=37181"}],"curies":[{"name":"wp","href":"https:\/\/api.w.org\/{rel}","templated":true}]}}