{"id":37184,"date":"2024-11-24T10:35:01","date_gmt":"2024-11-24T07:35:01","guid":{"rendered":"https:\/\/mersinkadingazetesi.com\/?p=37184"},"modified":"2024-11-24T10:35:02","modified_gmt":"2024-11-24T07:35:02","slug":"mhp-mersin-milletvekili-uysal-adanada-birlik-ve-beraberlik-mesaji-verdi","status":"publish","type":"post","link":"https:\/\/mersinkadingazetesi.com\/?p=37184","title":{"rendered":"MHP MERS\u0130N M\u0130LLETVEK\u0130L\u0130 UYSAL, ADANA\u2019DA B\u0130RL\u0130K VE BERABERL\u0130K MESAJI VERD\u0130"},"content":{"rendered":"\n<p>Milliyet\u00e7i Hareket Partisi\u2019nin <strong>&#8220;Bir ve Birlikte Hilal&#8217;e Do\u011fru&nbsp;<\/strong><a href=\"https:\/\/www.sondakika.com\/turkiye\/\"><strong>T\u00fcrkiye<\/strong><\/a><strong>&#8220;<\/strong> temas\u0131yla s\u00fcrd\u00fcrd\u00fc\u011f\u00fc b\u00f6lgesel toplant\u0131lar\u0131; Adana, Mersin ve Ni\u011fde te\u015fkilatlar\u0131n\u0131n bulu\u015fmas\u0131yla devam etti. Adana\u2019n\u0131n Seyhan il\u00e7esinde bulunan Adnan Menderes Kapal\u0131 Spor Salonu\u2019nda ger\u00e7ekle\u015fen toplant\u0131da konu\u015fan Milliyet\u00e7i Hareket Partisi Mersin Milletvekili ve MYK \u00dcyesi Dr. Levent Uysal birlik ve beraberlik mesajlar\u0131 verdi. Uysal <strong>\u201cBizler \u00fclkemizin birlik ve beraberli\u011fi i\u00e7in Aziz Atat\u00fcrk\u2019\u00fcn ve Ba\u015fbu\u011f Alparslan T\u00fcrke\u015f\u2019in izindeyiz. Bilge Liderimizin her zaman yolunday\u0131z ve buna s\u00f6z veriyoruz.\u201d<\/strong> \u015feklinde konu\u015ftu.<\/p>\n\n\n\n<p>MHP&#8217;nin <strong>&#8220;Bir ve Birlikte Hilal&#8217;e Do\u011fru&nbsp;<\/strong><a href=\"https:\/\/www.sondakika.com\/turkiye\/\"><strong>T\u00fcrkiye<\/strong><\/a><strong>&#8220;<\/strong> temas\u0131yla&nbsp;<a href=\"https:\/\/www.sondakika.com\/adana\/\">Adana<\/a>&nbsp;<a href=\"https:\/\/www.sondakika.com\/adnan-menderes\/\">Adnan Menderes<\/a>&nbsp;Kapal\u0131&nbsp;<a href=\"https:\/\/www.sondakika.com\/Spor\/\">Spor<\/a>&nbsp;Salonu&#8217;nda d\u00fczenledi\u011fi b\u00f6lge toplant\u0131s\u0131, Milliyet\u00e7i Hareket Partisi Genel Ba\u015fkan\u0131 Ya\u015far Y\u0131ld\u0131r\u0131m\u2019\u0131n te\u015frifleri; Adana,&nbsp;<a href=\"https:\/\/www.sondakika.com\/mersin\/\">Mersin<\/a>&nbsp;ve&nbsp;<a href=\"https:\/\/www.sondakika.com\/nigde\/\">Ni\u011fde<\/a> parti te\u015fkilatlar\u0131n\u0131n kat\u0131l\u0131m\u0131yla ger\u00e7ekle\u015ftirildi. Milliyet\u00e7i Hareket Partisi Mersin Milletvekili Dr. Levent Uysal a\u00e7\u0131l\u0131\u015f konu\u015fmas\u0131na ge\u00e7meden \u00f6nce misafirlere Mustafa Kemal Atat\u00fcrk, Ba\u015fbu\u011f Alparslan T\u00fcrke\u015f ve Bilge Lider MHP Genel Ba\u015fkan\u0131 Devlet Bah\u00e7eli\u2019nin birlik ve beraberlik \u00e7a\u011fr\u0131s\u0131 yapt\u0131klar\u0131 k\u0131sa bir video izletti.<\/p>\n\n\n\n<p>Ard\u0131ndan a\u00e7\u0131l\u0131\u015f konu\u015fmas\u0131 yapan Milletvekili Uysal bu topraklarda as\u0131rlard\u0131r karde\u015fli\u011fin h\u00fck\u00fcm s\u00fcrd\u00fc\u011f\u00fcn\u00fc belirterek <strong>\u201cT\u00fcrk topraklar\u0131nda y\u0131llard\u0131r T\u00fcrk, K\u00fcrt ay\u0131rmadan ya\u015fam\u0131\u015f\u0131z; k\u0131z alm\u0131\u015f k\u0131z vermi\u015fiz ve kocaman bir aile olmu\u015fuz. Milliyet\u00e7i Hareket Partisi olarak bizler, karde\u015fli\u011fimizi baltalamak isteyenlere f\u0131rsat vermedik ve vermeyece\u011fiz. \u015eanl\u0131 ay y\u0131ld\u0131zl\u0131 al bayra\u011f\u0131m\u0131z\u0131n alt\u0131nda, g\u00f6lgesinde g\u00fcvenle ya\u015f\u0131yoruz. Bayra\u011f\u0131m\u0131z, vatan\u0131m\u0131z ve devletimiz i\u00e7in ya\u015f\u0131yoruz. T\u00fcrkiye Cumhuriyeti Devleti\u2019nin her ferdi bizim karde\u015fimizdir. Bizim kar\u015f\u0131 oldu\u011fumuz tek \u015fey ise vatana ihanettir ve bunu kabul etmemiz m\u00fcmk\u00fcn de\u011fildir.<\/strong> <strong>Bizler \u00fclkemizin birlik ve beraberli\u011fi i\u00e7in Aziz Atat\u00fcrk\u2019\u00fcn ve Ba\u015fbu\u011f Alparslan T\u00fcrke\u015f\u2019in izindeyiz. Bilge Liderimizin her zaman yolunday\u0131z ve buna s\u00f6z veriyoruz.\u201d <\/strong>ifadelerine yer verdi.<\/p>\n\n\n\n<p>Milletvekili Uysal daha sonra Mersin te\u015fkilatlar\u0131n\u0131 ve belediye ba\u015fkanlar\u0131n\u0131 sahneye davet ederek birlik ve beraberlik vurgusu yapt\u0131.<\/p>\n\n\n\n<p>Milliyet\u00e7i Hareket Partisi Genel Ba\u015fkan Yard\u0131mc\u0131s\u0131 Ya\u015far Y\u0131ld\u0131r\u0131m ise T\u00fcrkiye\u2019nin menfaatlerini korumak i\u00e7in m\u00fccadele ettiklerini s\u00f6yleyerek <strong>\u201c\u00d6nce milleti bir araya getireceksiniz. Aradaki fitneyi \u00e7\u0131karacaks\u0131n\u0131z ki birli\u011fi kuras\u0131n\u0131z. Yan\u0131n\u0131zda toprak talebinde bulunan, belki bug\u00fcn yar\u0131n sald\u0131racak g\u00fc\u00e7ler var. Bunlara kar\u015f\u0131 hep beraber olmam\u0131z laz\u0131m. \u0130\u015fte siyaset burada ba\u015fl\u0131yor ve Devlet Bah\u00e7eli burada hamle yap\u0131yor. 1000 y\u0131ld\u0131r beraber sava\u015ft\u0131k.&nbsp;<\/strong><a href=\"https:\/\/www.sondakika.com\/canakkale\/\"><strong>\u00c7anakkale<\/strong><\/a><strong>&#8216;ye gidin koyun koyuna yat\u0131yoruz, T\u00fcrk&#8217;\u00fc, K\u00fcrt&#8217;\u00fc, Arap&#8217;\u0131,&nbsp;<\/strong><a href=\"https:\/\/www.sondakika.com\/zaza\/\"><strong>Zaza<\/strong><\/a><strong>&#8216;s\u0131 hep orada. \u015eimdi gelmi\u015f K\u00fcrtler ad\u0131na bir ter\u00f6r \u00f6rg\u00fct\u00fc Amerika ile i\u015f birli\u011fi yaparak senden toprak talep ediyor. Bu oyunu nas\u0131l bozars\u0131n? Oyunu i\u00e7ten bozars\u0131n.&#8221; <\/strong>a\u00e7\u0131klamas\u0131nda bulundu.<\/p>\n","protected":false},"excerpt":{"rendered":"<p>Milliyet\u00e7i Hareket Partisi\u2019nin &#8220;Bir ve Birlikte Hilal&#8217;e Do\u011fru&nbsp;T\u00fcrkiye&#8220; temas\u0131yla s\u00fcrd\u00fcrd\u00fc\u011f\u00fc b\u00f6lgesel toplant\u0131lar\u0131; Adana, Mersin ve Ni\u011fde te\u015fkilatlar\u0131n\u0131n bulu\u015fmas\u0131yla devam etti. Adana\u2019n\u0131n Seyhan il\u00e7esinde bulunan Adnan Menderes Kapal\u0131 Spor Salonu\u2019nda ger\u00e7ekle\u015fen toplant\u0131da konu\u015fan Milliyet\u00e7i Hareket Partisi Mersin Milletvekili ve MYK \u00dcyesi Dr. Levent Uysal birlik ve beraberlik mesajlar\u0131 verdi. Uysal \u201cBizler \u00fclkemizin birlik ve beraberli\u011fi i\u00e7in [&hellip;]<\/p>\n","protected":false},"author":2,"featured_media":37185,"comment_status":"closed","ping_status":"closed","sticky":false,"template":"","format":"standard","meta":{"footnotes":""},"categories":[3],"tags":[],"class_list":["post-37184","post","type-post","status-publish","format-standard","has-post-thumbnail","hentry","category-manset"],"views":4,"_links":{"self":[{"href":"https:\/\/mersinkadingazetesi.com\/index.php?rest_route=\/wp\/v2\/posts\/37184"}],"collection":[{"href":"https:\/\/mersinkadingazetesi.com\/index.php?rest_route=\/wp\/v2\/posts"}],"about":[{"href":"https:\/\/mersinkadingazetesi.com\/index.php?rest_route=\/wp\/v2\/types\/post"}],"author":[{"embeddable":true,"href":"https:\/\/mersinkadingazetesi.com\/index.php?rest_route=\/wp\/v2\/users\/2"}],"replies":[{"embeddable":true,"href":"https:\/\/mersinkadingazetesi.com\/index.php?rest_route=%2Fwp%2Fv2%2Fcomments&post=37184"}],"version-history":[{"count":1,"href":"https:\/\/mersinkadingazetesi.com\/index.php?rest_route=\/wp\/v2\/posts\/37184\/revisions"}],"predecessor-version":[{"id":37186,"href":"https:\/\/mersinkadingazetesi.com\/index.php?rest_route=\/wp\/v2\/posts\/37184\/revisions\/37186"}],"wp:featuredmedia":[{"embeddable":true,"href":"https:\/\/mersinkadingazetesi.com\/index.php?rest_route=\/wp\/v2\/media\/37185"}],"wp:attachment":[{"href":"https:\/\/mersinkadingazetesi.com\/index.php?rest_route=%2Fwp%2Fv2%2Fmedia&parent=37184"}],"wp:term":[{"taxonomy":"category","embeddable":true,"href":"https:\/\/mersinkadingazetesi.com\/index.php?rest_route=%2Fwp%2Fv2%2Fcategories&post=37184"},{"taxonomy":"post_tag","embeddable":true,"href":"https:\/\/mersinkadingazetesi.com\/index.php?rest_route=%2Fwp%2Fv2%2Ftags&post=37184"}],"curies":[{"name":"wp","href":"https:\/\/api.w.org\/{rel}","templated":true}]}}