{"id":37188,"date":"2024-11-24T10:59:29","date_gmt":"2024-11-24T07:59:29","guid":{"rendered":"https:\/\/mersinkadingazetesi.com\/?p=37188"},"modified":"2024-11-24T10:59:30","modified_gmt":"2024-11-24T07:59:30","slug":"genc-tegmenler-magdur-edilmemelidir","status":"publish","type":"post","link":"https:\/\/mersinkadingazetesi.com\/?p=37188","title":{"rendered":"GEN\u00c7 TE\u011eMENLER MA\u011eDUR ED\u0130LMEMEL\u0130D\u0130R..!"},"content":{"rendered":"\n<p>Mersin\u2019de Atat\u00fcrk\u00e7\u00fc D\u00fc\u015f\u00fcnce Derne\u011fi (ADD), \u00c7a\u011fda\u015f Ya\u015fam\u0131 Destekleme Derne\u011fi (\u00c7YDD), E\u011fitim-\u0130\u015f, Genel Sa\u011fl\u0131k \u2013\u0130\u015f, 29 Ekim Kad\u0131nlar\u0131, Yeni Ku\u015fak K\u00f6y Enstit\u00fcleri Derne\u011fi (YKKED) \u015eubelerinin olu\u015fturdu\u011fu, \u0130mece Dayan\u0131\u015fma Bile\u015fenleri, haklar\u0131nda soru\u015fturma ba\u015flat\u0131lan te\u011fmenler i\u00e7in bas\u0131n a\u00e7\u0131klamas\u0131 ger\u00e7ekle\u015ftirdi.<\/p>\n\n\n\n<p>Bas\u0131n a\u00e7\u0131klamas\u0131n\u0131 okuyan ADD Mersin \u015eube Y\u00f6netim Kurulu Ba\u015fkan\u0131 Serdar Erkan, &#8221;30 A\u011fustos 2024 tarihinde yap\u0131lan Kara Harp Okulu mezuniyet t\u00f6reninde sonras\u0131 diplomalar\u0131n\u0131&nbsp;alan te\u011fmenlerin t\u00f6ren alan\u0131 d\u0131\u015f\u0131nda toplan\u0131p y\u0131llar\u0131n Harbiye gelene\u011fi uyar\u0131nca k\u0131l\u0131\u00e7lar\u0131n\u0131 \u00e7ekerek&nbsp;\u201c<strong>Askerlik Yemini\u201d <\/strong>etmeleri, Laik Cumhuriyete, vatan\u0131n ve milletin b\u00f6l\u00fcnmez b\u00fct\u00fcnl\u00fc\u011f\u00fcne,&nbsp;Cumhuriyetimizin kurulu\u015f felsefesine, T\u00fcrk Milletinin kay\u0131ts\u0131z ko\u015fulsuz egemenli\u011fine, Kurtulu\u015f&nbsp;Sava\u015f\u0131m\u0131z\u0131n Ba\u015fkomutan\u0131 ve Cumhuriyetimizin Kurucusu Gazi Mustafa Kemal Atat\u00fcrk\u2019e ba\u011fl\u0131l\u0131klar\u0131n\u0131 belirtmeleri ve <strong>\u201cMustafa Kemal\u2019in Askerleriyiz\u201d <\/strong>sesleni\u015fini dillendirmeleri \u00f6nce Cumhurba\u015fkan\u0131, ard\u0131ndan da Milli Savunma Bakanl\u0131\u011f\u0131 taraf\u0131ndan disiplin su\u00e7u olarak de\u011ferlendirilmi\u015f, d\u00f6nem birincisi<strong>Te\u011fmen Ebru Ero\u011flu<\/strong>, Alay K\u0131demlisi <strong>Te\u011fmen \u0130zzet Talip Akarsu <\/strong>ile 3 te\u011fmenin daha <strong>\u201cTSK\u2019dan ay\u0131rma<\/strong> <strong>Cezas\u0131\u201d <\/strong>talebi ile Y\u00fcksek Disiplin Kurulu\u2019na sevk edildikleri kendilerine tebli\u011f edilmi\u015ftir. Daha sonra alay komutan\u0131 vekili, tabur komutan\u0131 ve b\u00f6l\u00fck komutan\u0131n\u0131n da &#8216;ihra\u00e7&#8217; istemiyle Y\u00fcksek Disiplin Kurulu&#8217;na sevk edildi\u011fi duyurulmu\u015ftur.&#8221; dedi.<\/p>\n\n\n\n<p>&#8221;Atat\u00fcrk\u2019e&nbsp; ba\u011fl\u0131l\u0131k ifadeleri anayasal g\u00fcvence alt\u0131nda olmakgerekir.&#8221;<\/p>\n\n\n\n<p>Erkan \u015f\u00f6yle devam etti,<\/p>\n\n\n\n<p>&#8221;Tarihin Bat\u0131 Emperyalizmine kar\u015f\u0131 verilerek zafere ula\u015ft\u0131r\u0131lan ilk ve tek Ulusal Ba\u011f\u0131ms\u0131zl\u0131k Sava\u015f\u0131,&nbsp;Mustafa Kemal Atat\u00fcrk Ba\u015fkomutanl\u0131\u011f\u0131nda, kad\u0131n, erkek ve \u00e7ocuk topyek\u00fbn T\u00fcrk Milleti\u2019nin azim ve&nbsp;karar\u0131, TBMM\u2019nin sars\u0131lmaz iradesi, \u015eanl\u0131 T\u00fcrk Ordusu\u2019nun kahramanl\u0131\u011f\u0131 ve her r\u00fctbedeki T\u00fcrk&nbsp;Subay\u0131n\u0131n \u00fcst\u00fcn komuta yetene\u011fi ile kazan\u0131lm\u0131\u015ft\u0131r. T\u00fcrk Silahl\u0131 Kuvvetleri T\u00fcrk Milletinin ba\u011fr\u0131ndan&nbsp;kopmu\u015ftur ve kurulu\u015fundan itibaren daima Atat\u00fcrk\u2019e, O\u2019nun \u0130lke ve Devrimlerine ve Cumhuriyet&nbsp;de\u011ferlerine ba\u011fl\u0131 kalm\u0131\u015ft\u0131r.&nbsp;Bu bilin\u00e7 ve sorumlulukla hareket eden T\u00fcrk Silahl\u0131 Kuvvetleri\u2019nin gen\u00e7 subaylar\u0131n\u0131n mezuniyet&nbsp;co\u015fkusuyla Ba\u015fkomutanlar\u0131 B\u00fcy\u00fck Atat\u00fcrk\u2019e minnet ve \u015f\u00fckranlar\u0131 ile vatana, millete ve Cumhuriyet&nbsp;de\u011ferlerine ba\u011fl\u0131l\u0131klar\u0131n\u0131 hayk\u0131rmalar\u0131n\u0131n disiplin su\u00e7u say\u0131lmas\u0131 asla kabul edilemez.&nbsp;Anayasan\u0131n 2. Maddesinde <strong>\u201cT\u00fcrkiye Cumhuriyeti, toplumun huzuru, milli dayan\u0131\u015fma ve&nbsp;<\/strong><strong>adalet anlay\u0131\u015f\u0131 i\u00e7inde, insan haklar\u0131na sayg\u0131l\u0131, Atat\u00fcrk milliyet\u00e7ili\u011fine ba\u011fl\u0131, ba\u015flang\u0131\u00e7ta belirtilen temel ilkelere dayanan, demokratik, laik ve sosyal bir hukuk devletidir.\u201d <\/strong>denilerek Cumhuriyetinnitelikleri say\u0131lm\u0131\u015ft\u0131r. \u0130fade \u00f6zg\u00fcrl\u00fc\u011f\u00fc de anayasal g\u00fcvence alt\u0131ndad\u0131r. Te\u011fmen evlatlar\u0131m\u0131z\u0131nAtat\u00fcrk\u2019e ve kurucu de\u011ferlere ba\u011fl\u0131l\u0131k ifadeleri de bu ba\u011flamda anayasal g\u00fcvence alt\u0131nda olmakgerekir.&#8221;<\/p>\n\n\n\n<p><strong>&#8221;Ma\u011fdur edilmeyeceklerini ummak<\/strong>&nbsp;<strong>istiyoruz&#8221;<\/strong><\/p>\n\n\n\n<p>&#8221;6413 say\u0131l\u0131 T\u00fcrk Silahl\u0131 Kuvvetleri Disiplin Kanunu\u2019nun 20. maddesinde d\u00fczenlenen TSK\u2019dan&nbsp;ay\u0131rma cezas\u0131 gerektiren haller s\u0131n\u0131rl\u0131 say\u0131da belirtilmi\u015f olup Te\u011fmenlerimizin s\u00f6z konusu&nbsp;davran\u0131\u015flar\u0131n\u0131n say\u0131lan bu haller kapsam\u0131nda de\u011ferlendirilemeyece\u011fi kanun lafz\u0131ndan a\u00e7\u0131k\u00e7a&nbsp;anla\u015f\u0131lmaktad\u0131r.&nbsp;<strong>Atat\u00fcrk\u00e7\u00fc D\u00fc\u015f\u00fcnce Derne\u011fi<\/strong> <strong>Genel Merkez ile 354 \u015eubemiz, 57 Temsilci\u011fimiz ve her biri <\/strong><strong>\u201cMustafa Kemal\u2019in Askeri\u201d <\/strong><strong>olmakla gurur duyan 70 bini a\u015fk\u0131n \u00fcyemizle,<\/strong> yeni mezun te\u011fmenlerimiz ve komutanlar\u0131n\u0131n hakk\u0131nday\u00fcr\u00fct\u00fclmekte olan disiplin soru\u015fturmas\u0131 sonucunun <strong>hukuka, yasalara, adalete ve vicdana ayk\u0131r\u0131l\u0131k<\/strong><strong>te\u015fkil etmeyece\u011fini ve de ma\u011fdur edilmeyeceklerini ummak<\/strong> <strong>istiyoruz.<\/strong> Aksi halde ihra\u00e7 karar\u0131n\u0131n toplumsal vicdan\u0131 kanataca\u011f\u0131n\u0131 ve tarihin bu kararlar\u0131n alt\u0131nda imzas\u0131 olanlar\u0131 mahkum edece\u011finin bilinmesini istiyoruz.&nbsp;<strong>Atat\u00fcrk\u00e7\u00fc D\u00fc\u015f\u00fcnce Derne\u011fi, Genel Merkez, t\u00fcm \u015fube ve \u00fcyeleriyle birlikte, varl\u0131k nedeni ve g\u00f6revi gere\u011fi bu s\u00fcrecin takip\u00e7isidir ve Te\u011fmenlerimizin yan\u0131ndad\u0131r.&#8221;<\/strong><\/p>\n","protected":false},"excerpt":{"rendered":"<p>Mersin\u2019de Atat\u00fcrk\u00e7\u00fc D\u00fc\u015f\u00fcnce Derne\u011fi (ADD), \u00c7a\u011fda\u015f Ya\u015fam\u0131 Destekleme Derne\u011fi (\u00c7YDD), E\u011fitim-\u0130\u015f, Genel Sa\u011fl\u0131k \u2013\u0130\u015f, 29 Ekim Kad\u0131nlar\u0131, Yeni Ku\u015fak K\u00f6y Enstit\u00fcleri Derne\u011fi (YKKED) \u015eubelerinin olu\u015fturdu\u011fu, \u0130mece Dayan\u0131\u015fma Bile\u015fenleri, haklar\u0131nda soru\u015fturma ba\u015flat\u0131lan te\u011fmenler i\u00e7in bas\u0131n a\u00e7\u0131klamas\u0131 ger\u00e7ekle\u015ftirdi. Bas\u0131n a\u00e7\u0131klamas\u0131n\u0131 okuyan ADD Mersin \u015eube Y\u00f6netim Kurulu Ba\u015fkan\u0131 Serdar Erkan, &#8221;30 A\u011fustos 2024 tarihinde yap\u0131lan Kara Harp Okulu [&hellip;]<\/p>\n","protected":false},"author":2,"featured_media":37189,"comment_status":"closed","ping_status":"closed","sticky":false,"template":"","format":"standard","meta":{"footnotes":""},"categories":[1,2,3,5],"tags":[],"class_list":["post-37188","post","type-post","status-publish","format-standard","has-post-thumbnail","hentry","category-genel","category-gundem","category-manset","category-mersin"],"views":6,"_links":{"self":[{"href":"https:\/\/mersinkadingazetesi.com\/index.php?rest_route=\/wp\/v2\/posts\/37188"}],"collection":[{"href":"https:\/\/mersinkadingazetesi.com\/index.php?rest_route=\/wp\/v2\/posts"}],"about":[{"href":"https:\/\/mersinkadingazetesi.com\/index.php?rest_route=\/wp\/v2\/types\/post"}],"author":[{"embeddable":true,"href":"https:\/\/mersinkadingazetesi.com\/index.php?rest_route=\/wp\/v2\/users\/2"}],"replies":[{"embeddable":true,"href":"https:\/\/mersinkadingazetesi.com\/index.php?rest_route=%2Fwp%2Fv2%2Fcomments&post=37188"}],"version-history":[{"count":1,"href":"https:\/\/mersinkadingazetesi.com\/index.php?rest_route=\/wp\/v2\/posts\/37188\/revisions"}],"predecessor-version":[{"id":37190,"href":"https:\/\/mersinkadingazetesi.com\/index.php?rest_route=\/wp\/v2\/posts\/37188\/revisions\/37190"}],"wp:featuredmedia":[{"embeddable":true,"href":"https:\/\/mersinkadingazetesi.com\/index.php?rest_route=\/wp\/v2\/media\/37189"}],"wp:attachment":[{"href":"https:\/\/mersinkadingazetesi.com\/index.php?rest_route=%2Fwp%2Fv2%2Fmedia&parent=37188"}],"wp:term":[{"taxonomy":"category","embeddable":true,"href":"https:\/\/mersinkadingazetesi.com\/index.php?rest_route=%2Fwp%2Fv2%2Fcategories&post=37188"},{"taxonomy":"post_tag","embeddable":true,"href":"https:\/\/mersinkadingazetesi.com\/index.php?rest_route=%2Fwp%2Fv2%2Ftags&post=37188"}],"curies":[{"name":"wp","href":"https:\/\/api.w.org\/{rel}","templated":true}]}}