{"id":37203,"date":"2024-11-24T15:45:46","date_gmt":"2024-11-24T12:45:46","guid":{"rendered":"https:\/\/mersinkadingazetesi.com\/?p=37203"},"modified":"2024-11-24T15:45:47","modified_gmt":"2024-11-24T12:45:47","slug":"yildiz-mahalleleri-adim-adim-gezip-eksikleri-belirliyoruz","status":"publish","type":"post","link":"https:\/\/mersinkadingazetesi.com\/?p=37203","title":{"rendered":"YILDIZ: MAHALLELER\u0130 ADIM ADIM GEZ\u0130P EKS\u0130KLER\u0130 BEL\u0130RL\u0130YORUZ"},"content":{"rendered":"\n<p>Toroslar Belediye Ba\u015fkan\u0131 Abdurrahman Y\u0131ld\u0131z, 2025 y\u0131l\u0131nda temel belediyecilik hizmetleri konusunda at\u0131l\u0131m yapmaya haz\u0131rland\u0131klar\u0131n\u0131, k\u0131rsal mahallelerde ve kent merkezindeki mahallelerde yol ve kald\u0131r\u0131m eksiklerini tamamlayacaklar\u0131n\u0131 s\u00f6yledi. Y\u0131ld\u0131z, &#8220;Bir kere yapal\u0131m, temiz yapal\u0131m istiyoruz. Sonu\u00e7ta bizim harcad\u0131\u011f\u0131m\u0131z para vatanda\u015f\u0131n paras\u0131. Vatanda\u015f\u0131n paras\u0131n\u0131 vatanda\u015f i\u00e7in harcayal\u0131m, bir sefer harcayal\u0131m, temiz yapal\u0131m&#8221; dedi. Y\u0131ld\u0131z, y\u00f6redeki \u00e7ift\u00e7ilerle birlikte meyve sebze depolama ve pazarlama konusunda \u00e7al\u0131\u015facak bir belediye iktisadi te\u015fekk\u00fcl\u00fc kurmay\u0131 planlad\u0131klar\u0131n\u0131 da s\u00f6yledi.<\/p>\n\n\n\n<p><strong>KIRSAL MAHALLELER\u0130N \u00d6NCEL\u0130KL\u0130 SORUNLARI BEL\u0130RLEN\u0130YOR<\/strong><\/p>\n\n\n\n<p>Y\u0131l\u0131n 12 ay\u0131nda k\u0131rsal mahallelerde ya\u015fayan ve tar\u0131msal \u00fcretim yapan yurtta\u015flarla bir araya gelmek ve 2025 b\u00fct\u00e7esindeki \u00f6ncelikleri konu\u015fmak \u00fczere k\u0131rsal mahalle gezilerine ba\u015flayan Toroslar Belediye Ba\u015fkan\u0131 Abdurrahman Y\u0131ld\u0131z, hafta sonunda \u00c7elebili ve Musal\u0131 mahallelerini ziyaret etti. Ziyaretlere Muhtarl\u0131k \u0130\u015fleri M\u00fcd\u00fcrl\u00fc\u011f\u00fc, Fen \u0130\u015fleri M\u00fcd\u00fcrl\u00fc\u011f\u00fc, Tar\u0131msal Hizmetler M\u00fcd\u00fcrl\u00fc\u011f\u00fc ve Temizlik \u0130\u015fleri M\u00fcd\u00fcrl\u00fc\u011f\u00fc \u00fcst y\u00f6neticileri de kat\u0131larak vatanda\u015flar\u0131n Ba\u015fkan Y\u0131ld\u0131z&#8217;a iletti\u011fi talepleri not ald\u0131.<\/p>\n\n\n\n<p><strong>&#8220;YOL VE ASFALT ATA\u011eI YAPACA\u011eIZ&#8221;<\/strong><\/p>\n\n\n\n<p>Ba\u015fkan Y\u0131ld\u0131z, &#8220;2025 b\u00fct\u00e7emizi yapt\u0131k ve bu b\u00fct\u00e7emizin \u00f6nemli bir k\u0131sm\u0131n\u0131, d\u00f6rtte \u00fc\u00e7l\u00fck bir k\u0131sm\u0131n\u0131 temel belediyecilik sorunlar\u0131n\u0131 \u00e7\u00f6zmek i\u00e7in harcamaya karar verdik ve bunu size sormaya geldik. 2 milyar 300 milyon lira b\u00fct\u00e7emiz var. Bunun d\u00f6rtte \u00fc\u00e7\u00fcn\u00fc asfalt meselelerini, temizlik meselelerini ve park meselelerini \u00e7\u00f6zmek i\u00e7in harcamay\u0131 d\u00fc\u015f\u00fcn\u00fcyoruz. \u00c7\u00fcnk\u00fc ihmal edilmi\u015f baz\u0131 yollar var. Baz\u0131 kald\u0131r\u0131mlar var. Hem kent merkezinde hem k\u0131rsalda. Fen \u0130\u015fleri M\u00fcd\u00fcrl\u00fc\u011f\u00fcne ba\u011fl\u0131 ekiplerimiz gelecekler, muhtar\u0131m\u0131zla beraber k\u00f6y\u00fc ad\u0131m ad\u0131m gezip oralarda notlar\u0131n\u0131 alacaklar. Bize bir rapor \u00e7\u0131kartacaklar. Diyecekler ki bizim 2025 y\u0131l\u0131nda \u015fu kadar bin ton asfalta ihtiyac\u0131m\u0131z var. \u015eu kadar bin metrekare parke ta\u015f\u0131na ihtiyac\u0131m\u0131z var. \u015eu kadar bin metrekare kilit ta\u015f\u0131na ihtiyac\u0131m\u0131z var diyecekler ve biz bunlar\u0131 ihale edip ay\u0131rd\u0131\u011f\u0131m\u0131z b\u00fct\u00e7eden buraya harcama yaparak ihale edip 2025&#8217;te \u00e7ok ciddi bir yol asfalt at\u0131l\u0131m\u0131 yapmak istiyoruz&#8221; dedi.<\/p>\n\n\n\n<p><strong>&#8220;B\u0130R KERE YAPALIM, TEM\u0130Z YAPALIM&#8221;<\/strong><\/p>\n\n\n\n<p>2024 y\u0131l\u0131nda b\u00fct\u00e7e olanaklar\u0131n\u0131 geriden gelen bor\u00e7lar\u0131 kapatmak i\u00e7in kullanmak zorunda kald\u0131klar\u0131na de\u011finen Ba\u015fkan Y\u0131ld\u0131z, &#8220;\u00c7\u00fcnk\u00fc hakikaten k\u00fclfetli bir borcumuz vard\u0131. Yar\u0131s\u0131na yak\u0131n\u0131n\u0131 \u00e7\u00f6zd\u00fck. Hakikaten \u00e7ok b\u00fcy\u00fck ba\u015far\u0131. Yani \u00fc\u00e7\u00fcnc\u00fc \u015fah\u0131sta olan bor\u00e7lar\u0131m\u0131z\u0131 neredeyse tasfiye ettik. \u00d6nemli oranda bitirdik. Sadece kamuya bir borcumuz var sigortadan kaynakl\u0131. Vergi bor\u00e7lar\u0131m\u0131z\u0131 da kapatt\u0131k. Dolay\u0131s\u0131yla bu bor\u00e7 meselesini de art\u0131k yava\u015f yava\u015f \u00e7\u00f6z\u00fcyoruz. \u00d6n\u00fcm\u00fczdeki sene tamam\u0131n\u0131 kapatm\u0131\u015f olaca\u011f\u0131z b\u00fcy\u00fck ihtimalle. \u0130n\u015fallah 2025&#8217;te bu fiziki belediyecilik sorunlar\u0131 konusunda bir at\u0131l\u0131m yapal\u0131m istiyoruz. Yani g\u00f6zle g\u00f6r\u00fcl\u00fcr bir \u015fekilde. K\u00f6y i\u00e7inde eksik parke yollar\u0131 varsa yap\u0131lacak, asfalt d\u00f6k\u00fclecek yerler varsa bunlar\u0131 yapal\u0131m istiyoruz. Bir kere yapal\u0131m, temiz yapal\u0131m istiyoruz. Sonu\u00e7ta bizim harcad\u0131\u011f\u0131m\u0131z para vatanda\u015f\u0131n paras\u0131. D\u00f6nd\u00fcr\u00fcp d\u00f6nd\u00fcr\u00fcp \u00fc\u00e7 be\u015f m\u00fcteahhidi zengin etmek i\u00e7in u\u011fra\u015fmayal\u0131m. Vatanda\u015f\u0131n paras\u0131n\u0131 vatanda\u015f i\u00e7in harcayal\u0131m, bir sefer harcayal\u0131m, temiz yapal\u0131m&#8221; ifadelerini kulland\u0131.<\/p>\n\n\n\n<p><strong>TARIM \u00c7ALI\u015eTAYI HAZIRLIKLARI S\u00dcR\u00dcYOR<\/strong><\/p>\n\n\n\n<p>Ba\u015fkan Y\u0131ld\u0131z, Toroslar Belediyesinin yeni d\u00f6nemdeki \u00f6nceliklerinden birinin de tar\u0131msal \u00fcretime destek olaca\u011f\u0131n\u0131 vurgulad\u0131.<\/p>\n\n\n\n<p>&#8220;Tar\u0131m meselesinin hakikaten bir stratejik mesele oldu\u011funu d\u00fc\u015f\u00fcn\u00fcyoruz. Bir beka meselesi oldu\u011funu d\u00fc\u015f\u00fcn\u00fcyoruz&#8221; diyen Ba\u015fkan Y\u0131ld\u0131z, &#8220;Bu tabii tek ba\u015f\u0131na bir il\u00e7e belediyesinin ba\u015farabilece\u011fi, yani \u00fcstesinden gelebilece\u011fi bir sorun de\u011fil. Ama dikkat \u00e7ekebiliriz. Tar\u0131msal \u015eube M\u00fcd\u00fcrl\u00fc\u011f\u00fcm\u00fcz \u00e7ok ciddi bir \u00e7al\u0131\u015ftaya haz\u0131rlan\u0131yor. Ocak ay\u0131 sonuna do\u011fru. T\u00fcrkiye&#8217;nin muhtelif yerlerinden uzman ki\u015fileri getirdi\u011fimiz, k\u00f6yl\u00fclerimizi davet edece\u011fimiz bir \u00e7al\u0131\u015ftay yapmay\u0131 d\u00fc\u015f\u00fcn\u00fcyoruz. Yeni \u00fcr\u00fcn desenleri \u00fczerine, \u00fcretimin yeniden tasarlanmas\u0131 \u00fczerine bir \u00e7al\u0131\u015ftay olacak bu. Bir belediye iktisadi te\u015fekk\u00fcl\u00fc d\u00fc\u015f\u00fcn\u00fcyoruz. Yani \u00fcretti\u011fimiz tar\u0131msal \u00fcr\u00fcnlerin basit sanayi \u00fcr\u00fcnlerine d\u00f6n\u00fc\u015febilece\u011fi, depolama meselesinin \u00e7\u00f6z\u00fclebilece\u011fi, hatta pazarlama meselesine belki k\u0131smen \u00e7are \u00fcretebilecek bir belediye iktisadi te\u015fekk\u00fcl\u00fc, k\u00f6yl\u00fclerimizle beraber, onlarla ortak olarak, onlar\u0131n y\u00f6netti\u011fi bir belediye iktisadi te\u015fekk\u00fcl\u00fc olu\u015ftural\u0131m istiyoruz. Buna kafa veriyor arkada\u015flar\u0131m\u0131z. Bu \u00e7al\u0131\u015ftay\u0131n asl\u0131nda \u00e7\u0131kt\u0131lar\u0131ndan birisi de bu olacak&#8221; ifadelerini kulland\u0131.<\/p>\n","protected":false},"excerpt":{"rendered":"<p>Toroslar Belediye Ba\u015fkan\u0131 Abdurrahman Y\u0131ld\u0131z, 2025 y\u0131l\u0131nda temel belediyecilik hizmetleri konusunda at\u0131l\u0131m yapmaya haz\u0131rland\u0131klar\u0131n\u0131, k\u0131rsal mahallelerde ve kent merkezindeki mahallelerde yol ve kald\u0131r\u0131m eksiklerini tamamlayacaklar\u0131n\u0131 s\u00f6yledi. Y\u0131ld\u0131z, &#8220;Bir kere yapal\u0131m, temiz yapal\u0131m istiyoruz. Sonu\u00e7ta bizim harcad\u0131\u011f\u0131m\u0131z para vatanda\u015f\u0131n paras\u0131. Vatanda\u015f\u0131n paras\u0131n\u0131 vatanda\u015f i\u00e7in harcayal\u0131m, bir sefer harcayal\u0131m, temiz yapal\u0131m&#8221; dedi. Y\u0131ld\u0131z, y\u00f6redeki \u00e7ift\u00e7ilerle birlikte meyve [&hellip;]<\/p>\n","protected":false},"author":2,"featured_media":37204,"comment_status":"closed","ping_status":"closed","sticky":false,"template":"","format":"standard","meta":{"footnotes":""},"categories":[1,2,3],"tags":[],"class_list":["post-37203","post","type-post","status-publish","format-standard","has-post-thumbnail","hentry","category-genel","category-gundem","category-manset"],"views":5,"_links":{"self":[{"href":"https:\/\/mersinkadingazetesi.com\/index.php?rest_route=\/wp\/v2\/posts\/37203"}],"collection":[{"href":"https:\/\/mersinkadingazetesi.com\/index.php?rest_route=\/wp\/v2\/posts"}],"about":[{"href":"https:\/\/mersinkadingazetesi.com\/index.php?rest_route=\/wp\/v2\/types\/post"}],"author":[{"embeddable":true,"href":"https:\/\/mersinkadingazetesi.com\/index.php?rest_route=\/wp\/v2\/users\/2"}],"replies":[{"embeddable":true,"href":"https:\/\/mersinkadingazetesi.com\/index.php?rest_route=%2Fwp%2Fv2%2Fcomments&post=37203"}],"version-history":[{"count":1,"href":"https:\/\/mersinkadingazetesi.com\/index.php?rest_route=\/wp\/v2\/posts\/37203\/revisions"}],"predecessor-version":[{"id":37205,"href":"https:\/\/mersinkadingazetesi.com\/index.php?rest_route=\/wp\/v2\/posts\/37203\/revisions\/37205"}],"wp:featuredmedia":[{"embeddable":true,"href":"https:\/\/mersinkadingazetesi.com\/index.php?rest_route=\/wp\/v2\/media\/37204"}],"wp:attachment":[{"href":"https:\/\/mersinkadingazetesi.com\/index.php?rest_route=%2Fwp%2Fv2%2Fmedia&parent=37203"}],"wp:term":[{"taxonomy":"category","embeddable":true,"href":"https:\/\/mersinkadingazetesi.com\/index.php?rest_route=%2Fwp%2Fv2%2Fcategories&post=37203"},{"taxonomy":"post_tag","embeddable":true,"href":"https:\/\/mersinkadingazetesi.com\/index.php?rest_route=%2Fwp%2Fv2%2Ftags&post=37203"}],"curies":[{"name":"wp","href":"https:\/\/api.w.org\/{rel}","templated":true}]}}