{"id":37206,"date":"2024-11-24T15:47:07","date_gmt":"2024-11-24T12:47:07","guid":{"rendered":"https:\/\/mersinkadingazetesi.com\/?p=37206"},"modified":"2024-11-24T15:47:08","modified_gmt":"2024-11-24T12:47:08","slug":"arama-konferanslari-tarim-arama-konferansiyla-son-buldu","status":"publish","type":"post","link":"https:\/\/mersinkadingazetesi.com\/?p=37206","title":{"rendered":"Arama konferanslar\u0131 \u2018Tar\u0131m Arama Konferans\u0131\u2019yla son buldu"},"content":{"rendered":"\n<p>Ticaret Bakanl\u0131\u011f\u0131 himayesi Mersin Valili\u011fi koordinasyonunda, Mersin Ticaret ve Sanayi Odas\u0131 (MTSO) ile Mersin Ekonomi Platformu (MEP) organizasyonunda, Mersin Ticaret Borsas\u0131, Mersin Deniz Ticaret Odas\u0131, Akdeniz \u0130hracat\u00e7\u0131 Birlikleri ve \u00c7ukurova Kalk\u0131nma Ajans\u0131 i\u015fbirli\u011finde ger\u00e7ekle\u015fecek Mersin Ekonomi Zirvesi haz\u0131rl\u0131klar\u0131 kapsam\u0131nda ger\u00e7ekle\u015ftirilen Arama konferanslar\u0131 serisi \u2018Tar\u0131m Arama Konferans\u0131\u2019yla son buldu. Mersin Giri\u015fim Liman\u0131\u2019nda ger\u00e7ekle\u015fen toplant\u0131ya MTSO Y\u00f6netim Kurulu Ba\u015fkan\u0131 Hakan Sefa \u00c7ak\u0131r ve Komite \u00dcyelerinin yan\u0131 s\u0131ra Mersin Vali Yard\u0131mc\u0131s\u0131 \u0130rfan Demir\u00f6z,&nbsp;MEP ad\u0131na Kemal Ka\u00e7maz, Tar\u0131m ve Orman \u0130l M\u00fcd\u00fcr\u00fc Erdem Karada\u011f, Ticaret \u0130l M\u00fcd\u00fcr\u00fc Ferhat S\u00fcmer, Mersin Ticaret Borsas\u0131 Ba\u015fkan\u0131 Abdullah \u00d6zdemir, \u00c7ukurova Kalk\u0131nma Ajans\u0131, Mersin Agropark gibi sekt\u00f6rel kurum ve kurulu\u015flarla sekt\u00f6r temsilcileri kat\u0131ld\u0131. Ankara\u2019dan bakanl\u0131k yetkililerinin de kat\u0131ld\u0131\u011f\u0131 toplant\u0131y\u0131 Ziraat M\u00fchendisleri Odas\u0131 Ba\u015fkan\u0131 Prof. Dr. Okan \u00d6zkaya modere etti. Arama konferans\u0131nda kat\u0131l\u0131mc\u0131larla ge\u00e7mi\u015f d\u00f6nemlerde ger\u00e7ekle\u015ftirilen tar\u0131m toplant\u0131lar\u0131nda tespit edilen sorunlar maddeler halinde payla\u015f\u0131l\u0131p \u00f6ncelik s\u0131ralamas\u0131 yapmalar\u0131, varsa yeni taleplerini iletmeleri istendi. Toplant\u0131da kooperatifle\u015fmenin \u00f6neminden iklim de\u011fi\u015fikli\u011finin getirece\u011fi sorunlara, tar\u0131msal zararl\u0131lardan hal kanunundan beklentilere, yasa ve mevzuatlardan tar\u0131msal uygulamalara kadar bir\u00e7ok konu ele al\u0131nd\u0131. Gen\u00e7lerin tar\u0131mdan vazge\u00e7mesi, \u00f6rg\u00fctlenme eksikleri, pazarlama kanallar\u0131n\u0131n geli\u015ftirilmesi, \u00fcretim s\u00fcre\u00e7lerinin iyile\u015ftirilmesi gereklili\u011fi, tar\u0131msal sanayinin g\u00fc\u00e7lendirilmesi, tar\u0131msal Ar-Ge\u2019nin geli\u015ftirilmesi de ele al\u0131nan konular aras\u0131nda yer ald\u0131. Belirlenen yeni \u00f6ncelikler akademisyenler taraf\u0131ndan rapor haline getirilmesi sonras\u0131 Ticaret Bakanl\u0131\u011f\u0131 arac\u0131l\u0131\u011f\u0131yla ilgili bakanl\u0131klara iletilerek k\u0131sa orta ve uzun vadeli yol haritalar\u0131 belirlenip \u00f6n\u00fcm\u00fczdeki s\u00fcre\u00e7te Ticaret Bakan\u0131 Prof. Dr. \u00d6mer Bolat\u2019\u0131n kat\u0131l\u0131m\u0131yla d\u00fczenlenecek Mersin Ekonomi Zirvesi\u2019nde kamuoyu ile payla\u015f\u0131lacak.&nbsp;<\/p>\n\n\n\n<p><strong>\u00c7ak\u0131r: \u201c\u00c7ukurova B\u00f6lgesi i\u00e7in tar\u0131mda yeni bir hikaye yaz\u0131lmal\u0131y\u0131z\u201d<\/strong><br>Toplant\u0131da ilk olarak iklim de\u011fi\u015fikli\u011finin tar\u0131m \u00fczerindeki etkilerine de\u011finen MTSO Y\u00f6netim Kurulu Ba\u015fkan\u0131 Hakan Sefa \u00c7ak\u0131r, \u201c\u0130klimin de\u011fi\u015fmesi sekt\u00f6r\u00fc derinden etkileyecek. Sadece su krizi de\u011fil yeni \u00fcr\u00fcn desenlerini, yeni hastal\u0131klar\u0131 konu\u015faca\u011f\u0131z. \u00c7\u00f6z\u00fcm \u00f6nerilerini bug\u00fcnden de\u011ferlendirip alternatif \u00fcr\u00fcn desenleri \u00fczerine \u00e7al\u0131\u015fmal\u0131y\u0131z\u201d dedi. Tar\u0131m konusunda ge\u00e7mi\u015fte de \u00e7ok\u00e7a toplant\u0131 d\u00fczenlendi\u011fini benzer konular\u0131n konu\u015fuldu\u011funu hat\u0131rlatan \u00c7ak\u0131r, \u201cBu konferanslar\u0131n fark\u0131 ise art\u0131k konu\u015ftuklar\u0131m\u0131z\u0131 tek dile \u00e7evirip ortak sorunlar\u0131 ortak metinlerle Ankara\u2019ya ula\u015ft\u0131racak olmam\u0131z. Burada alaca\u011f\u0131m\u0131z sorumluluklarla sorunlar\u0131n takibini kimin yapaca\u011f\u0131n\u0131, Ankara\u2019da \u00e7\u00f6z\u00fcm konusundaki muhataplar\u0131n kimler olaca\u011f\u0131n\u0131 belirleyecek olmam\u0131z. Bu \u00e7al\u0131\u015fmalar milat olmal\u0131\u201d ifadelerini kulland\u0131. Tar\u0131mla u\u011fra\u015fan ki\u015filerin ya\u015f ortalamas\u0131n\u0131n 55 oldu\u011funu, gen\u00e7lerin tar\u0131ma \u00f6zendirilmesi gerekti\u011fini de kaydeden \u00c7ak\u0131r, tar\u0131mda yatay ve dikey \u00f6rg\u00fctlenmelerin \u00f6nemine de\u011finip sorunlar\u0131n \u00e7\u00f6z\u00fcm\u00fc i\u00e7in birlikte hareket etmekten ba\u015fka \u00e7are olmad\u0131\u011f\u0131n\u0131 s\u00f6yledi. \u00c7ukurova B\u00f6lgesi i\u00e7in tar\u0131mda yeni bir hikaye yaz\u0131lmas\u0131 gerekti\u011fine i\u015fret eden \u00c7ak\u0131r, \u201cBunu da tek ba\u015f\u0131m\u0131za yapamay\u0131z. Akdeniz \u00fclkelerini yan\u0131m\u0131za al\u0131p g\u00fc\u00e7 birli\u011fi yapmal\u0131y\u0131z. Ortak planlamalar, ortak Ar-Ge \u00e7al\u0131\u015fmalar\u0131yla sekt\u00f6r\u00fc gelece\u011fe haz\u0131rlamal\u0131y\u0131z\u201d dedi.&nbsp;<\/p>\n\n\n\n<p><strong>\u00d6zdemir: \u201cTar\u0131m ve g\u0131dada Mersin\u2019i \u00fcretim \u00fcss\u00fc yapacak model geli\u015ftirmeliyiz\u201d<\/strong><br>Mersin Ticaret Borsas\u0131 Ba\u015fkan\u0131 Abdullah \u00d6zdemir ise tar\u0131msal sanayinin \u00f6nemine dikkat \u00e7ekti. Sorunlar\u0131n \u00e7\u00f6z\u00fcm\u00fc i\u00e7in tar\u0131mda Hollanda Modelini \u00f6neren \u00d6zdemir, \u201cMersin\u2019i tar\u0131m ve g\u0131dada \u00fcretim \u00fcss\u00fc yapacak bir model geli\u015ftirmeliyiz. Tar\u0131m sanayisinin geli\u015ftirilmesine, Ar-Ge \u00e7al\u0131\u015fmalar\u0131na \u00f6nem vermeliyiz\u201d dedi.&nbsp;<br>Mersin\u2019in tar\u0131mda \u00e7ok \u015fansl\u0131 bir il oldu\u011funu bir\u00e7ok \u00fcr\u00fcn\u00fcn \u00fcretiminde bir numarada yer ald\u0131\u011f\u0131n\u0131 kaydeden \u00d6zdemir, ancak zaman zaman arz talep dengesindeki bozulmalar\u0131n sekt\u00f6r\u00fc, \u00fcreticiyi olumsuz etkiledi\u011fini hat\u0131rlat\u0131p do\u011fru planlamalar\u0131n \u00f6nemine de\u011findi.<br>Tar\u0131m ve Orman \u0130l M\u00fcd\u00fcr\u00fc Erdem Karada\u011f, kentin tar\u0131m profilini \u00e7izdi. Mersin\u2019de 3 milyon 300 bin dekar alanda tar\u0131m yap\u0131ld\u0131\u011f\u0131n\u0131 bildiren Karada\u011f, &nbsp;5.7 milyon ton civar\u0131nda sebze meyve \u00fcretildi\u011fini aktard\u0131. Son d\u00f6nemlerde iklim de\u011fi\u015fikli\u011fine ba\u011fl\u0131 tar\u0131msal zararl\u0131lar\u0131n ortaya \u00e7\u0131kt\u0131\u011f\u0131na de\u011finen Karada\u011f, bu hastal\u0131k ve zararl\u0131larla m\u00fccadelenin t\u00fcm Akdeniz k\u0131y\u0131 \u015feridinde ger\u00e7ekle\u015fecek bilimsel entegre ve toplu m\u00fccadele ba\u015flat\u0131lmas\u0131yla m\u00fcmk\u00fcn olabilece\u011fini s\u00f6yledi.&nbsp;<\/p>\n","protected":false},"excerpt":{"rendered":"<p>Ticaret Bakanl\u0131\u011f\u0131 himayesi Mersin Valili\u011fi koordinasyonunda, Mersin Ticaret ve Sanayi Odas\u0131 (MTSO) ile Mersin Ekonomi Platformu (MEP) organizasyonunda, Mersin Ticaret Borsas\u0131, Mersin Deniz Ticaret Odas\u0131, Akdeniz \u0130hracat\u00e7\u0131 Birlikleri ve \u00c7ukurova Kalk\u0131nma Ajans\u0131 i\u015fbirli\u011finde ger\u00e7ekle\u015fecek Mersin Ekonomi Zirvesi haz\u0131rl\u0131klar\u0131 kapsam\u0131nda ger\u00e7ekle\u015ftirilen Arama konferanslar\u0131 serisi \u2018Tar\u0131m Arama Konferans\u0131\u2019yla son buldu. Mersin Giri\u015fim Liman\u0131\u2019nda ger\u00e7ekle\u015fen toplant\u0131ya MTSO Y\u00f6netim [&hellip;]<\/p>\n","protected":false},"author":2,"featured_media":37207,"comment_status":"closed","ping_status":"closed","sticky":false,"template":"","format":"standard","meta":{"footnotes":""},"categories":[8,1,2,3,5],"tags":[],"class_list":["post-37206","post","type-post","status-publish","format-standard","has-post-thumbnail","hentry","category-ekonomi","category-genel","category-gundem","category-manset","category-mersin"],"views":11,"_links":{"self":[{"href":"https:\/\/mersinkadingazetesi.com\/index.php?rest_route=\/wp\/v2\/posts\/37206"}],"collection":[{"href":"https:\/\/mersinkadingazetesi.com\/index.php?rest_route=\/wp\/v2\/posts"}],"about":[{"href":"https:\/\/mersinkadingazetesi.com\/index.php?rest_route=\/wp\/v2\/types\/post"}],"author":[{"embeddable":true,"href":"https:\/\/mersinkadingazetesi.com\/index.php?rest_route=\/wp\/v2\/users\/2"}],"replies":[{"embeddable":true,"href":"https:\/\/mersinkadingazetesi.com\/index.php?rest_route=%2Fwp%2Fv2%2Fcomments&post=37206"}],"version-history":[{"count":1,"href":"https:\/\/mersinkadingazetesi.com\/index.php?rest_route=\/wp\/v2\/posts\/37206\/revisions"}],"predecessor-version":[{"id":37208,"href":"https:\/\/mersinkadingazetesi.com\/index.php?rest_route=\/wp\/v2\/posts\/37206\/revisions\/37208"}],"wp:featuredmedia":[{"embeddable":true,"href":"https:\/\/mersinkadingazetesi.com\/index.php?rest_route=\/wp\/v2\/media\/37207"}],"wp:attachment":[{"href":"https:\/\/mersinkadingazetesi.com\/index.php?rest_route=%2Fwp%2Fv2%2Fmedia&parent=37206"}],"wp:term":[{"taxonomy":"category","embeddable":true,"href":"https:\/\/mersinkadingazetesi.com\/index.php?rest_route=%2Fwp%2Fv2%2Fcategories&post=37206"},{"taxonomy":"post_tag","embeddable":true,"href":"https:\/\/mersinkadingazetesi.com\/index.php?rest_route=%2Fwp%2Fv2%2Ftags&post=37206"}],"curies":[{"name":"wp","href":"https:\/\/api.w.org\/{rel}","templated":true}]}}