{"id":37209,"date":"2024-11-24T15:51:47","date_gmt":"2024-11-24T12:51:47","guid":{"rendered":"https:\/\/mersinkadingazetesi.com\/?p=37209"},"modified":"2024-11-24T15:51:47","modified_gmt":"2024-11-24T12:51:47","slug":"cumhuriyet-halk-partisi-esnaflarin-sorunlarina-cozum-icin-yola-cikiyor","status":"publish","type":"post","link":"https:\/\/mersinkadingazetesi.com\/?p=37209","title":{"rendered":"CUMHUR\u0130YET HALK PART\u0130S\u0130 ESNAFLARIN SORUNLARINA \u00c7\u00d6Z\u00dcM \u0130\u00c7\u0130N YOLA \u00c7IKIYOR"},"content":{"rendered":"\n<p>Cumhuriyet Halk Partisi (CHP), T\u00fcrkiye genelindeki milyonlarca esnaf\u0131n sorunlar\u0131n\u0131 \u00e7\u00f6zmek ve seslerini duyurmak i\u00e7in <strong>\u201cEsnaf Masas\u0131\u201d<\/strong> kuruyor.<\/p>\n\n\n\n<p>CHP Genel Ba\u015fkan\u0131 Say\u0131n \u00d6zg\u00fcr \u00d6zel\u2019in liderli\u011finde hayata ge\u00e7irilecek bu yap\u0131, esnaf\u0131n kar\u015f\u0131 kar\u015f\u0131ya oldu\u011fu ekonomik ve yap\u0131sal sorunlara \u00e7\u00f6z\u00fcm \u00fcretmeyi hedefliyor.<\/p>\n\n\n\n<p><strong>T\u00fcrkiye\u2019nin Ekonomik Omurgas\u0131: Esnaf ve Sanatk\u00e2rlar<\/strong><\/p>\n\n\n\n<p>CHP Genel Ba\u015fkan\u0131 \u00d6zg\u00fcr \u00d6zel, esnaf\u0131n kar\u015f\u0131 kar\u015f\u0131ya oldu\u011fu sorunlar\u0131n \u00e7\u00f6z\u00fcm\u00fc i\u00e7in harekete ge\u00e7ti. Esnaf te\u015fkilatlar\u0131nda 30 y\u0131ld\u0131r aktif bir \u015fekilde \u00e7al\u0131\u015fan ve esnaf\u0131n sorunlar\u0131n\u0131 yak\u0131ndan bilen CHP Mersin Milletvekili Talat Din\u00e7er\u2019i g\u00f6revlendirerek, kapsaml\u0131 bir \u00e7al\u0131\u015fma tasla\u011f\u0131 haz\u0131rlanmas\u0131n\u0131 istedi. Talat Din\u00e7er\u2019in olu\u015fturdu\u011fu Esnaf Masas\u0131 \u00c7al\u0131\u015fma tasla\u011f\u0131nda yer alan verilere g\u00f6re, T\u00fcrkiye\u2019deki i\u015fletmelerin %98\u2019i k\u00fc\u00e7\u00fck ve orta boy i\u015fletmelerden (KOB\u0130) olu\u015fuyor. \u00dclke genelinde 2.992 meslek odas\u0131na kay\u0131tl\u0131 2.229.565 esnaf \u00fcye bulunuyor ve bu \u00fcyelerin sahip oldu\u011fu 2.461.505 i\u015fyeri, milyonlarca vatanda\u015f\u0131n ge\u00e7im kayna\u011f\u0131. Ancak bu i\u015fletmeler, yanl\u0131\u015f ekonomik politikalar ve destek mekanizmalar\u0131n\u0131n yetersizli\u011fi nedeniyle her ge\u00e7en g\u00fcn daha da zor duruma d\u00fc\u015f\u00fcyor.<\/p>\n\n\n\n<p><strong>CHP Esnaf Masas\u0131\u2019n\u0131n Ama\u00e7lar\u0131<\/strong><\/p>\n\n\n\n<p>Esnaf Masas\u0131, CHP\u2019nin toplumun her kesiminin yan\u0131nda oldu\u011funun en somut g\u00f6stergelerinden biri olacak. Masan\u0131n temel hedefleri aras\u0131nda:<\/p>\n\n\n\n<ul class=\"wp-block-list\">\n<li>T\u00fcrkiye genelinde esnaf ve sanatk\u00e2rlar\u0131n sorunlar\u0131n\u0131 yerinde tespit etmek,<\/li>\n\n\n\n<li>Tespit edilen sorunlar\u0131 Genel Merkez\u2019e raporlamak,<\/li>\n\n\n\n<li>Esnaf\u0131n ya\u015fad\u0131\u011f\u0131 mevzuat, sosyal g\u00fcvenlik, pazar, vergi y\u00fck\u00fc ve kay\u0131t d\u0131\u015f\u0131l\u0131k gibi sorunlara \u00e7\u00f6z\u00fcm \u00f6nerileri geli\u015ftirmek,<\/li>\n\n\n\n<li>CHP\u2019nin esnaf politikalar\u0131n\u0131 s\u00f6ylem ve eylem birli\u011fi ile g\u00fc\u00e7lendirmek yer al\u0131yor.<\/li>\n<\/ul>\n\n\n\n<p><strong>T\u00fcm T\u00fcrkiye\u2019de Etkin \u00c7al\u0131\u015fma<\/strong><\/p>\n\n\n\n<p>Esnaf Masas\u0131, 81 ildeki meslek odalar\u0131, Esnaf Kefalet Kooperatifleri, Motorlu Ta\u015f\u0131y\u0131c\u0131lar Kooperatifleri ve K\u00fc\u00e7\u00fck Sanayi Siteleri gibi kurulu\u015flar\u0131n y\u00f6netici ve \u00fcyeleriyle bir araya gelerek, esnaf\u0131n taleplerini do\u011frudan yerinde dinleyecek. CHP\u2019nin yerel ve genel d\u00fczeydeki temsilcileri, bu \u00e7al\u0131\u015fmalarla sahada aktif rol oynayacak.<\/p>\n\n\n\n<p><strong>CHP Genel Ba\u015fkan\u0131 \u00d6zg\u00fcr \u00d6zel\u2019den Talimat<\/strong><\/p>\n\n\n\n<p>CHP Genel Ba\u015fkan\u0131 \u00d6zg\u00fcr \u00d6zel, Esnaf Masas\u0131\u2019n\u0131n kurulmas\u0131n\u0131n esnaf ve sanatk\u00e2rlar i\u00e7in hayati \u00f6neme sahip oldu\u011funu belirterek, \u00e7al\u0131\u015fman\u0131n h\u0131zl\u0131 bir \u015fekilde hayata ge\u00e7irilmesi i\u00e7in talimat verdi. \u00d6zel, \u201cEsnaf\u0131m\u0131z bu \u00fclkenin bel kemi\u011fidir. Onlar\u0131n sorunlar\u0131n\u0131 \u00e7\u00f6zmek, sosyal ve ekonomik kalk\u0131nmay\u0131 sa\u011flamak i\u00e7in at\u0131lacak her ad\u0131m, \u00fclkemizin gelece\u011fi i\u00e7in b\u00fcy\u00fck bir kazan\u00e7t\u0131r. Esnaf Masas\u0131, bu ama\u00e7la hayata ge\u00e7irilecek \u00f6nemli bir projedir,\u201d dedi.<\/p>\n\n\n\n<p><strong>CHP Esnaf Masas\u0131 Nas\u0131l \u00c7al\u0131\u015facak?<\/strong><\/p>\n\n\n\n<p>CHP\u2019nin Esnaf Masas\u0131, Genel Merkez\u2019de kurulacak bir sekretaryan\u0131n yan\u0131 s\u0131ra il ve il\u00e7e te\u015fkilatlar\u0131n\u0131n deste\u011fiyle \u00e7al\u0131\u015facak. Esnaf Masas\u0131 ekibi, sahada en az \u00fc\u00e7 ki\u015filik bir ekipten olu\u015facak ve il-il\u00e7e baz\u0131nda d\u00fczenlenecek toplant\u0131larla ve saha \u00e7al\u0131\u015fmalar\u0131yla esnaf\u0131n taleplerini do\u011frudan dinleyecek. Toplanan bilgiler, CHP\u2019nin ilgili organlar\u0131nca de\u011ferlendirilecek ve parti programlar\u0131na entegre edilecek.<\/p>\n\n\n\n<p><strong>CHP\u2019den Esnafa G\u00fcvence: Her Zaman Yan\u0131n\u0131zday\u0131z<\/strong><\/p>\n\n\n\n<p>CHP, Esnaf Masas\u0131 projesiyle sadece sorunlar\u0131 tespit etmekle kalmayacak, ayn\u0131 zamanda \u00e7\u00f6z\u00fcm odakl\u0131 bir yakla\u015f\u0131m\u0131 hayata ge\u00e7irecek. Esnaf\u0131n ekonomik ve yap\u0131sal sorunlar\u0131n\u0131n \u00e7\u00f6z\u00fcm\u00fc, CHP\u2019nin toplumsal dayan\u0131\u015fma ve e\u015fitlik ilkeleri \u00e7er\u00e7evesinde en \u00f6ncelikli konular aras\u0131nda yer alacak.<\/p>\n","protected":false},"excerpt":{"rendered":"<p>Cumhuriyet Halk Partisi (CHP), T\u00fcrkiye genelindeki milyonlarca esnaf\u0131n sorunlar\u0131n\u0131 \u00e7\u00f6zmek ve seslerini duyurmak i\u00e7in \u201cEsnaf Masas\u0131\u201d kuruyor. CHP Genel Ba\u015fkan\u0131 Say\u0131n \u00d6zg\u00fcr \u00d6zel\u2019in liderli\u011finde hayata ge\u00e7irilecek bu yap\u0131, esnaf\u0131n kar\u015f\u0131 kar\u015f\u0131ya oldu\u011fu ekonomik ve yap\u0131sal sorunlara \u00e7\u00f6z\u00fcm \u00fcretmeyi hedefliyor. T\u00fcrkiye\u2019nin Ekonomik Omurgas\u0131: Esnaf ve Sanatk\u00e2rlar CHP Genel Ba\u015fkan\u0131 \u00d6zg\u00fcr \u00d6zel, esnaf\u0131n kar\u015f\u0131 kar\u015f\u0131ya oldu\u011fu sorunlar\u0131n [&hellip;]<\/p>\n","protected":false},"author":2,"featured_media":37210,"comment_status":"closed","ping_status":"closed","sticky":false,"template":"","format":"standard","meta":{"footnotes":""},"categories":[3,6],"tags":[],"class_list":["post-37209","post","type-post","status-publish","format-standard","has-post-thumbnail","hentry","category-manset","category-siyaset-2"],"views":4,"_links":{"self":[{"href":"https:\/\/mersinkadingazetesi.com\/index.php?rest_route=\/wp\/v2\/posts\/37209"}],"collection":[{"href":"https:\/\/mersinkadingazetesi.com\/index.php?rest_route=\/wp\/v2\/posts"}],"about":[{"href":"https:\/\/mersinkadingazetesi.com\/index.php?rest_route=\/wp\/v2\/types\/post"}],"author":[{"embeddable":true,"href":"https:\/\/mersinkadingazetesi.com\/index.php?rest_route=\/wp\/v2\/users\/2"}],"replies":[{"embeddable":true,"href":"https:\/\/mersinkadingazetesi.com\/index.php?rest_route=%2Fwp%2Fv2%2Fcomments&post=37209"}],"version-history":[{"count":1,"href":"https:\/\/mersinkadingazetesi.com\/index.php?rest_route=\/wp\/v2\/posts\/37209\/revisions"}],"predecessor-version":[{"id":37211,"href":"https:\/\/mersinkadingazetesi.com\/index.php?rest_route=\/wp\/v2\/posts\/37209\/revisions\/37211"}],"wp:featuredmedia":[{"embeddable":true,"href":"https:\/\/mersinkadingazetesi.com\/index.php?rest_route=\/wp\/v2\/media\/37210"}],"wp:attachment":[{"href":"https:\/\/mersinkadingazetesi.com\/index.php?rest_route=%2Fwp%2Fv2%2Fmedia&parent=37209"}],"wp:term":[{"taxonomy":"category","embeddable":true,"href":"https:\/\/mersinkadingazetesi.com\/index.php?rest_route=%2Fwp%2Fv2%2Fcategories&post=37209"},{"taxonomy":"post_tag","embeddable":true,"href":"https:\/\/mersinkadingazetesi.com\/index.php?rest_route=%2Fwp%2Fv2%2Ftags&post=37209"}],"curies":[{"name":"wp","href":"https:\/\/api.w.org\/{rel}","templated":true}]}}