{"id":37212,"date":"2024-11-24T16:24:17","date_gmt":"2024-11-24T13:24:17","guid":{"rendered":"https:\/\/mersinkadingazetesi.com\/?p=37212"},"modified":"2024-11-24T16:24:17","modified_gmt":"2024-11-24T13:24:17","slug":"deva-partili-ekmen-24-kasim-ogretmenler-gununde-cumhurbaskani-erdogana-seslendi-mulakat-sozunu-hatirlasin","status":"publish","type":"post","link":"https:\/\/mersinkadingazetesi.com\/?p=37212","title":{"rendered":"DEVA Partili Ekmen, 24 Kas\u0131m \u00d6\u011fretmenler G\u00fcn\u00fc\u2019nde Cumhurba\u015fkan\u0131 Erdo\u011fan\u2019a seslendi: M\u00fclakat s\u00f6z\u00fcn\u00fc hat\u0131rlas\u0131n!\u00a0"},"content":{"rendered":"\n<p><strong>DEVA Partisi Genel Ba\u015fkan Yard\u0131mc\u0131s\u0131 Mehmet Emin Ekmen, \u201824 Kas\u0131m \u00d6\u011fretmenler G\u00fcn\u00fc\u2019 dolay\u0131s\u0131yla yapt\u0131\u011f\u0131 a\u00e7\u0131klamada, Cumhurba\u015fkan\u0131 Erdo\u011fan&#8217;\u0131n se\u00e7im \u00f6ncesi \u2018m\u00fclakatlar\u0131 kald\u0131raca\u011f\u0131z\u2019 \u00e7a\u011fr\u0131s\u0131n\u0131 hat\u0131rlatt\u0131.&nbsp;<\/strong><\/p>\n\n\n\n<p><strong>T\u00fcm \u00f6\u011fretmenlerin 24 Kas\u0131m \u00d6\u011fretmenler G\u00fcn\u00fc\u2019n\u00fc kutlayan Ekmen, m\u00fclakat sisteminin kald\u0131r\u0131lmas\u0131n\u0131n gerekti\u011fini vurgulad\u0131. E\u011fitimde hedefin iyi insan yeti\u015ftirmek oldu\u011funu dile getiren Ekmen, \u201cE\u011fitime yap\u0131lacak en iyi yat\u0131r\u0131m, iyi \u00f6\u011fretmen yeti\u015ftirmekle olur. Zira \u00f6\u011fretmenler, nitelik ve yeterlilik sorunu ya\u015farsa, toplum geli\u015fim sorunu ya\u015far. \u00dclkelerin e\u011fitimdeki ba\u015far\u0131s\u0131, \u00f6\u011fretmen kadrosunun kalitesi kadard\u0131r\u201d dedi.&nbsp;<\/strong><\/p>\n\n\n\n<p>DEVA Partisi Genel Ba\u015fkan Yard\u0131mc\u0131s\u0131 ve Mersin MilletvekiliMehmet Emin Ekmen, 24 Kas\u0131m \u00d6\u011fretmenler G\u00fcn\u00fc\u2019n\u00fcn dolay\u0131s\u0131yla bir yaz\u0131l\u0131 a\u00e7\u0131klama yapt\u0131. T\u00fcm \u00f6\u011fretmenlerin 24 Kas\u0131m \u00d6\u011fretmenler G\u00fcn\u00fc\u2019n\u00fc kutlayan Ekmen, m\u00fclakat sisteminin kald\u0131r\u0131lmas\u0131 gerekti\u011fine vurgu yaparak,\u00f6\u011fretmenlik mesle\u011finin yenilik\u00e7ilik, de\u011fi\u015fimcilik, b\u00fct\u00fcnle\u015ftiricilik ve geli\u015fimcilik temelleri \u00fczerinde yap\u0131land\u0131r\u0131lmas\u0131 gerekti\u011fine dikkat \u00e7ekti.<br><\/p>\n\n\n\n<p><strong>\u201cE\u011fitimde hedef iyi insan yeti\u015ftirmektir\u201d<\/strong><\/p>\n\n\n\n<p>Ekmen, m\u00fclakat sisteminin kald\u0131r\u0131lmas\u0131 gerekti\u011fini vurgulad\u0131. Ekmen, \u201cG\u00fcn\u00fcm\u00fczde toplumlar\u0131n en b\u00fcy\u00fck zenginlik kayna\u011f\u0131 insan kayna\u011f\u0131ysa; e\u011fitim de insan kayna\u011f\u0131n\u0131 kaliteli, nitelikli ve verimli hale getiren, ki\u015filerin yarat\u0131c\u0131 g\u00fcc\u00fcn\u00fc ke\u015ffetmesine yard\u0131mc\u0131 olan, ya\u015famla ili\u015fki kurduran, hayat boyu devam ederken hayat\u0131n her alan\u0131na vaziyet eden faaliyet alan\u0131d\u0131r. E\u011fitim, insano\u011fluna mutlu ve kaliteli bir hayat\u0131, ekonomik refah\u0131, f\u0131rsat e\u015fitli\u011fiyle adaleti, birey olma bilincini ger\u00e7ekle\u015ftirmeyi sa\u011flayan sonu\u00e7tur. E\u011fitimde hedef, iyi insan yeti\u015ftirmektir. E\u011fitime yap\u0131lacak en iyi yat\u0131r\u0131m, iyi \u00f6\u011fretmen yeti\u015ftirmekle olur. Zira \u00f6\u011fretmenler, nitelik ve yeterlilik sorunu ya\u015farsa, toplumlar geli\u015fim sorunu ya\u015far. Bu ger\u00e7e\u011fi, \u00e7ocuklar\u0131yla okul deneyimi ya\u015fayan ba\u015fta anne babalar olmak \u00fczere, b\u00fct\u00fcn sosyal payda\u015flarla birlikte devlet te bilmektedir&#8230; K\u0131saca, \u00fclkelerin e\u011fitimdeki ba\u015far\u0131s\u0131, \u00f6\u011fretmen kadrosunun kalitesi kadard\u0131r\u201d a\u00e7\u0131klamas\u0131nda bulundu.<br><\/p>\n\n\n\n<p><strong>\u00d6\u011fretmenler katmerli olarak ma\u011fdur edildi&nbsp;<\/strong><\/p>\n\n\n\n<p>T\u00fcrkiye\u2019deki e\u011fitim politikalar\u0131n\u0131 ele\u015ftiren Ekmen, \u201cMilli E\u011fitim Bakan\u0131 Yusuf Tekin\u2019den Say\u0131n Cumhurba\u015fkan\u0131&#8217;n\u0131n s\u00f6z\u00fcn\u00fc yere d\u00fc\u015f\u00fcrmemesini talep ediyoruz. Nas\u0131l ki &#8216;Nas Politikas\u0131\u2019ndan faiz politikas\u0131na d\u00f6n\u00fcld\u00fc, bug\u00fcn Mehmet \u015eim\u015fek do\u011fru bildi\u011fini yap\u0131yor; Cumhurba\u015fkan\u0131 Erdo\u011fan verdi\u011fi m\u00fclakat s\u00f6z\u00fcn\u00fc hat\u0131rlas\u0131n. Say\u0131n Yusuf Tekin de do\u011fru olan\u0131 yaps\u0131n. Son s\u0131navda yeterli puan ald\u0131\u011f\u0131 halde m\u00fclakatta s\u0131ras\u0131 de\u011fi\u015ftirilen ki\u015filer, katmerli olarak ma\u011fdur edildi\u201d de\u011ferlendirmesinde bulundu.<\/p>\n\n\n\n<p><strong>EKMEN\u2019DEN YAPILANDIRMA \u00c7A\u011eRISI<\/strong><\/p>\n\n\n\n<p>Ekmen, ayr\u0131ca \u00f6\u011fretmenlik mesle\u011finin yenilik\u00e7ilik\/de\u011fi\u015fimcilik, b\u00fct\u00fcnle\u015ftiricilik ve geli\u015fimcilik temelleri \u00fczerinde yap\u0131land\u0131r\u0131lmas\u0131 gerekti\u011fine dikkat \u00e7ekti.&nbsp;<\/p>\n\n\n\n<p>Ekmen, \u00f6nerilerini madde madde a\u00e7\u0131klad\u0131;<\/p>\n\n\n\n<p>1-\u00d6\u011fretmen yeti\u015ftiren \u201ce\u011fitim fak\u00fclteleri tez elden ya yeniden yap\u0131land\u0131r\u0131lmal\u0131, ya da bu fak\u00fclteler Y\u00d6K\u2019\u00fcn tahakk\u00fcm\u00fcnden kurtar\u0131lmal\u0131d\u0131r. \u00d6\u011fretmen yeti\u015ftiren y\u00fcksek \u00f6\u011fretim kurumlar\u0131 Milli E\u011fitim Bakanl\u0131\u011f\u0131yla yeniden ili\u015fkilendirilmelidir.&nbsp;<\/p>\n\n\n\n<p>2-\u00d6\u011fretmenlerin \u201cpedagojik formasyon\u201d almalar\u0131n\u0131 ve \u00f6\u011fretmenlerin yeniliklere adapte olacak, meslek i\u00e7inde ve d\u0131\u015f\u0131nda yeti\u015fmelerini sa\u011flayacak e\u011fitim faaliyetlerini d\u00fczenleyecek \u201cMilli E\u011fitim Akademisi\u2019\u2019 i\u015flevsel hale gelmelidir.&nbsp;<\/p>\n\n\n\n<p>3-\u00d6\u011fretmenlerin e\u011fitimi, e\u011fitimde ileri \u00fclkelerde oldu\u011fu gibi, uzman olmalar\u0131n\u0131n yolunu a\u00e7an \u201cTezli Y\u00fcksek Lisans\u201d d\u00fczeyine \u00e7\u0131kar\u0131lmal\u0131d\u0131r.&nbsp;<\/p>\n\n\n\n<p>4-Pedagojik formasyonu olmayan \u00f6\u011fretmenler, bu e\u011fitimi almak isterlerse, \u00f6nce kendi alanlar\u0131nda \u201ctezli y\u00fcksek lisans\u201d yapmal\u0131d\u0131rlar. B\u00f6ylece Fen ve Edebiyat Fak\u00fclteleri at\u0131l durumdan kurtulacaklard\u0131r.&nbsp;<\/p>\n\n\n\n<p>5-Bakanl\u0131k bir te\u015fvik program\u0131 haz\u0131rlayarak, \u00f6\u011fretmenlere iki se\u00e7enek sunmal\u0131d\u0131r: a-Meslekte mevcut \u00f6\u011fretmenlere kendi bran\u015flar\u0131nda \u201ctezsiz y\u00fcksek lisans\u0131\u201d zorunlu hale getirilmeli. b-\u00d6\u011fretmen kendi iste\u011fiyle \u201ctezli y\u00fcksek lisans\u201d yaparsa, ayr\u0131ca \u00f6zl\u00fck haklar\u0131nda bir iyile\u015ftime yap\u0131laca\u011f\u0131 mevzuata konulmal\u0131d\u0131r.&nbsp;<\/p>\n\n\n\n<p>6-Bug\u00fcne kadar hep konu\u015fulmu\u015f, ancak yeni hayata ge\u00e7irilmi\u015f \u201c\u00f6\u011fretmenlik meslek kanunu\u201d \u00f6\u011fretmenlerin itibar\u0131n\u0131, sosyal ve mali stat\u00fcs\u00fcn\u00fc iyile\u015ftirecek \u015fekilde uygulanmal\u0131d\u0131r.<\/p>\n\n\n\n<p>7- \u0130darecili\u011fi tercih eden \u00f6\u011fretmenler ile mesle\u011fe devam eden \u00f6\u011fretmenler aras\u0131ndaki, idareciler aleyhine olan maa\u015f ve \u00f6zl\u00fck haklar\u0131 iyile\u015ftirmelidir.&nbsp;<\/p>\n\n\n\n<p>&nbsp;8- Halk e\u011fitim Merkezi\u2019ndeki usta \u00f6\u011freticilerin de \u00f6\u011fretmen oldu\u011fu ger\u00e7e\u011finden hareketle bu y\u0131l tasarruf tedbirinden kaynaklanan ma\u011fduriyetlerine son verilmelidir. Tedrici olarak kadroya ge\u00e7i\u015fleri sa\u011flanmal\u0131d\u0131r.<\/p>\n\n\n\n<p>9- \u00fccretli \u00f6\u011fretmenlik uygulamas\u0131n\u0131 e\u011fitim kalitesini artt\u0131rmak i\u00e7in say\u0131ca azaltmak gerekirken kamunun \u00f6\u011fretmen ihtiyac\u0131 bir an \u00f6nce tamamlanmal\u0131d\u0131r.<\/p>\n\n\n\n<p>10- Okullardaki temizlik\u00e7i ve g\u00fcvenlik\u00e7i ihtiyac\u0131n\u0131n kar\u015f\u0131lanmas\u0131n\u0131n \u00f6\u011fretmenlerinin ger\u00e7ekten i\u015flerine yo\u011funla\u015fmas\u0131 i\u00e7in \u00f6nemli bir ara\u00e7 oldu\u011fu unutulmamal\u0131d\u0131r.&nbsp;<\/p>\n\n\n\n<p>11- t\u00fcrl\u00fc t\u00fcrl\u00fc ba\u011f\u0131ml\u0131l\u0131\u011f\u0131n yayg\u0131nla\u015ft\u0131\u011f\u0131 bir d\u00f6nemde okullardaki psikolog, sosyolog ve rehber \u00f6\u011fretmenlerin eksiksiz bir \u015fekilde tamamlanmas\u0131 hem \u00e7ocuklerimizi zararl\u0131 al\u0131\u015fkanl\u0131klardan koruyacak hem de e\u011fitim kalitesini&nbsp;art\u0131racakt\u0131r.<\/p>\n","protected":false},"excerpt":{"rendered":"<p>DEVA Partisi Genel Ba\u015fkan Yard\u0131mc\u0131s\u0131 Mehmet Emin Ekmen, \u201824 Kas\u0131m \u00d6\u011fretmenler G\u00fcn\u00fc\u2019 dolay\u0131s\u0131yla yapt\u0131\u011f\u0131 a\u00e7\u0131klamada, Cumhurba\u015fkan\u0131 Erdo\u011fan&#8217;\u0131n se\u00e7im \u00f6ncesi \u2018m\u00fclakatlar\u0131 kald\u0131raca\u011f\u0131z\u2019 \u00e7a\u011fr\u0131s\u0131n\u0131 hat\u0131rlatt\u0131.&nbsp; T\u00fcm \u00f6\u011fretmenlerin 24 Kas\u0131m \u00d6\u011fretmenler G\u00fcn\u00fc\u2019n\u00fc kutlayan Ekmen, m\u00fclakat sisteminin kald\u0131r\u0131lmas\u0131n\u0131n gerekti\u011fini vurgulad\u0131. E\u011fitimde hedefin iyi insan yeti\u015ftirmek oldu\u011funu dile getiren Ekmen, \u201cE\u011fitime yap\u0131lacak en iyi yat\u0131r\u0131m, iyi \u00f6\u011fretmen yeti\u015ftirmekle olur. Zira [&hellip;]<\/p>\n","protected":false},"author":2,"featured_media":37213,"comment_status":"closed","ping_status":"closed","sticky":false,"template":"","format":"standard","meta":{"footnotes":""},"categories":[3,5],"tags":[],"class_list":["post-37212","post","type-post","status-publish","format-standard","has-post-thumbnail","hentry","category-manset","category-mersin"],"views":2,"_links":{"self":[{"href":"https:\/\/mersinkadingazetesi.com\/index.php?rest_route=\/wp\/v2\/posts\/37212"}],"collection":[{"href":"https:\/\/mersinkadingazetesi.com\/index.php?rest_route=\/wp\/v2\/posts"}],"about":[{"href":"https:\/\/mersinkadingazetesi.com\/index.php?rest_route=\/wp\/v2\/types\/post"}],"author":[{"embeddable":true,"href":"https:\/\/mersinkadingazetesi.com\/index.php?rest_route=\/wp\/v2\/users\/2"}],"replies":[{"embeddable":true,"href":"https:\/\/mersinkadingazetesi.com\/index.php?rest_route=%2Fwp%2Fv2%2Fcomments&post=37212"}],"version-history":[{"count":1,"href":"https:\/\/mersinkadingazetesi.com\/index.php?rest_route=\/wp\/v2\/posts\/37212\/revisions"}],"predecessor-version":[{"id":37214,"href":"https:\/\/mersinkadingazetesi.com\/index.php?rest_route=\/wp\/v2\/posts\/37212\/revisions\/37214"}],"wp:featuredmedia":[{"embeddable":true,"href":"https:\/\/mersinkadingazetesi.com\/index.php?rest_route=\/wp\/v2\/media\/37213"}],"wp:attachment":[{"href":"https:\/\/mersinkadingazetesi.com\/index.php?rest_route=%2Fwp%2Fv2%2Fmedia&parent=37212"}],"wp:term":[{"taxonomy":"category","embeddable":true,"href":"https:\/\/mersinkadingazetesi.com\/index.php?rest_route=%2Fwp%2Fv2%2Fcategories&post=37212"},{"taxonomy":"post_tag","embeddable":true,"href":"https:\/\/mersinkadingazetesi.com\/index.php?rest_route=%2Fwp%2Fv2%2Ftags&post=37212"}],"curies":[{"name":"wp","href":"https:\/\/api.w.org\/{rel}","templated":true}]}}