{"id":37222,"date":"2024-11-24T17:28:06","date_gmt":"2024-11-24T14:28:06","guid":{"rendered":"https:\/\/mersinkadingazetesi.com\/?p=37222"},"modified":"2024-11-24T17:28:07","modified_gmt":"2024-11-24T14:28:07","slug":"mersin-buyuksehir-kadinlara-yonelik-calismalarla-sosyal-adalet-ve-esitlikte-fark-yaratiyor","status":"publish","type":"post","link":"https:\/\/mersinkadingazetesi.com\/?p=37222","title":{"rendered":"MERS\u0130N B\u00dcY\u00dcK\u015eEH\u0130R, KADINLARA Y\u00d6NEL\u0130K \u00c7ALI\u015eMALARLA\u00a0SOSYAL ADALET VE E\u015e\u0130TL\u0130KTE FARK YARATIYOR"},"content":{"rendered":"\n<figure class=\"wp-block-image size-full\"><img loading=\"lazy\" decoding=\"async\" width=\"1250\" height=\"833\" src=\"https:\/\/mersinkadingazetesi.com\/wp-content\/uploads\/2024\/11\/39727320240812083710-1.jpg\" alt=\"\" class=\"wp-image-37228\" srcset=\"https:\/\/mersinkadingazetesi.com\/wp-content\/uploads\/2024\/11\/39727320240812083710-1.jpg 1250w, https:\/\/mersinkadingazetesi.com\/wp-content\/uploads\/2024\/11\/39727320240812083710-1-540x360.jpg 540w, https:\/\/mersinkadingazetesi.com\/wp-content\/uploads\/2024\/11\/39727320240812083710-1-272x182.jpg 272w\" sizes=\"(max-width: 1250px) 100vw, 1250px\" \/><\/figure>\n\n\n\n<p>Mersin B\u00fcy\u00fck\u015fehir Belediyesi, kad\u0131nlar\u0131n ekonomik ve sosyal alanlarda g\u00fc\u00e7lenmelerini desteklemek i\u00e7in projeler geli\u015ftirmeye devam ediyor. Kad\u0131n istihdam\u0131n\u0131 art\u0131rmaya y\u00f6nelik ad\u0131mlar atan, \u015fiddetle m\u00fccadeleye y\u00f6nelik destek hizmetleri sunan ve k\u0131rsalda ya\u015fayan k\u0131z \u00e7ocuklar\u0131n\u0131n e\u011fitimine katk\u0131 sa\u011flayan B\u00fcy\u00fck\u015fehir, toplumsal cinsiyet e\u015fitli\u011fi konusunda \u00f6rnek bir yakla\u015f\u0131m sergiliyor. B\u00fcy\u00fck\u015fehir, e\u015fitlik\u00e7i bir y\u00f6netim anlay\u0131\u015f\u0131 ve kad\u0131nlara ya\u015famlar\u0131n\u0131 her y\u00f6n\u00fcnde destek olmay\u0131 hedefleyen projelerle, Mersin\u2019de \u00f6nemli bir de\u011fi\u015fim yarat\u0131yor.<\/p>\n\n\n\n<p>Mersin B\u00fcy\u00fck\u015fehir Belediyesi, Ba\u015fkan Vahap Se\u00e7er\u2019in \u00f6nc\u00fcl\u00fc\u011f\u00fcnde kad\u0131nlar\u0131n hayatlar\u0131n\u0131 her y\u00f6n\u00fcyle desteklemeye y\u00f6nelik kapsaml\u0131 bir vizyon ortaya koyuyor. B\u00fcy\u00fck\u015fehir sayesinde kad\u0131nlar\u0131n ekonomik, sosyal, e\u011fitim ve sa\u011fl\u0131k alanlar\u0131nda g\u00fc\u00e7lenmesine y\u00f6nelik projelerden k\u0131rsalda ya\u015fayan k\u0131z \u00e7ocuklar\u0131 i\u00e7in hayata ge\u00e7irilen \u00f6rnek \u00e7al\u0131\u015fmalara kadar pek \u00e7ok yenilik\u00e7i ad\u0131m at\u0131l\u0131yor. &nbsp;<\/p>\n\n\n\n<p>T\u00fcrkiye\u2019nin ilk Kad\u0131n ve Aile Hizmetleri Dairesi\u2019ni kurarak toplumsal cinsiyet e\u015fitli\u011finde \u00f6nc\u00fc olan B\u00fcy\u00fck\u015fehir, Yerel E\u015fitlik Eylem Plan\u0131 ile bu hedefi kurumsal bir zemine ta\u015f\u0131yor. Kad\u0131n \u00e7al\u0131\u015fan oran\u0131n\u0131 art\u0131rma, \u00fcretici kad\u0131n stantlar\u0131, Kad\u0131n Dan\u0131\u015fma Merkezleri ve \u015fiddetle m\u00fccadeleye y\u00f6nelik s\u00f6zle\u015fme maddeleri gibi \u00e7al\u0131\u015fmalar, belediyenin kad\u0131n haklar\u0131 konusundaki net duru\u015funu g\u00f6zler \u00f6n\u00fcne seriyor. &nbsp;<\/p>\n\n\n\n<p>E\u011fitimden spora, istihdamdan kre\u015f hizmetlerine kadar her alanda e\u015fitlik\u00e7i ve kapsay\u0131c\u0131 bir y\u00f6netim anlay\u0131\u015f\u0131 benimseyen Mersin B\u00fcy\u00fck\u015fehir Belediyesi, kad\u0131nlar\u0131n ve toplumun her kesiminin yan\u0131nda olmaya devam ediyor. Bu vizyoner yakla\u015f\u0131m, Mersin\u2019i sadece bir \u015fehir de\u011fil, sosyal adalet ve f\u0131rsat e\u015fitli\u011finde bir model haline getiriyor.<\/p>\n\n\n\n<p>Mersin B\u00fcy\u00fck\u015fehir\u2019in her biriminde kad\u0131nlar var<\/p>\n\n\n\n<figure class=\"wp-block-image size-full\"><img loading=\"lazy\" decoding=\"async\" width=\"625\" height=\"416\" src=\"https:\/\/mersinkadingazetesi.com\/wp-content\/uploads\/2024\/11\/57305120241014092931-1.jpg\" alt=\"\" class=\"wp-image-37229\" srcset=\"https:\/\/mersinkadingazetesi.com\/wp-content\/uploads\/2024\/11\/57305120241014092931-1.jpg 625w, https:\/\/mersinkadingazetesi.com\/wp-content\/uploads\/2024\/11\/57305120241014092931-1-540x359.jpg 540w, https:\/\/mersinkadingazetesi.com\/wp-content\/uploads\/2024\/11\/57305120241014092931-1-272x182.jpg 272w\" sizes=\"(max-width: 625px) 100vw, 625px\" \/><\/figure>\n\n\n\n<p><\/p>\n\n\n\n<p>Kad\u0131n istihdam\u0131n\u0131 art\u0131rmak i\u00e7in hayata ge\u00e7irdi\u011fi \u00fcretici kad\u0131n stantlar\u0131, kad\u0131n\u0131 \u00f6nceleyen tar\u0131msal destekler, kad\u0131nlara y\u00f6nelik kaynak, s\u0131va, mobilya imalat gibi mesleki kurslar, okuma yazma e\u011fitimleri gibi bir\u00e7ok hizmetin \u00f6nc\u00fcs\u00fc olan B\u00fcy\u00fck\u015fehir, sadece kentte de\u011fil, belediye b\u00fcnyesinde de kad\u0131n istihdam\u0131n\u0131 art\u0131rmaya y\u00f6nelik ad\u0131mlar at\u0131yor. 2019 y\u0131l\u0131nda b\u00fcnyesindeki kad\u0131n \u00e7al\u0131\u015fan oran\u0131n\u0131 art\u0131rarak y\u00fczde 18\u2019den y\u00fczde 25\u2019e \u00e7\u0131karan B\u00fcy\u00fck\u015fehir; muhabirinden temizlik i\u015f\u00e7isine, sanat\u00e7\u0131s\u0131ndan m\u00fchendisine, mimar\u0131ndan itfaiye personeline, zab\u0131ta memurundan y\u00f6neticisine kadar b\u00fcnyesinde \u00e7al\u0131\u015fan binlerce kad\u0131nla Mersin\u2019e hizmet ediyor.<\/p>\n\n\n\n<p>B\u00fcy\u00fck\u015fehir\u2019den kad\u0131n istihdam\u0131n\u0131 art\u0131rmak i\u00e7in kapsaml\u0131 projeler<\/p>\n\n\n\n<p>Kad\u0131nlara gelir kap\u0131lar\u0131n\u0131 aralamak i\u00e7in \u00e7al\u0131\u015fan B\u00fcy\u00fck\u015fehir, Kariyer Merkezi ile binlerce kad\u0131na i\u015f bulma olana\u011f\u0131 sunuyor. Kad\u0131nlar\u0131n i\u015f g\u00fcc\u00fcne kat\u0131l\u0131m\u0131n\u0131 art\u0131rmak i\u00e7in kaynak, s\u0131va, mobilya imalat gibi meslek kurslar\u0131 d\u00fczenleyen B\u00fcy\u00fck\u015fehir, bu sayede kad\u0131nlar\u0131n ekonomik hayata kat\u0131l\u0131m\u0131na olanak sa\u011fl\u0131yor. K\u0131rsal b\u00f6lgelerde kad\u0131nlar\u0131n \u00fcretime kat\u0131lmas\u0131n\u0131 desteklemek amac\u0131yla verilen tar\u0131msal desteklerle, kad\u0131nlar kendi ekonomik ba\u011f\u0131ms\u0131zl\u0131klar\u0131n\u0131 kazan\u0131yor. B\u00fcy\u00fck\u015fehir\u2019in tar\u0131msal kalk\u0131nma projeleri, kad\u0131nlar\u0131n s\u00fcrd\u00fcr\u00fclebilir bir gelecek i\u00e7in daha aktif roller \u00fcstlenmesini sa\u011fl\u0131yor. Mersinden Kad\u0131n Kooperatifi\u2019nin de payda\u015f\u0131 oldu\u011fu \u2018Evimiz At\u00f6lye\u2019 projesi ile de ev ekonomisine katk\u0131 sunan kad\u0131nlar\u0131n emeklerini de\u011ferlendirmeleri i\u00e7in \u00fcretici kad\u0131n stantlar\u0131 kuruluyor. Kad\u0131nlar bu sayede el eme\u011fi \u00fcr\u00fcnlerini do\u011frudan t\u00fcketicilere ula\u015ft\u0131rma f\u0131rsat\u0131 buluyor.<\/p>\n\n\n\n<p>\u00c7ocuk sahibi ve gelir d\u00fczeyi d\u00fc\u015f\u00fck olan kad\u0131nlar i\u00e7in de projeler \u00fcreten B\u00fcy\u00fck\u015fehir\u2019in hizmete a\u00e7t\u0131\u011f\u0131 kre\u015fler sayesinde, \u00e7al\u0131\u015fan kad\u0131nlar \u00e7ocuklar\u0131n\u0131 g\u00fcvenle B\u00fcy\u00fck\u015fehir\u2019e emanet ediyor, bu sayede i\u015f hayat\u0131na kat\u0131l\u0131m sa\u011flayabiliyor.\u00a0<\/p>\n\n\n\n<figure class=\"wp-block-image size-full\"><img loading=\"lazy\" decoding=\"async\" width=\"625\" height=\"416\" src=\"http:\/\/mersinkadingazetesi.com\/wp-content\/uploads\/2024\/11\/1137020241014092926.jpg\" alt=\"\" class=\"wp-image-37227\" srcset=\"https:\/\/mersinkadingazetesi.com\/wp-content\/uploads\/2024\/11\/1137020241014092926.jpg 625w, https:\/\/mersinkadingazetesi.com\/wp-content\/uploads\/2024\/11\/1137020241014092926-540x359.jpg 540w, https:\/\/mersinkadingazetesi.com\/wp-content\/uploads\/2024\/11\/1137020241014092926-272x182.jpg 272w\" sizes=\"(max-width: 625px) 100vw, 625px\" \/><\/figure>\n\n\n\n<p>Mersin B\u00fcy\u00fck\u015fehir kad\u0131nlar\u0131n 7\/24 yan\u0131nda<\/p>\n\n\n\n<p>B\u00fcy\u00fck\u015fehir, kad\u0131nlar\u0131n hayatlar\u0131nda kar\u015f\u0131la\u015fabilecekleri veya kar\u015f\u0131la\u015ft\u0131klar\u0131 sorunlara \u00e7\u00f6z\u00fcm olmak amac\u0131yla farkl\u0131 destek merkezleriyle kad\u0131nlar\u0131n yan\u0131nda oluyor. Kad\u0131n Dan\u0131\u015fma Merkezleri ile \u015fiddet ve istismara u\u011fram\u0131\u015f kad\u0131nlara psikolojik ve hukuki destek sa\u011flan\u0131yor. Kad\u0131n S\u0131\u011f\u0131nma Evi ve Mor Yerle\u015fkeler ise zor durumda olan kad\u0131nlara g\u00fcvenli bir ortam sunuyor, kad\u0131nlar\u0131n yeniden hayata tutunmalar\u0131na yard\u0131mc\u0131 oluyor.<\/p>\n\n\n\n<p>B\u00fcy\u00fck\u015fehir toplumsal cinsiyet e\u015fitli\u011fini s\u00f6zde de\u011fil \u00f6zde benimsiyor<\/p>\n\n\n\n<p>Mersin B\u00fcy\u00fck\u015fehir Belediyesi, kad\u0131nlar ve dezavantajl\u0131 gruplar\u0131n kentsel hizmetlere eri\u015fimini kolayla\u015ft\u0131rarak e\u015fitlik\u00e7i ve kapsay\u0131c\u0131 bir y\u00f6netim anlay\u0131\u015f\u0131 sergiliyor. T\u00fcrkiye\u2019nin ilk Kad\u0131n ve Aile Hizmetleri Dairesi\u2019ni kuran B\u00fcy\u00fck\u015fehir, Yerel E\u015fitlik Eylem Plan\u0131 ile toplumsal cinsiyet e\u015fitli\u011fini her alanda hayata ge\u00e7irmek i\u00e7in \u00e7al\u0131\u015fmalar\u0131n\u0131 s\u00fcrd\u00fcr\u00fcyor. Mersin B\u00fcy\u00fck\u015fehir Belediyesi\u2019nin \u00e7al\u0131\u015fanlar\u0131yla yapt\u0131\u011f\u0131 toplu i\u015f s\u00f6zle\u015fmesinde de dikkat \u00e7eken bir madde yer al\u0131yor. S\u00f6zle\u015fmeye g\u00f6re, e\u015fine \u015fiddet uygulad\u0131\u011f\u0131 tespit edilen \u00e7al\u0131\u015fanlar\u0131n i\u015f akdi feshediliyor. Ba\u015fkan Vahap Se\u00e7er, kararla kad\u0131n haklar\u0131na verdikleri \u00f6nemi vurgularken, belediyenin bu konuda s\u0131f\u0131r tolerans politikas\u0131 izledi\u011fini belirtiyor.<\/p>\n\n\n\n<p>B\u00fcy\u00fck\u015fehir\u2019den K\u0131z \u00c7ocuklar\u0131na Spor ve E\u011fitim Deste\u011fi<\/p>\n\n\n\n<p>Mersin B\u00fcy\u00fck\u015fehir Belediyesi\u2019nin \u2018K\u0131r \u00c7i\u00e7ekleri\u2019 projesi, k\u0131rsalda ya\u015fayan yetenekli k\u0131z \u00e7ocuklar\u0131n\u0131n e\u011fitim ve spor hayat\u0131n\u0131 birle\u015ftiriyor. Ortaokul \u00e7a\u011f\u0131ndaki k\u0131z \u00e7ocuklar\u0131, proje kapsam\u0131nda \u00e7e\u015fitli spor bran\u015flar\u0131nda uzmanla\u015f\u0131rken, gelece\u011fin ba\u015far\u0131l\u0131 kad\u0131n sporcular\u0131 alt yap\u0131da yeti\u015fiyor. Proje, hem e\u011fitim hem de sporda f\u0131rsat e\u015fitli\u011fi sunuyor.<\/p>\n\n\n\n<p>Kad\u0131nlar\u0131n ya\u015famlar\u0131n\u0131 her y\u00f6n\u00fcyle destekleyen bu politikalar, yaln\u0131zca bireylerin de\u011fil, toplumsal kalk\u0131nman\u0131n da \u00f6n\u00fcn\u00fc a\u00e7\u0131yor. Mersin B\u00fcy\u00fck\u015fehir Belediyesi, kad\u0131nlara verdi\u011fi \u00f6nc\u00fc desteklerle \u015fehirde fark yaratmaya devam ediyor.<\/p>\n\n\n\n<figure class=\"wp-block-image size-full\"><img loading=\"lazy\" decoding=\"async\" width=\"625\" height=\"416\" src=\"http:\/\/mersinkadingazetesi.com\/wp-content\/uploads\/2024\/11\/57540920241014092926.jpg\" alt=\"\" class=\"wp-image-37226\" srcset=\"https:\/\/mersinkadingazetesi.com\/wp-content\/uploads\/2024\/11\/57540920241014092926.jpg 625w, https:\/\/mersinkadingazetesi.com\/wp-content\/uploads\/2024\/11\/57540920241014092926-540x359.jpg 540w, https:\/\/mersinkadingazetesi.com\/wp-content\/uploads\/2024\/11\/57540920241014092926-272x182.jpg 272w\" sizes=\"(max-width: 625px) 100vw, 625px\" \/><\/figure>\n","protected":false},"excerpt":{"rendered":"<p>Mersin B\u00fcy\u00fck\u015fehir Belediyesi, kad\u0131nlar\u0131n ekonomik ve sosyal alanlarda g\u00fc\u00e7lenmelerini desteklemek i\u00e7in projeler geli\u015ftirmeye devam ediyor. Kad\u0131n istihdam\u0131n\u0131 art\u0131rmaya y\u00f6nelik ad\u0131mlar atan, \u015fiddetle m\u00fccadeleye y\u00f6nelik destek hizmetleri sunan ve k\u0131rsalda ya\u015fayan k\u0131z \u00e7ocuklar\u0131n\u0131n e\u011fitimine katk\u0131 sa\u011flayan B\u00fcy\u00fck\u015fehir, toplumsal cinsiyet e\u015fitli\u011fi konusunda \u00f6rnek bir yakla\u015f\u0131m sergiliyor. B\u00fcy\u00fck\u015fehir, e\u015fitlik\u00e7i bir y\u00f6netim anlay\u0131\u015f\u0131 ve kad\u0131nlara ya\u015famlar\u0131n\u0131 her y\u00f6n\u00fcnde destek [&hellip;]<\/p>\n","protected":false},"author":2,"featured_media":37225,"comment_status":"closed","ping_status":"closed","sticky":false,"template":"","format":"standard","meta":{"footnotes":""},"categories":[34,3],"tags":[],"class_list":["post-37222","post","type-post","status-publish","format-standard","has-post-thumbnail","hentry","category-flas-haber","category-manset"],"views":4,"_links":{"self":[{"href":"https:\/\/mersinkadingazetesi.com\/index.php?rest_route=\/wp\/v2\/posts\/37222"}],"collection":[{"href":"https:\/\/mersinkadingazetesi.com\/index.php?rest_route=\/wp\/v2\/posts"}],"about":[{"href":"https:\/\/mersinkadingazetesi.com\/index.php?rest_route=\/wp\/v2\/types\/post"}],"author":[{"embeddable":true,"href":"https:\/\/mersinkadingazetesi.com\/index.php?rest_route=\/wp\/v2\/users\/2"}],"replies":[{"embeddable":true,"href":"https:\/\/mersinkadingazetesi.com\/index.php?rest_route=%2Fwp%2Fv2%2Fcomments&post=37222"}],"version-history":[{"count":1,"href":"https:\/\/mersinkadingazetesi.com\/index.php?rest_route=\/wp\/v2\/posts\/37222\/revisions"}],"predecessor-version":[{"id":37230,"href":"https:\/\/mersinkadingazetesi.com\/index.php?rest_route=\/wp\/v2\/posts\/37222\/revisions\/37230"}],"wp:featuredmedia":[{"embeddable":true,"href":"https:\/\/mersinkadingazetesi.com\/index.php?rest_route=\/wp\/v2\/media\/37225"}],"wp:attachment":[{"href":"https:\/\/mersinkadingazetesi.com\/index.php?rest_route=%2Fwp%2Fv2%2Fmedia&parent=37222"}],"wp:term":[{"taxonomy":"category","embeddable":true,"href":"https:\/\/mersinkadingazetesi.com\/index.php?rest_route=%2Fwp%2Fv2%2Fcategories&post=37222"},{"taxonomy":"post_tag","embeddable":true,"href":"https:\/\/mersinkadingazetesi.com\/index.php?rest_route=%2Fwp%2Fv2%2Ftags&post=37222"}],"curies":[{"name":"wp","href":"https:\/\/api.w.org\/{rel}","templated":true}]}}