{"id":37231,"date":"2024-11-24T17:31:25","date_gmt":"2024-11-24T14:31:25","guid":{"rendered":"https:\/\/mersinkadingazetesi.com\/?p=37231"},"modified":"2024-11-24T17:31:26","modified_gmt":"2024-11-24T14:31:26","slug":"kadin-erkek-esitligi-mucadelesinde-kadinlarin-yanindayiz","status":"publish","type":"post","link":"https:\/\/mersinkadingazetesi.com\/?p=37231","title":{"rendered":"\u2018KADIN-ERKEK E\u015e\u0130TL\u0130\u011e\u0130 M\u00dcCADELES\u0130NDE\u00a0KADINLARIN YANINDAYIZ\u2019"},"content":{"rendered":"\n<figure class=\"wp-block-image size-full\"><img loading=\"lazy\" decoding=\"async\" width=\"2560\" height=\"1707\" src=\"http:\/\/mersinkadingazetesi.com\/wp-content\/uploads\/2024\/11\/akdeniz-belediye-meclis-toplantisi-4-scaled.jpg\" alt=\"\" class=\"wp-image-37233\" srcset=\"https:\/\/mersinkadingazetesi.com\/wp-content\/uploads\/2024\/11\/akdeniz-belediye-meclis-toplantisi-4-scaled.jpg 2560w, https:\/\/mersinkadingazetesi.com\/wp-content\/uploads\/2024\/11\/akdeniz-belediye-meclis-toplantisi-4-540x360.jpg 540w, https:\/\/mersinkadingazetesi.com\/wp-content\/uploads\/2024\/11\/akdeniz-belediye-meclis-toplantisi-4-272x182.jpg 272w\" sizes=\"(max-width: 2560px) 100vw, 2560px\" \/><\/figure>\n\n\n\n<p>Turgut Reis Mahallesi K\u00fclt\u00fcr ve Sanat Evi y\u0131lsonu etkinli\u011fine kat\u0131lan Akdeniz Belediyesi E\u015f Ba\u015fkan\u0131 Ho\u015fyar Sar\u0131y\u0131ld\u0131z; \u201cKad\u0131n ve erkek e\u015fitli\u011finin hayat\u0131n her alan\u0131nda sa\u011flanmas\u0131, toplumsal cinsiyet bilincinin olu\u015fmas\u0131 i\u00e7in kararl\u0131l\u0131kla \u00e7al\u0131\u015fmaya devam edece\u011fiz. S\u0131n\u0131rlar\u0131m\u0131z i\u00e7inde olsun olmas\u0131n, her kad\u0131n platformu ve her kad\u0131n yap\u0131s\u0131na destek sunaca\u011f\u0131z\u201d dedi.<\/p>\n\n\n\n<p>K\u00fclt\u00fcr ve Sosyal \u0130\u015fler M\u00fcd\u00fcrl\u00fc\u011f\u00fc\u2019ne ba\u011fl\u0131 Turgut Reis Mahallesi K\u00fclt\u00fcr ve Sanat Evi\u2019nde y\u0131lsonu etkinli\u011fi d\u00fczenlendi. Bulu\u015fmaya Akdeniz Belediyesi E\u015f Ba\u015fkan\u0131 Ho\u015fyar Sar\u0131y\u0131ld\u0131z\u2019\u0131n yan\u0131 s\u0131ra, Meclis \u00fcyeleri, Abdussemet O\u011fuz ve Mehmet Ayd\u0131n K\u0131l\u0131\u00e7, \u00d6zel Kalem M\u00fcd\u00fcr\u00fc Yusuf Kal\u0131n, K\u00fclt\u00fcr ve Sosyal \u0130\u015fler M\u00fcd\u00fcr\u00fc Sira\u00e7 \u00c7al\u0131k, Akdeniz Halk E\u011fitim Merkezi M\u00fcd\u00fcrl\u00fc\u011f\u00fc yetkileri, usta \u00f6\u011freticiler ile kursiyerler kat\u0131ld\u0131. Mahalle sakinlerinin Roman havalar\u0131yla kar\u015f\u0131lad\u0131\u011f\u0131 E\u015f Ba\u015fkan Sar\u0131y\u0131ld\u0131z, kursiyerlerin defile ve spor g\u00f6sterisinin ard\u0131ndan stantlar\u0131 gezerek, kursiyer kad\u0131nlar\u0131n \u00fcretti\u011fi birbirinden farkl\u0131 k\u0131yafetleri be\u011feniyle inceledi.<\/p>\n\n\n\n<p>\u201c\u00dclkemizin ve kentimizin sahip oldu\u011fu t\u00fcm renkleri ya\u015fat\u0131yoruz\u201d<\/p>\n\n\n\n<p>T\u00fcrkiye\u2019nin t\u00fcm renkleri ve k\u00fclt\u00fcrlerinin Mersin ve Akdeniz\u2019de ya\u015fad\u0131\u011f\u0131n\u0131 dile getiren E\u015f Ba\u015fkan Sar\u0131y\u0131ld\u0131z; \u201cElbette bizlerin de b\u00fct\u00fcn bu renkleri yans\u0131tacak ve ya\u015fatacak kurs ve e\u011fitimlere ihtiyac\u0131m\u0131z var. Mahallemizdeki kurs merkezinde her dilden, her renk, inan\u00e7 ve k\u00fclt\u00fcrden insan\u0131m\u0131z var. Dolay\u0131s\u0131yla buras\u0131 bizim i\u00e7in ayr\u0131ca bir \u00f6neme sahip. T\u0131pk\u0131 burada oldu\u011fu gibi, kad\u0131n &#8211; erkek e\u015fitli\u011finin hayat\u0131n her alan\u0131nda sa\u011flanmas\u0131, toplumsal cinsiyet bilincinin olu\u015fmas\u0131 i\u00e7in \u00e7al\u0131\u015fmaya devam edece\u011fiz. S\u0131n\u0131rlar\u0131m\u0131z i\u00e7inde olsun olmas\u0131n, platformu ve her kad\u0131n yap\u0131lar\u0131na desteklerimizi sunaca\u011f\u0131z\u201d ifadelerini kulland\u0131.<\/p>\n\n\n\n<p>\u201cKad\u0131nlara y\u00f6nelik pozitif ayr\u0131mc\u0131l\u0131kla hareket&nbsp;<\/p>\n\n\n\n<p>ediyoruz\u201d<\/p>\n\n\n\n<figure class=\"wp-block-image size-full\"><img loading=\"lazy\" decoding=\"async\" width=\"2560\" height=\"1715\" src=\"http:\/\/mersinkadingazetesi.com\/wp-content\/uploads\/2024\/11\/akdeniz-belediye-meclis-toplantisi-1-scaled.jpg\" alt=\"\" class=\"wp-image-37235\" srcset=\"https:\/\/mersinkadingazetesi.com\/wp-content\/uploads\/2024\/11\/akdeniz-belediye-meclis-toplantisi-1-scaled.jpg 2560w, https:\/\/mersinkadingazetesi.com\/wp-content\/uploads\/2024\/11\/akdeniz-belediye-meclis-toplantisi-1-540x362.jpg 540w, https:\/\/mersinkadingazetesi.com\/wp-content\/uploads\/2024\/11\/akdeniz-belediye-meclis-toplantisi-1-272x182.jpg 272w\" sizes=\"(max-width: 2560px) 100vw, 2560px\" \/><\/figure>\n\n\n\n<p>Merhum Ozan Ne\u015fet Erta\u015f\u2019\u0131n; \u201cKad\u0131n insand\u0131r, biz ise insano\u011flu\u201d s\u00f6z\u00fcn\u00fc hat\u0131rlatan E\u015f Ba\u015fkan Sar\u0131y\u0131ld\u0131z; \u201cBu anlamda, toplumu var edenin kad\u0131nlar oldu\u011funu bilen bir noktadan, ama ayn\u0131 \u015fekilde pozitif ayr\u0131mc\u0131l\u0131k prati\u011fi i\u00e7erisinde de \u00fczerimize d\u00fc\u015fen ne ise yapaca\u011f\u0131z. Kad\u0131nlar\u0131n gayret ve katk\u0131lar\u0131 ile \u00f6n\u00fcm\u00fczdeki s\u00fcre\u00e7lerde daha b\u00fcy\u00fck projeleri ya\u015fama ge\u00e7irece\u011fiz. Bug\u00fcn sergilenen eserlerin ortaya \u00e7\u0131kmas\u0131nda emek veren hocalar\u0131m\u0131za, kursiyerlerimize ve halk e\u011fitim merkezi m\u00fcd\u00fcrl\u00fc\u011f\u00fcm\u00fcze te\u015fekk\u00fcr ediyorum\u201d diye konu\u015ftu.<\/p>\n\n\n\n<p>Turgut Reis Mahallesi K\u00fclt\u00fcr ve Sanat Evi\u2019nin y\u0131lsonu etkinli\u011fi, g\u00fcn\u00fcn an\u0131s\u0131na kesilen pastan\u0131n ard\u0131ndan sona erdi.<\/p>\n\n\n\n<p>\u00d6nceki d\u00f6nem Bakanl\u0131\u011fa yap\u0131lan tahsis i\u015flemi Meclis\u2019in oybirli\u011fi karar\u0131yla iptal edildi<\/p>\n\n\n\n<p>Akdeniz Belediye Meclisi\u2019nin ald\u0131\u011f\u0131 kararla; m\u00fclkiyeti belediyeye ait olan Kad\u0131n Konukevi\u2019nin, \u00f6nceki y\u00f6netim d\u00f6neminde Bakanl\u0131\u011fa (Aile ve Sosyal Hizmetler \u0130l M\u00fcd\u00fcrl\u00fc\u011f\u00fc) tahsisini i\u00e7eren 4 Aral\u0131k 2023 tarih ve 131 say\u0131l\u0131 Meclis karar\u0131 iptal edildi. Oybirli\u011fi ile al\u0131nan kararla birlikte kad\u0131n konuk evi binas\u0131 Akdeniz Belediyesi b\u00fcnyesine ge\u00e7ti.<\/p>\n\n\n\n<p>Akdeniz Belediye Meclisi, Temmuz ay\u0131 ikinci birle\u015fim birinci oturumunu, e\u015f ba\u015fkanlar Ho\u015fyar Sar\u0131y\u0131ld\u0131z ve Nuriye Arslan Ba\u015fkanl\u0131\u011f\u0131\u2019nda ger\u00e7ekle\u015ftirdi. Yoklama, Sayg\u0131 Duru\u015fu ve \u0130stiklal Mar\u015f\u0131 ile ba\u015flayan toplant\u0131, bir \u00f6nceki birle\u015fim tutanak \u00f6zetini kabul\u00fc ile s\u00fcrd\u00fc. Toplant\u0131da, \u00f6nceki y\u00f6netim d\u00f6neminde al\u0131nan Meclis karar\u0131 ile Aile ve Sosyal Hizmetler M\u00fcd\u00fcrl\u00fc\u011f\u00fc\u2019ne (Bakanl\u0131k) tahsisi yap\u0131lan, m\u00fclkiyeti Akdeniz Belediyesi\u2019ne ait olan Kad\u0131n Konuk Evi ile ilgili tahsis i\u015fleminin iptaline ili\u015fkin g\u00fcndem maddesi g\u00f6r\u00fc\u015f\u00fcld\u00fc. Tahsisin iptali hakk\u0131nda komisyonlardan oybirli\u011fi ile gelen kararla birlikte, belediyenin \u00f6nceki y\u0131llarda in\u015fa etti\u011fi Kad\u0131n Konuk Evi binas\u0131n\u0131n Akdeniz Belediyesi b\u00fcnyesine kat\u0131l\u0131m\u0131 ger\u00e7ekle\u015fti.<\/p>\n\n\n\n<p>\u201cTahsis i\u015fleminin yanl\u0131\u015f oldu\u011funu ge\u00e7en d\u00f6nem de s\u00f6yledik\u201d<\/p>\n\n\n\n<p>Meclis \u00fcyelerinin konu hakk\u0131ndaki ele\u015ftiri ve tart\u0131\u015fmalar\u0131 \u00fczerine s\u00f6z alan ve \u00f6nceki d\u00f6nemde de Meclis \u00fcyesi olan E\u015f Ba\u015fkan Nuriye Arslan; tahsis iptalinin Meclis \u00fcyelerinin oybirli\u011fi ile al\u0131nmas\u0131 nedeniyle te\u015fekk\u00fcr etti. Arslan; \u201cO d\u00f6nemde de bizler y\u00f6ntemin do\u011fru olmad\u0131\u011f\u0131na dair burada tart\u0131\u015fmalar yapm\u0131\u015ft\u0131k. Bu tahsis i\u015flemi ger\u00e7ekten do\u011fru de\u011fildi. Hem belediye mevzuat\u0131na hem de belediye yasalar\u0131na uygun de\u011fildi. \u00c7\u00fcnk\u00fc yasa a\u00e7\u0131k; Yasa diyor ki; \u2018100 binin \u00fczerinde n\u00fcfusu olan yerle\u015fim yerlerinde s\u0131\u011f\u0131nma evinin olmas\u0131 zorunludur.\u2019 Biz, y\u00f6ntemsel olarak da eksikli\u011fe d\u00fc\u015ft\u00fc\u011f\u00fcm\u00fcz\u00fc o zaman tart\u0131\u015fm\u0131\u015ft\u0131k. Ama \u00f6nemli olan bu binay\u0131 tekrar belediyemizin b\u00fcnyesine almak\u201d dedi.<\/p>\n\n\n\n<p>\u201cKad\u0131n cinayetleri ve \u015fiddet vakalar\u0131nda korkun\u00e7 bir&nbsp;<\/p>\n\n\n\n<p>art\u0131\u015f var\u201d<\/p>\n\n\n\n<figure class=\"wp-block-image size-full\"><img loading=\"lazy\" decoding=\"async\" width=\"1600\" height=\"1066\" src=\"http:\/\/mersinkadingazetesi.com\/wp-content\/uploads\/2024\/11\/turgut-reis-kultur-sanat-evi-3.jpg\" alt=\"\" class=\"wp-image-37236\" srcset=\"https:\/\/mersinkadingazetesi.com\/wp-content\/uploads\/2024\/11\/turgut-reis-kultur-sanat-evi-3.jpg 1600w, https:\/\/mersinkadingazetesi.com\/wp-content\/uploads\/2024\/11\/turgut-reis-kultur-sanat-evi-3-540x360.jpg 540w, https:\/\/mersinkadingazetesi.com\/wp-content\/uploads\/2024\/11\/turgut-reis-kultur-sanat-evi-3-272x182.jpg 272w\" sizes=\"(max-width: 1600px) 100vw, 1600px\" \/><\/figure>\n\n\n\n<p>S\u00f6zlerini, \u201cG\u00f6n\u00fcl isterdi ki b\u00f6yle bir yeri a\u00e7maya gerek olmasayd\u0131, g\u00f6n\u00fcl isterdi ki \u00fclkemizde kad\u0131na y\u00f6nelik \u015fiddet olmas\u0131n. Kad\u0131n cinayetlerinin olmad\u0131\u011f\u0131 bir \u00fclkeye sahip olmak isterdik\u201d diyerek s\u00fcrd\u00fcren E\u015f Ba\u015fkan Arslan; \u201cAma g\u00fcn ge\u00e7miyor ki \u00fclkemizde 2-3 kad\u0131n cinayeti duyuyoruz. Ge\u00e7ti\u011fimiz aylarda kad\u0131n platformlar\u0131n\u0131n yapt\u0131\u011f\u0131 ara\u015ft\u0131rmalara g\u00f6re kad\u0131n cinayetleri ve kad\u0131na y\u00f6nelik \u015fiddet vakalar\u0131 korkun\u00e7 seviyelere ula\u015fm\u0131\u015f. Fikri ve siyasi olarak kad\u0131na y\u00f6nelik \u015fiddete kar\u015f\u0131 oldu\u011fumuzu herkes \u00e7ok iyi bilir. Tabi kad\u0131n konuk evinin, belediyemiz b\u00fcnyesine al\u0131nmas\u0131 elimizi g\u00fc\u00e7lendirecektir. Bu s\u00fcreci de yine hep birlikte y\u00fcr\u00fctece\u011fiz. Kad\u0131nlara y\u00f6nelik \u015fiddete kar\u015f\u0131 sadece kad\u0131nlar durmayacak. Toplumsal cinsiyet bilincini olu\u015fturmam\u0131z ve geli\u015ftirmemiz de gerekiyor\u201d ifadele-rini kulland\u0131.<\/p>\n\n\n\n<p>\u201cHer mecliste \u00f6nceki y\u00f6netimin g\u00fcndeme gelmesi do\u011fru de\u011fil\u201d<\/p>\n\n\n\n<p>E\u015f Ba\u015fkan\u0131 Ho\u015fyar Sar\u0131y\u0131ld\u0131z ise,&nbsp; Meclis \u00fcyelerinin \u00f6nceki d\u00f6neme ili\u015fkin baz\u0131 ele\u015ftirileri \u00fczerine bir de\u011ferlendirme yapt\u0131. Sar\u0131y\u0131ld\u0131z; \u201c\u00d6nceki d\u00f6nemin kimi icraatlar\u0131n\u0131n her Meclis toplant\u0131m\u0131zda g\u00fcndeme gelme-si veya tart\u0131\u015f\u0131lmas\u0131 do\u011fru de\u011fil. \u2018\u00d6n\u00fcm\u00fczdeki s\u00fcre\u00e7te nas\u0131l daha iyi yapar\u0131z\u2019 konusunu konu\u015ftu\u011fumuz; \u00f6rne\u011fin kad\u0131n konuk evini nas\u0131l halk\u0131m\u0131z\u0131n hizmetine kazand\u0131r\u0131labilece\u011fimizi yahut buras\u0131 i\u00e7in nas\u0131l bir ek b\u00fct\u00e7e, destek olu\u015fturabilece\u011fimizi tart\u0131\u015fal\u0131m. \u00d6zellikle bu tarz konulara olumlu pencereden bakarsak e\u011fer, Meclisimiz daha sa\u011fl\u0131kl\u0131 i\u015fler ve koordineli \u015fekilde y\u00fcr\u00fcr bir hale gelir. Komisyon \u00e7al\u0131\u015fmalar\u0131nda oybirli\u011fi ile al\u0131nan bu karar bizim i\u00e7in ger\u00e7ekten \u00e7ok \u00f6nemli. Meclis toplant\u0131lar\u0131m\u0131z\u0131n bu \u015fekliyle devam\u0131 ayr\u0131ca i\u00e7in \u00e7ok k\u0131ymetli\u201d diye konu\u015ftu.<\/p>\n\n\n\n<p>\u201cDevlet, iktidar ve t\u00fcm Bakanl\u0131klar acilen harekete ge\u00e7meli\u201d<\/p>\n\n\n\n<p>T\u00fcrkiye\u2019de her ge\u00e7en g\u00fcn artan kad\u0131n cinayetlerine dikkat \u00e7eken Akdeniz Belediyesi E\u015f Ba\u015fkan\u0131 Nuriye Arslan; \u201cKad\u0131nlar\u0131n kim taraf\u0131ndan, neden \u00f6ld\u00fcr\u00fcld\u00fc\u011f\u00fc tespit edilmedik\u00e7e; katiller cayd\u0131r\u0131c\u0131 cezalar almad\u0131k\u00e7a ve \u00f6nleyici tedbirler uygulanmad\u0131k\u00e7a, kad\u0131na \u015fiddet artarak s\u00fcrmeye devam ediyor\u201d dedi.<\/p>\n\n\n\n<p>Akdeniz Belediye Meclisi Ekim ay\u0131 toplant\u0131s\u0131nda konu\u015fan E\u015f Ba\u015fkan Nuriye Arslan, son y\u0131llarda T\u00fcrkiye\u2019de h\u0131zla artan kad\u0131n cinayetlerine, kad\u0131na y\u00f6nelik \u015fiddet ve taciz olaylar\u0131ndaki \u00fcrk\u00fct\u00fcc\u00fc y\u00fckseli\u015fe de\u011findi. \u0130ktidar\u0131n; infaz yasalar\u0131nda defalarca kez de\u011fi\u015fiklikler yapt\u0131\u011f\u0131n\u0131 ve bunun da bozulmaya neden oldu\u011funu s\u00f6yleyen Arslan; \u201cBu bozulmadan kaynakl\u0131 bir\u00e7ok su\u00e7lu ve su\u00e7 potansiyeli ta\u015f\u0131yan erkek, ceza almayaca\u011f\u0131 d\u00fc\u015f\u00fcncesiyle cinayet i\u015fledi, taciz giri\u015fimlerinde bulundu. Manavgat\u2019ta G\u00fclfer \u00d6te, Didim\u2019de Sibel Ayka, Afyon\u2019da Sat\u0131 Aktan, \u0130stanbul\u2019da \u0130kbal ve Ay\u015fenur k\u0131zlar\u0131m\u0131z, Diyarbak\u0131r, Mersin\u2019de ve Tekirda\u011f\u2019da yine kad\u0131nlar canice katledildi. Ve daha bu sabah gen\u00e7 bir kad\u0131n\u0131n daha katledildi\u011fi haberini ald\u0131k\u201d diye konu\u015ftu.<\/p>\n\n\n\n<p>\u201cKad\u0131n katliamlar\u0131na hep<\/p>\n\n\n\n<p>&nbsp;birlikte dur demeliyiz\u201d<\/p>\n\n\n\n<p>\u201cG\u00fcn ge\u00e7miyor ki \u00fclkemizde bir kad\u0131n\u0131n \u00f6ld\u00fcr\u00fcld\u00fc\u011f\u00fcn\u00fc duymayal\u0131m\u201d diyen E\u015f Ba\u015fkan Arslan; kad\u0131n cinayetlerini durduracak somut \u00e7\u00f6z\u00fcmlerin hayata ge\u00e7irilmesi gerekti\u011fini ve bunun da devletin g\u00f6revi oldu\u011funu vurgulad\u0131. Arslan, s\u00f6zlerini \u015f\u00f6yle s\u00fcrd\u00fcrd\u00fc;&nbsp;<\/p>\n\n\n\n<p>\u201cBu g\u00f6revin yerine getirilmesi i\u00e7in de ilgili t\u00fcm Bakanl\u0131klar\u0131n, t\u00fcm mekanizmalar\u0131n acilen harekete ge\u00e7irilmesi gerekmektedir. Kad\u0131nlar\u0131n kim taraf\u0131ndan, neden \u00f6ld\u00fcr\u00fcld\u00fc\u011f\u00fc tespit edilmedik\u00e7e; adil yarg\u0131lama yap\u0131lmay\u0131p \u015f\u00fcpheliler, san\u0131k ve katiller cayd\u0131r\u0131c\u0131 cezalar almad\u0131k\u00e7a, \u00f6nleyici tedbirler uygulanmad\u0131k\u00e7a kad\u0131na \u015fiddet artarak s\u00fcr\u00fcyor. Yetkililerin, bu konuda acilen gerekli ad\u0131mlar\u0131 atmalar\u0131n\u0131 bekliyoruz. Son olarak, \u2018\u0130stanbul S\u00f6zle\u015fmesi ya\u015fat\u0131r\u2019 diyoruz Art\u0131k yeter! Y\u0131llard\u0131r cezas\u0131zl\u0131k politikas\u0131n\u0131n neden oldu\u011fu ve gittik\u00e7e artan kad\u0131n katliamlar\u0131na hep birlikte dur demeliyiz.\u201d<\/p>\n","protected":false},"excerpt":{"rendered":"<p>Turgut Reis Mahallesi K\u00fclt\u00fcr ve Sanat Evi y\u0131lsonu etkinli\u011fine kat\u0131lan Akdeniz Belediyesi E\u015f Ba\u015fkan\u0131 Ho\u015fyar Sar\u0131y\u0131ld\u0131z; \u201cKad\u0131n ve erkek e\u015fitli\u011finin hayat\u0131n her alan\u0131nda sa\u011flanmas\u0131, toplumsal cinsiyet bilincinin olu\u015fmas\u0131 i\u00e7in kararl\u0131l\u0131kla \u00e7al\u0131\u015fmaya devam edece\u011fiz. S\u0131n\u0131rlar\u0131m\u0131z i\u00e7inde olsun olmas\u0131n, her kad\u0131n platformu ve her kad\u0131n yap\u0131s\u0131na destek sunaca\u011f\u0131z\u201d dedi. K\u00fclt\u00fcr ve Sosyal \u0130\u015fler M\u00fcd\u00fcrl\u00fc\u011f\u00fc\u2019ne ba\u011fl\u0131 Turgut Reis [&hellip;]<\/p>\n","protected":false},"author":2,"featured_media":37232,"comment_status":"closed","ping_status":"closed","sticky":false,"template":"","format":"standard","meta":{"footnotes":""},"categories":[34,3],"tags":[],"class_list":["post-37231","post","type-post","status-publish","format-standard","has-post-thumbnail","hentry","category-flas-haber","category-manset"],"views":4,"_links":{"self":[{"href":"https:\/\/mersinkadingazetesi.com\/index.php?rest_route=\/wp\/v2\/posts\/37231"}],"collection":[{"href":"https:\/\/mersinkadingazetesi.com\/index.php?rest_route=\/wp\/v2\/posts"}],"about":[{"href":"https:\/\/mersinkadingazetesi.com\/index.php?rest_route=\/wp\/v2\/types\/post"}],"author":[{"embeddable":true,"href":"https:\/\/mersinkadingazetesi.com\/index.php?rest_route=\/wp\/v2\/users\/2"}],"replies":[{"embeddable":true,"href":"https:\/\/mersinkadingazetesi.com\/index.php?rest_route=%2Fwp%2Fv2%2Fcomments&post=37231"}],"version-history":[{"count":1,"href":"https:\/\/mersinkadingazetesi.com\/index.php?rest_route=\/wp\/v2\/posts\/37231\/revisions"}],"predecessor-version":[{"id":37237,"href":"https:\/\/mersinkadingazetesi.com\/index.php?rest_route=\/wp\/v2\/posts\/37231\/revisions\/37237"}],"wp:featuredmedia":[{"embeddable":true,"href":"https:\/\/mersinkadingazetesi.com\/index.php?rest_route=\/wp\/v2\/media\/37232"}],"wp:attachment":[{"href":"https:\/\/mersinkadingazetesi.com\/index.php?rest_route=%2Fwp%2Fv2%2Fmedia&parent=37231"}],"wp:term":[{"taxonomy":"category","embeddable":true,"href":"https:\/\/mersinkadingazetesi.com\/index.php?rest_route=%2Fwp%2Fv2%2Fcategories&post=37231"},{"taxonomy":"post_tag","embeddable":true,"href":"https:\/\/mersinkadingazetesi.com\/index.php?rest_route=%2Fwp%2Fv2%2Ftags&post=37231"}],"curies":[{"name":"wp","href":"https:\/\/api.w.org\/{rel}","templated":true}]}}