{"id":37238,"date":"2024-11-24T17:32:45","date_gmt":"2024-11-24T14:32:45","guid":{"rendered":"https:\/\/mersinkadingazetesi.com\/?p=37238"},"modified":"2024-11-24T17:32:46","modified_gmt":"2024-11-24T14:32:46","slug":"baskan-ozyigit-yasamin-her-alaninda-kadinlarin-yanindayiz","status":"publish","type":"post","link":"https:\/\/mersinkadingazetesi.com\/?p=37238","title":{"rendered":"Ba\u015fkan \u00d6zyi\u011fit: \u2018Ya\u015fam\u0131n her alan\u0131nda kad\u0131nlar\u0131n yan\u0131nday\u0131z\u2019"},"content":{"rendered":"\n<p>Mersin Yeni\u015fehir Belediye Ba\u015fkan\u0131 Abdullah \u00d6zyi\u011fit,&nbsp; 25 Kas\u0131m Kad\u0131na Y\u00f6nelik \u015eiddete Kar\u015f\u0131 Uluslararas\u0131 M\u00fccadele G\u00fcn\u00fc\u2019nde Mersin Kad\u0131n Gazetesi\u2019ne konu\u015ftu. Ba\u015fkan Abdullah \u00d6zyi\u011fit, 2019 y\u0131l\u0131ndan g\u00f6reve geldikten sonra Yeni\u015fehir Belediyesi Kad\u0131n ve Aile Hizmetleri M\u00fcd\u00fcrl\u00fc\u011f\u00fcn\u00fc kurduklar\u0131n\u0131 ve kad\u0131nlara y\u00f6nelik bir\u00e7ok \u00e7al\u0131\u015fmay\u0131 hayata ge\u00e7irdikle-rini s\u00f6yledi.&nbsp; Ba\u015fkan \u00d6zyi\u011fit, \u201cKad\u0131n ve Aile Hizmetleri M\u00fcd\u00fcrl\u00fc\u011f\u00fcm\u00fcze ba\u011fl\u0131 olarak faaliyet g\u00f6steren E\u015fitlik Birimimizle, cinsiyet e\u015fitli\u011fini sa\u011flamak amac\u0131yla uygulanacak politika, strateji ve projeleri i\u00e7eren Yerel E\u015fitlik Eylem Plan\u0131\u2019m\u0131z\u0131 da haz\u0131rlad\u0131k.\u201d dedi.<\/p>\n\n\n\n<figure class=\"wp-block-image size-full\"><img loading=\"lazy\" decoding=\"async\" width=\"2000\" height=\"1333\" src=\"http:\/\/mersinkadingazetesi.com\/wp-content\/uploads\/2024\/11\/Baskan-Ozyigit-Yasamin-her-alaninda-kadinlarin-yanindayiz-2.jpg\" alt=\"\" class=\"wp-image-37240\" srcset=\"https:\/\/mersinkadingazetesi.com\/wp-content\/uploads\/2024\/11\/Baskan-Ozyigit-Yasamin-her-alaninda-kadinlarin-yanindayiz-2.jpg 2000w, https:\/\/mersinkadingazetesi.com\/wp-content\/uploads\/2024\/11\/Baskan-Ozyigit-Yasamin-her-alaninda-kadinlarin-yanindayiz-2-540x360.jpg 540w, https:\/\/mersinkadingazetesi.com\/wp-content\/uploads\/2024\/11\/Baskan-Ozyigit-Yasamin-her-alaninda-kadinlarin-yanindayiz-2-272x182.jpg 272w\" sizes=\"(max-width: 2000px) 100vw, 2000px\" \/><\/figure>\n\n\n\n<p>Toplumsal cinsiyet e\u015fitli\u011fi i\u00e7in \u00e7al\u0131\u015ft\u0131klar\u0131 ve ya\u015fam\u0131n her alan\u0131nda kad\u0131nlara destek verdiklerini belirten Yeni\u015fehir Belediye Ba\u015fkan\u0131 Abdullah \u00d6zyi\u011fit, \u201cKad\u0131nlar\u0131n toplumsal, ekonomik ve siyasi ya\u015famda etkin rol \u00fcstlenmeleri, \u00fclkenin geli\u015fmi\u015flik d\u00fczeyinin \u00f6nemli bir belirleyicisidir. Toplumsal cinsiyet e\u015fitli\u011fine dayal\u0131 bir yakla\u015f\u0131m, kad\u0131nlar\u0131n e\u011fitim, istihdam, liderlik gibi alanlarda e\u015fit f\u0131rsatlara sahip olmalar\u0131n\u0131 sa\u011flamak ad\u0131na kritik bir \u00f6neme sahiptir. Kad\u0131nlar\u0131n bu alanlarda g\u00fc\u00e7lenmesi, sadece bireysel bir ba\u015far\u0131 de\u011fil, ayn\u0131 zamanda toplumun ve \u00fclkenin genel kalk\u0131nmas\u0131 i\u00e7in de hayati bir rol oynar. G\u00f6reve geldi\u011fimiz 2019 y\u0131l\u0131nda Yeni\u015fehir Belediyesi Kad\u0131n ve Aile Hizmetleri M\u00fcd\u00fcrl\u00fc\u011f\u00fcm\u00fcz\u00fc kurduk, \u00e7ok de\u011ferli \u00e7al\u0131\u015fmalar\u0131 hayata ge\u00e7irdik. Avrupa Belediyeler ve B\u00f6lgeler Konseyi (CEMR) taraf\u0131ndan ba\u015flat\u0131lan ve ya\u015fam\u0131n her alan\u0131nda kad\u0131n ve erkek e\u015fitli\u011fi i\u00e7in izlenebilecek somut y\u00f6ntemler sunan Avrupa Yerel Ya\u015famda Kad\u0131n \u2013 Erkek E\u015fitli\u011fi \u015eart\u0131\u2019n\u0131 2021 y\u0131l\u0131nda imzalad\u0131k. Mersin\u2019de ilk kez, \u00f6nce kurum personellerimize ve ard\u0131ndan vatanda\u015flar\u0131m\u0131za y\u00f6nelik toplumsal cinsiyet e\u015fitli\u011fi e\u011fitimleri verdik. Kad\u0131n ve Aile Hizmetleri M\u00fcd\u00fcrl\u00fc\u011f\u00fcm\u00fcze ba\u011fl\u0131 olarak faaliyet g\u00f6steren E\u015fitlik Birimimizle, cinsiyet e\u015fitli\u011fini sa\u011flamak amac\u0131yla uygulanacak politika, strateji ve projeleri i\u00e7eren Yerel E\u015fitlik Eylem Plan\u0131m\u0131z\u0131 haz\u0131rlad\u0131k.\u201d \u015feklinde konu\u015ftu.<\/p>\n\n\n\n<p>\u201cBelediyemizdeki 31 m\u00fcd\u00fcr\u00fcm\u00fcz\u00fcn 18\u2019i ve&nbsp;<\/p>\n\n\n\n<p>2 ba\u015fkan yard\u0131mc\u0131m\u0131z kad\u0131n\u201d<\/p>\n\n\n\n<p>Yeni\u015fehir Belediyesi y\u00f6netiminde kad\u0131nlar b\u00fcy\u00fck bir rol oynad\u0131\u011f\u0131na dikkat \u00e7eken \u00d6zyi\u011fit, \u201cBelediyemizdeki 31 m\u00fcd\u00fcr\u00fcm\u00fcz\u00fcn 18\u2019i ve 2 ba\u015fkan yard\u0131mc\u0131m\u0131z kad\u0131n. Sahip olduklar\u0131 uzmanl\u0131k, yetenek ve \u00f6zverileriyle bu g\u00f6revlere geldiler. Bu benim i\u00e7in bir tercih de\u011fil, ba\u015far\u0131lar\u0131n\u0131n bir sonucu. Onlarla birlikte \u00e7al\u0131\u015fmaktan gurur duyuyorum.\u201d&nbsp;<\/p>\n\n\n\n<p>\u201cYeni\u015fehir Belediyesi olarak kad\u0131n eme\u011fini g\u00f6r\u00fcn\u00fcr k\u0131l\u0131yoruz\u201d<\/p>\n\n\n\n<p>Mersin Barosu ile yapt\u0131klar\u0131 i\u015f birli\u011fi ve kad\u0131n eme\u011finin daha g\u00f6r\u00fcn\u00fcr k\u0131l\u0131nmas\u0131 i\u00e7in hayata ge\u00e7irdikleri \u00e7al\u0131\u015fmalar\u0131 payla\u015fan Ba\u015fkan Abdullah \u00d6zyi\u011fit, \u201cMersin Barosu ile ekonomik, fiziksel, cinsel ve psikolojik \u015fiddet t\u00fcrlerine maruz kalan \u00e7ocuk ve kad\u0131nlara hukuki, psikolojik ve sosyal destek verilmesi ile ilgili i\u015f birli\u011fi protokol\u00fcn\u00fc 2022 y\u0131l\u0131nda imzalad\u0131k.&nbsp; Kad\u0131n \u00fcreticilerin eme\u011finin de\u011ferlendirdi\u011fi Pazar&nbsp;<\/p>\n\n\n\n<p>\u00d6tesi Kad\u0131n \u00dcretici Pazar\u0131m\u0131z\u0131 a\u00e7t\u0131k. Kad\u0131nlar bu pazarda el eme\u011fi \u00fcr\u00fcnlerini vatanda\u015flarla bulu\u015fturma f\u0131rsat\u0131 yakal\u0131yor, kad\u0131nlar hem \u00fcretiyor hem de kazan\u0131yorlar. \u00dcreten kad\u0131nlara destek verirken,&nbsp; kad\u0131nlar\u0131 \u00fcretime de te\u015fvik ediyoruz. Yeni\u015fehir Tar\u0131msal Kalk\u0131nma Kooperatifimizde kad\u0131n arkada\u015flar\u0131m\u0131zla \u00e7al\u0131\u015f\u0131yoruz. \u00dcrettikleri \u00fcr\u00fcnleri markala\u015ft\u0131rarak, emeklerinin kar\u015f\u0131l\u0131\u011f\u0131n\u0131 almalar\u0131 noktas\u0131nda yanlar\u0131nda oluyor ve emeklerini g\u00f6r\u00fcn\u00fcr k\u0131l\u0131yoruz. Kad\u0131nlara mesleki e\u011fitim ve beceri kurslar\u0131 vererek, kad\u0131nlar\u0131n gelir getirici faaliyetlerde bulunmalar\u0131 i\u00e7in farkl\u0131 alanlarda bu alanlarda \u00e7e\u015fitli e\u011fitimler vermeye devam ediyoruz. Yine kad\u0131nlar i\u00e7in ki\u015fisel geli\u015fimlerine y\u00f6nelik kurslar\u0131m\u0131zla destekle-rimizi s\u00fcrd\u00fcr\u00fcyoruz.\u201d dedi.<\/p>\n\n\n\n<p>Yapt\u0131klar\u0131 toplu i\u015f s\u00f6zle\u015fmesinde kad\u0131nlar\u0131n ayr\u0131mc\u0131l\u0131\u011fa u\u011framamas\u0131 ve gerekli pozitif ayr\u0131mc\u0131l\u0131k tedbirler ald\u0131klar\u0131n\u0131 ifade eden \u00d6zyi\u011fit, \u201c\u0130mzalad\u0131\u011f\u0131m\u0131z toplu i\u015f s\u00f6zle\u015fmesinde, toplumsal cinsiyet e\u015fitsizli\u011finin giderilmesi, i\u015f yerinde kad\u0131n-erkek e\u015fitli\u011finin sa\u011flanmas\u0131, kad\u0131nlar\u0131n ayr\u0131mc\u0131l\u0131\u011fa u\u011framamas\u0131, &nbsp;<\/p>\n\n\n\n<p>gerekli pozitif ayr\u0131mc\u0131 tedbirlerin al\u0131nmas\u0131n\u0131 ama\u00e7layan \u00e7al\u0131\u015fmalar yapt\u0131k. Yeni\u015fehir Belediyesinde \u00e7al\u0131\u015fan kad\u0131nlar\u0131n 8 Mart D\u00fcnya Kad\u0131nlar G\u00fcn\u00fc ve 25 Kas\u0131m Kad\u0131na Y\u00f6nelik \u015eiddetle M\u00fccadele G\u00fcn\u00fc\u2019nde \u00fccretli izin hakk\u0131 ve de do\u011fum yapan kad\u0131nlar\u0131n bir y\u0131l boyunca g\u00fcnde iki saat bebek emzirme ve bak\u0131m izin hakk\u0131 da var.&nbsp; Sa\u011fl\u0131k alan\u0131nda da kad\u0131nlar\u0131m\u0131z\u0131n yan\u0131nday\u0131z. \u00dccretsiz sa\u011fl\u0131k taramalar\u0131, bilin\u00e7lendirme \u00e7al\u0131\u015fmalar\u0131 ve kad\u0131n sa\u011fl\u0131\u011f\u0131 konusunda seminerler d\u00fczenliyoruz. Kad\u0131n sa\u011fl\u0131\u011f\u0131, \u00fcreme sa\u011fl\u0131\u011f\u0131, aile planlamas\u0131, kad\u0131n hastal\u0131klar\u0131 konular\u0131nda bilin\u00e7lendirici e\u011fitim ve \u00e7al\u0131\u015fmalar yap\u0131yoruz. Bunun yan\u0131 s\u0131ra Yeni\u015fehirli hem\u015fehrilerimize aile ve evlilik hayat\u0131 e\u011fitimleri verilerek, bireylerin aile i\u00e7indeki rollerinin gereklilikleri ve \u00f6zellikle kad\u0131n\u0131n aile i\u00e7indeki \u00f6nemini anlat\u0131yoruz. \u201d ifadelerini kulland\u0131.&nbsp;<\/p>\n\n\n\n<figure class=\"wp-block-image size-full\"><img loading=\"lazy\" decoding=\"async\" width=\"2000\" height=\"1154\" src=\"http:\/\/mersinkadingazetesi.com\/wp-content\/uploads\/2024\/11\/Baskan-Ozyigit-Yasamin-her-alaninda-kadinlarin-yanindayiz-3.jpg\" alt=\"\" class=\"wp-image-37241\" srcset=\"https:\/\/mersinkadingazetesi.com\/wp-content\/uploads\/2024\/11\/Baskan-Ozyigit-Yasamin-her-alaninda-kadinlarin-yanindayiz-3.jpg 2000w, https:\/\/mersinkadingazetesi.com\/wp-content\/uploads\/2024\/11\/Baskan-Ozyigit-Yasamin-her-alaninda-kadinlarin-yanindayiz-3-540x312.jpg 540w\" sizes=\"(max-width: 2000px) 100vw, 2000px\" \/><\/figure>\n\n\n\n<p>\u201cKad\u0131n Dan\u0131\u015fma Merkezi\u2019mizi hayata ge\u00e7irdik\u201d<\/p>\n\n\n\n<p>\u0130stanbul S\u00f6zle\u015fmesi\u2019ni kitap\u00e7\u0131k haline getirerek, yeni evlenen \u00e7iftlere da\u011f\u0131tt\u0131klar\u0131n\u0131 s\u00f6yleyen \u00d6zyi\u011fit, \u201cSadece kad\u0131nlar\u0131n faydalanabilece\u011fi psikososyal destek dahil her alanda kad\u0131nlar\u0131n yan\u0131nda olaca\u011f\u0131m\u0131z Kad\u0131n Dan\u0131\u015fma Merkezi\u2019mizi hayata ge\u00e7irdik.&nbsp; Kad\u0131nlara y\u00f6nelik \u015fiddeti ve cinsiyet e\u015fitsizli\u011fini ortadan kald\u0131rmak amac\u0131yla \u0130stanbul S\u00f6zle\u015fmesi\u2019ni kitap\u00e7\u0131k haline getirerek, yeni evlenen \u00e7iftlere verdik.\u201d&nbsp; diye konu\u015ftu.&nbsp;<\/p>\n\n\n\n<p>\u201cKad\u0131na y\u00f6nelik \u015fiddeti&nbsp;<\/p>\n\n\n\n<p>cesaretlendiren hi\u00e7bir giri\u015fimin taraf\u0131nda yer almayaca\u011f\u0131z ve buna da izin vermeyece\u011fiz\u201d<\/p>\n\n\n\n<p>\u201cYeni\u015fehir Belediyesi olarak kad\u0131nlara ve \u00e7ocuklara y\u00f6nelik fiziksel, cinsel, psikolojik ve ekonomik her t\u00fcrl\u00fc \u015fiddetin kar\u015f\u0131s\u0131nda y\u0131lmadan duraca\u011f\u0131z\u201d diyen Yeni\u015fehir Belediye Ba\u015fkan\u0131 Abdullah \u00d6zyi\u011fit, \u201c\u00dclkemizde ve t\u00fcm d\u00fcnyada kad\u0131nlar\u0131n ve \u00e7ocuklar\u0131n kar\u015f\u0131 kar\u015f\u0131ya kald\u0131\u011f\u0131 her t\u00fcrl\u00fc \u015fiddeti reddederken, &nbsp; \u015fiddeti sonland\u0131rmak i\u00e7in yasal d\u00fczenlemelere, politikalara ve tedbirlere ihtiya\u00e7 duyuldu\u011funu da her seferinde dile getiriyoruz.&nbsp; Kad\u0131nlara y\u00f6nelik \u015fiddete son verme ve kad\u0131nlar\u0131n \u00f6zg\u00fcrce ya\u015fayabilece\u011fi bir d\u00fcnya yaratma sorumlulu\u011fu ta\u015f\u0131yan \u0130stanbul S\u00f6zle\u015fmesi\u2019nden ayr\u0131lmak yerine, S\u00f6zle\u015fmenin h\u00fck\u00fcmlerini eksiksiz bir \u015fekilde uygulamak bizim temel m\u00fccadelemiz olmal\u0131d\u0131r. Yeni\u015fehir Belediyesi olarak bu sorumluluk bilinciyle daima kad\u0131nlara ve \u00e7ocuklara y\u00f6nelik fiziksel, cinsel, psikolojik ve ekonomik her t\u00fcrl\u00fc \u015fiddetin kar\u015f\u0131s\u0131nda y\u0131lmadan duraca\u011f\u0131z. Kad\u0131na y\u00f6nelik \u015fiddeti cesaretlendiren hi\u00e7bir giri\u015fimin taraf\u0131nda yer almayaca\u011f\u0131z ve buna da izin vermeyece\u011fiz.&nbsp; Kad\u0131nlara y\u00f6nelik bask\u0131ya, \u015fiddete, cinsel istismara, cinsiyet e\u015fitsizli\u011fine ve s\u00f6m\u00fcr\u00fcye kar\u015f\u0131 kad\u0131nlar\u0131n yan\u0131nday\u0131z.\u201d dedi.<\/p>\n\n\n\n<p>\u201cKad\u0131nlar\u0131n hak aray\u0131\u015f\u0131na \u015fiddetle kar\u015f\u0131l\u0131k veren&nbsp;<\/p>\n\n\n\n<p>zihniyetin kar\u015f\u0131s\u0131nda dimdik duraca\u011f\u0131z\u201d<\/p>\n\n\n\n<p>Ya\u015fam\u0131n her alan\u0131nda kad\u0131n m\u00fccadelesini y\u00fckseltmeye \u00e7al\u0131\u015ft\u0131klar\u0131n\u0131 belirten Ba\u015fkan \u00d6zyi\u011fit, \u201cD\u00fcn oldu\u011fu gibi bug\u00fcn de kad\u0131nlar\u0131n hak aray\u0131\u015f\u0131na \u015fiddetle kar\u015f\u0131l\u0131k veren zihniyetin kar\u015f\u0131s\u0131nda dimdik duraca\u011f\u0131z. Tarih boyunca u\u011frad\u0131\u011f\u0131 sistematik sald\u0131r\u0131lara kar\u015f\u0131 kad\u0131nlar\u0131n verdi\u011fi m\u00fccadeleye destek olmak ve kad\u0131nlar\u0131n gasp edilen haklar\u0131n\u0131 kazanmalar\u0131n\u0131 sa\u011flamak amac\u0131yla toplum olarak hep birlikte hareket etmeliyiz.&nbsp; \u0130yi temennilerin kad\u0131n\u0131n \u00fczerindeki bask\u0131y\u0131 durdurmaya yetmedi\u011fini biliyoruz. Bu nedenle ya\u015fam\u0131m\u0131z\u0131n her alan\u0131ndaki eylem ve davran\u0131\u015flar\u0131m\u0131zda kad\u0131n m\u00fccadelesini y\u00fckseltmeye \u00e7al\u0131\u015f\u0131yoruz. Y\u00f6netim, istihdam, e\u011fitim ve politika gibi hayat\u0131n her alan\u0131nda erkeklerle ayn\u0131 oranda temsil hakk\u0131na kavu\u015fmak isteyen kad\u0131nlara destek vermeye devam edece\u011fiz. Bug\u00fcn\u00fcn geli\u015fmi\u015f demokrasi \u00fclkelerinden \u00f6nce T\u00fcrk kad\u0131n\u0131na ilk defa se\u00e7me ve se\u00e7ilme hakk\u0131n\u0131 veren Ulu&nbsp;<\/p>\n\n\n\n<p>\u00d6nderimiz Gazi Mustafa Kemal Atat\u00fcrk\u2019\u00fcn izinde y\u00fcr\u00fcyoruz.\u201d ifadelerini kulland\u0131.&nbsp;<\/p>\n","protected":false},"excerpt":{"rendered":"<p>Mersin Yeni\u015fehir Belediye Ba\u015fkan\u0131 Abdullah \u00d6zyi\u011fit,&nbsp; 25 Kas\u0131m Kad\u0131na Y\u00f6nelik \u015eiddete Kar\u015f\u0131 Uluslararas\u0131 M\u00fccadele G\u00fcn\u00fc\u2019nde Mersin Kad\u0131n Gazetesi\u2019ne konu\u015ftu. Ba\u015fkan Abdullah \u00d6zyi\u011fit, 2019 y\u0131l\u0131ndan g\u00f6reve geldikten sonra Yeni\u015fehir Belediyesi Kad\u0131n ve Aile Hizmetleri M\u00fcd\u00fcrl\u00fc\u011f\u00fcn\u00fc kurduklar\u0131n\u0131 ve kad\u0131nlara y\u00f6nelik bir\u00e7ok \u00e7al\u0131\u015fmay\u0131 hayata ge\u00e7irdikle-rini s\u00f6yledi.&nbsp; Ba\u015fkan \u00d6zyi\u011fit, \u201cKad\u0131n ve Aile Hizmetleri M\u00fcd\u00fcrl\u00fc\u011f\u00fcm\u00fcze ba\u011fl\u0131 olarak faaliyet g\u00f6steren E\u015fitlik [&hellip;]<\/p>\n","protected":false},"author":2,"featured_media":37239,"comment_status":"closed","ping_status":"closed","sticky":false,"template":"","format":"standard","meta":{"footnotes":""},"categories":[34,3],"tags":[],"class_list":["post-37238","post","type-post","status-publish","format-standard","has-post-thumbnail","hentry","category-flas-haber","category-manset"],"views":8,"_links":{"self":[{"href":"https:\/\/mersinkadingazetesi.com\/index.php?rest_route=\/wp\/v2\/posts\/37238"}],"collection":[{"href":"https:\/\/mersinkadingazetesi.com\/index.php?rest_route=\/wp\/v2\/posts"}],"about":[{"href":"https:\/\/mersinkadingazetesi.com\/index.php?rest_route=\/wp\/v2\/types\/post"}],"author":[{"embeddable":true,"href":"https:\/\/mersinkadingazetesi.com\/index.php?rest_route=\/wp\/v2\/users\/2"}],"replies":[{"embeddable":true,"href":"https:\/\/mersinkadingazetesi.com\/index.php?rest_route=%2Fwp%2Fv2%2Fcomments&post=37238"}],"version-history":[{"count":1,"href":"https:\/\/mersinkadingazetesi.com\/index.php?rest_route=\/wp\/v2\/posts\/37238\/revisions"}],"predecessor-version":[{"id":37242,"href":"https:\/\/mersinkadingazetesi.com\/index.php?rest_route=\/wp\/v2\/posts\/37238\/revisions\/37242"}],"wp:featuredmedia":[{"embeddable":true,"href":"https:\/\/mersinkadingazetesi.com\/index.php?rest_route=\/wp\/v2\/media\/37239"}],"wp:attachment":[{"href":"https:\/\/mersinkadingazetesi.com\/index.php?rest_route=%2Fwp%2Fv2%2Fmedia&parent=37238"}],"wp:term":[{"taxonomy":"category","embeddable":true,"href":"https:\/\/mersinkadingazetesi.com\/index.php?rest_route=%2Fwp%2Fv2%2Fcategories&post=37238"},{"taxonomy":"post_tag","embeddable":true,"href":"https:\/\/mersinkadingazetesi.com\/index.php?rest_route=%2Fwp%2Fv2%2Ftags&post=37238"}],"curies":[{"name":"wp","href":"https:\/\/api.w.org\/{rel}","templated":true}]}}