{"id":37243,"date":"2024-11-24T17:34:17","date_gmt":"2024-11-24T14:34:17","guid":{"rendered":"https:\/\/mersinkadingazetesi.com\/?p=37243"},"modified":"2024-11-24T17:34:17","modified_gmt":"2024-11-24T14:34:17","slug":"ahmet-serkan-tuncer-kadin-calismalari-en-buyuk-onceligimiz","status":"publish","type":"post","link":"https:\/\/mersinkadingazetesi.com\/?p=37243","title":{"rendered":"AHMET SERKAN TUNCER: \u2018KADIN \u00c7ALI\u015eMALARI EN B\u00dcY\u00dcK \u00d6NCEL\u0130\u011e\u0130M\u0130Z\u2019"},"content":{"rendered":"\n<p>Mezitli Belediye Ba\u015fkan\u0131 Ahmet Serkan Tuncer, kad\u0131nlar\u0131n toplumsal hayatta daha g\u00fc\u00e7l\u00fc yer edinmesi ve hayat kalitelerinin artmas\u0131 i\u00e7in k\u0131sa s\u00fcre i\u00e7erisinde bir\u00e7ok projeyi hayata ge\u00e7irdiklerini belirtti.<\/p>\n\n\n\n<p>Kad\u0131nlar\u0131n yaln\u0131zca birey olarak de\u011fil, ayn\u0131 zamanda aile ve toplumun temel ta\u015flar\u0131 olarak g\u00fc\u00e7lenmelerini sa\u011flamak en b\u00fcy\u00fck \u00f6nceliklerden biri oldu.<\/p>\n\n\n\n<figure class=\"wp-block-image size-full\"><img loading=\"lazy\" decoding=\"async\" width=\"2200\" height=\"1467\" src=\"http:\/\/mersinkadingazetesi.com\/wp-content\/uploads\/2024\/11\/L2A2413.jpg\" alt=\"\" class=\"wp-image-37244\" srcset=\"https:\/\/mersinkadingazetesi.com\/wp-content\/uploads\/2024\/11\/L2A2413.jpg 2200w, https:\/\/mersinkadingazetesi.com\/wp-content\/uploads\/2024\/11\/L2A2413-540x360.jpg 540w, https:\/\/mersinkadingazetesi.com\/wp-content\/uploads\/2024\/11\/L2A2413-272x182.jpg 272w\" sizes=\"(max-width: 2200px) 100vw, 2200px\" \/><\/figure>\n\n\n\n<p>\u201cKADIN VE A\u0130LE H\u0130ZMETLER\u0130 M\u00dcD\u00dcRL\u00dc\u011e\u00dc KURDUK\u201d<\/p>\n\n\n\n<p>Kad\u0131nlar\u0131n ihtiya\u00e7lar\u0131n\u0131 daha iyi anlamak ve bu ihtiya\u00e7lara y\u00f6nelik \u00e7\u00f6z\u00fcmler \u00fcretmek amac\u0131yla Kad\u0131n ve Aile Hizmetleri M\u00fcd\u00fcrl\u00fc\u011f\u00fc\u2019n\u00fc kurduklar\u0131n\u0131 ifade eden Tuncer, \u201cBu m\u00fcd\u00fcrl\u00fck \u00e7at\u0131s\u0131 alt\u0131nda bir\u00e7ok yenilik\u00e7i ve faydal\u0131 hizmet sunuyoruz.<\/p>\n\n\n\n<p>KADIN DANI\u015eMA MERKEZ\u0130 VE PS\u0130KOLOJ\u0130K DESTEK H\u0130ZMETLER\u0130<\/p>\n\n\n\n<p>Kad\u0131nlar\u0131m\u0131z i\u00e7in Kad\u0131n ve \u00c7ocuk Dan\u0131\u015fma Merkezini hayata ge\u00e7irdik. Burada, uzman ekiplerimizle psikolojik destek sa\u011fl\u0131yor, Mersin Barosu i\u015f birli\u011fi ile hukuki y\u00f6nlendirme hizmeti sunuyoruz. \u015eiddet ma\u011fduru kad\u0131nlar\u0131n yaln\u0131z olmad\u0131\u011f\u0131n\u0131 g\u00f6stermek ve onlara her t\u00fcrl\u00fc deste\u011fi sa\u011flamak temel hedefimiz.\u201d diye konu\u015ftu.<\/p>\n\n\n\n<p>KADIN SA\u011eLI\u011eI VE&nbsp;<\/p>\n\n\n\n<p>FARKINDALIK \u00c7ALI\u015eMALARI<\/p>\n\n\n\n<figure class=\"wp-block-image size-full\"><img loading=\"lazy\" decoding=\"async\" width=\"1200\" height=\"800\" src=\"http:\/\/mersinkadingazetesi.com\/wp-content\/uploads\/2024\/11\/LM_0789.jpg\" alt=\"\" class=\"wp-image-37247\" srcset=\"https:\/\/mersinkadingazetesi.com\/wp-content\/uploads\/2024\/11\/LM_0789.jpg 1200w, https:\/\/mersinkadingazetesi.com\/wp-content\/uploads\/2024\/11\/LM_0789-540x360.jpg 540w, https:\/\/mersinkadingazetesi.com\/wp-content\/uploads\/2024\/11\/LM_0789-272x182.jpg 272w\" sizes=\"(max-width: 1200px) 100vw, 1200px\" \/><\/figure>\n\n\n\n<p>\u201cKad\u0131n sa\u011fl\u0131\u011f\u0131na y\u00f6nelik projelerimizle, Sa\u011fl\u0131k Bakanl\u0131\u011f\u0131 ve \u00f6zel sa\u011fl\u0131k kurulu\u015flar\u0131yla i\u015f birli\u011fi i\u00e7inde kanser taramalar\u0131, mamografi deste\u011fi ve onkoloji tedavi hizmetleri sunuyoruz.\u201d diye konu\u015fan Ahmet Serkan Tuncer, \u201cAyr\u0131ca, d\u00fczenledi\u011fimiz fark\u0131ndal\u0131k \u00e7al\u0131\u015fmalar\u0131 ve \u015fiddetle m\u00fccadele seminerleriyle kad\u0131nlar\u0131n bilin\u00e7lenmesini sa\u011fl\u0131yoruz.\u201d<\/p>\n\n\n\n<p>KADIN \u00dcRET\u0130C\u0130&nbsp;<\/p>\n\n\n\n<p>PAZARLARI<\/p>\n\n\n\n<p>Kad\u0131nlar\u0131n ekonomik hayatta daha aktif rol almas\u0131 i\u00e7in Kad\u0131n \u00dcretici Pazarlar\u0131m\u0131z\u0131 b\u00fcy\u00fct\u00fcyoruz. Burada kad\u0131nlar hem \u00fcretimlerini sergiliyor hem de aile b\u00fct\u00e7elerine katk\u0131da bulunuyor.<\/p>\n\n\n\n<p>KIZ \u00d6\u011eRENC\u0130LERE YURT DESTE\u011e\u0130<\/p>\n\n\n\n<p>\u201cE\u011fitim, g\u00fc\u00e7l\u00fc bir toplumun temelidir. K\u0131z \u00f6\u011frencilerimizin bar\u0131nma sorunlar\u0131na \u00e7\u00f6z\u00fcm bulmak ad\u0131na k\u0131z \u00f6\u011frenci yurtlar\u0131 a\u00e7arak gen\u00e7lerimizin e\u011fitimlerini rahat\u00e7a s\u00fcrd\u00fcrebilmelerini sa\u011fl\u0131yoruz. G\u00f6reve ilk geldi\u011fimizde Behiye \u015eifan Kad\u0131n Konuk Evini tamamlayarak hizmete a\u00e7t\u0131k.\u201d \u015feklinde konu\u015ftu.<\/p>\n\n\n\n<p>KADIN A\u0130LE AT\u00d6LYELER\u0130 VE MESLEK ED\u0130ND\u0130RME KURSLARI<\/p>\n\n\n\n<p>\u201cKad\u0131nlar\u0131n istihdamda daha fazla yer alabilmesi i\u00e7in \u00fccretsiz meslek edindirme kurslar\u0131 d\u00fczenliyoruz.\u201d diyen Mezitli Belediye Ba\u015fkan\u0131 Ahmet Serkan Tuncer, \u201cEl becerilerinden giri\u015fimcilik e\u011fitimlerine kadar geni\u015f bir yelpazede e\u011fitimler sunarak kad\u0131nlar\u0131n ekonomik ba\u011f\u0131ms\u0131zl\u0131k kazanmalar\u0131na destek oluyoruz.<\/p>\n\n\n\n<p>GEBEL\u0130K OKULU VE A\u0130LE H\u0130ZMETLER\u0130<\/p>\n\n\n\n<p>Yak\u0131nda a\u00e7\u0131lacak olan Gebelik Okulumuzda, anne adaylar\u0131na do\u011fuma haz\u0131rl\u0131k, emzirme, bebek bak\u0131m\u0131 ve sa\u011fl\u0131kl\u0131 beslenme konular\u0131nda e\u011fitimler verece\u011fiz. B\u00f6ylece sa\u011fl\u0131kl\u0131 bir nesil i\u00e7in bilin\u00e7li anneler yeti\u015fmesine katk\u0131da bulunaca\u011f\u0131z. Kad\u0131nlar\u0131m\u0131z\u0131n her alanda daha g\u00fc\u00e7l\u00fc ve \u00f6zg\u00fcvenli bireyler haline gelmeleri i\u00e7in \u00e7al\u0131\u015fmalar\u0131m\u0131z devam edecek. \u00c7\u00fcnk\u00fc biz biliyoruz ki; g\u00fc\u00e7l\u00fc kad\u0131n, g\u00fc\u00e7l\u00fc toplum demektir.\u201d diyerek s\u00f6zlerini tamamlad\u0131.<\/p>\n","protected":false},"excerpt":{"rendered":"<p>Mezitli Belediye Ba\u015fkan\u0131 Ahmet Serkan Tuncer, kad\u0131nlar\u0131n toplumsal hayatta daha g\u00fc\u00e7l\u00fc yer edinmesi ve hayat kalitelerinin artmas\u0131 i\u00e7in k\u0131sa s\u00fcre i\u00e7erisinde bir\u00e7ok projeyi hayata ge\u00e7irdiklerini belirtti. Kad\u0131nlar\u0131n yaln\u0131zca birey olarak de\u011fil, ayn\u0131 zamanda aile ve toplumun temel ta\u015flar\u0131 olarak g\u00fc\u00e7lenmelerini sa\u011flamak en b\u00fcy\u00fck \u00f6nceliklerden biri oldu. \u201cKADIN VE A\u0130LE H\u0130ZMETLER\u0130 M\u00dcD\u00dcRL\u00dc\u011e\u00dc KURDUK\u201d Kad\u0131nlar\u0131n ihtiya\u00e7lar\u0131n\u0131 daha [&hellip;]<\/p>\n","protected":false},"author":2,"featured_media":37245,"comment_status":"closed","ping_status":"closed","sticky":false,"template":"","format":"standard","meta":{"footnotes":""},"categories":[34,3],"tags":[],"class_list":["post-37243","post","type-post","status-publish","format-standard","has-post-thumbnail","hentry","category-flas-haber","category-manset"],"views":6,"_links":{"self":[{"href":"https:\/\/mersinkadingazetesi.com\/index.php?rest_route=\/wp\/v2\/posts\/37243"}],"collection":[{"href":"https:\/\/mersinkadingazetesi.com\/index.php?rest_route=\/wp\/v2\/posts"}],"about":[{"href":"https:\/\/mersinkadingazetesi.com\/index.php?rest_route=\/wp\/v2\/types\/post"}],"author":[{"embeddable":true,"href":"https:\/\/mersinkadingazetesi.com\/index.php?rest_route=\/wp\/v2\/users\/2"}],"replies":[{"embeddable":true,"href":"https:\/\/mersinkadingazetesi.com\/index.php?rest_route=%2Fwp%2Fv2%2Fcomments&post=37243"}],"version-history":[{"count":1,"href":"https:\/\/mersinkadingazetesi.com\/index.php?rest_route=\/wp\/v2\/posts\/37243\/revisions"}],"predecessor-version":[{"id":37248,"href":"https:\/\/mersinkadingazetesi.com\/index.php?rest_route=\/wp\/v2\/posts\/37243\/revisions\/37248"}],"wp:featuredmedia":[{"embeddable":true,"href":"https:\/\/mersinkadingazetesi.com\/index.php?rest_route=\/wp\/v2\/media\/37245"}],"wp:attachment":[{"href":"https:\/\/mersinkadingazetesi.com\/index.php?rest_route=%2Fwp%2Fv2%2Fmedia&parent=37243"}],"wp:term":[{"taxonomy":"category","embeddable":true,"href":"https:\/\/mersinkadingazetesi.com\/index.php?rest_route=%2Fwp%2Fv2%2Fcategories&post=37243"},{"taxonomy":"post_tag","embeddable":true,"href":"https:\/\/mersinkadingazetesi.com\/index.php?rest_route=%2Fwp%2Fv2%2Ftags&post=37243"}],"curies":[{"name":"wp","href":"https:\/\/api.w.org\/{rel}","templated":true}]}}