{"id":37249,"date":"2024-11-24T17:35:59","date_gmt":"2024-11-24T14:35:59","guid":{"rendered":"https:\/\/mersinkadingazetesi.com\/?p=37249"},"modified":"2024-11-24T17:35:59","modified_gmt":"2024-11-24T14:35:59","slug":"tarsus-tarimsal-urun-isleme-organize-sanayi-bolgesi-tuiosb-yonetim-kurulu-baskani-osbuk-yesil-donusum-ve-surdurulebilirlik-ihtisas-kurulu-baskani-ve-osbuk-yonetim-kurulu-uyesi-gul-akyurek-balta","status":"publish","type":"post","link":"https:\/\/mersinkadingazetesi.com\/?p=37249","title":{"rendered":"Tarsus Tar\u0131msal \u00dcr\u00fcn \u0130\u015fleme Organize Sanayi B\u00f6lgesi (T\u00dc\u0130OSB) Y\u00f6netim Kurulu Ba\u015fkan\u0131, OSB\u00dcK Ye\u015fil D\u00f6n\u00fc\u015f\u00fcm ve S\u00fcrd\u00fcr\u00fclebilirlik \u0130htisas Kurulu Ba\u015fkan\u0131 ve OSB\u00dcK Y\u00f6netim Kurulu \u00dcyesi G\u00fcl Aky\u00fcrek Balta: \u2018T\u00dc\u0130OSB\u2019de KOG\u0130F Projesiyle \u0130lk \u00c7a\u011fr\u0131m\u0131z\u0131 Kad\u0131nlara Yapt\u0131k\u2019"},"content":{"rendered":"\n<p>Tarsus Tar\u0131msal \u00dcr\u00fcn \u0130\u015fleme Organize Sanayi B\u00f6lgesi (T\u00dc\u0130OSB) Y\u00f6netim Kurulu Ba\u015fkan\u0131, OSB\u00dcK Ye\u015fil D\u00f6n\u00fc\u015f\u00fcm ve S\u00fcrd\u00fcr\u00fclebilirlik \u0130htisas Kurulu Ba\u015fkan\u0131 ve OSB\u00dcK Y\u00f6netim Kurulu \u00dcyesi G\u00fcl Aky\u00fcrek Balta, 25 Kas\u0131m Kad\u0131na Y\u00f6nelik \u015eiddete Kar\u015f\u0131 Uluslararas\u0131 M\u00fccadele G\u00fcn\u00fc\u2019nde a\u00e7\u0131klamalarda bulundu.<\/p>\n\n\n\n<p>Aky\u00fcrek Balta, \u201cBildi\u011fimiz bir ger\u00e7ek var. Her \u00fclke n\u00fcfusunun y\u00fczde 50\u2019sini kad\u0131nlar olu\u015fturur. Bu n\u00fcfusun \u00f6nemli bir b\u00f6l\u00fcm\u00fcn\u00fc ekonomiye sokam\u0131yorsan\u0131z ciddi bir kayb\u0131n\u0131z var demektir. Bu kayb\u0131n pek \u00e7ok nedeni olabilir. Ancak \u00fclkemize bakt\u0131\u011f\u0131m\u0131zda iki b\u00fcy\u00fck etmen g\u00f6r\u00fcyoruz. Kad\u0131n n\u00fcfusun e\u011fitim sorunu ve f\u0131rsat e\u015fitsizli\u011fi.&nbsp; Yani kad\u0131n n\u00fcfusumuzu istihdam etmede ciddi sorunlar ya\u015f\u0131yoruz. T\u00fcm bu handikaplar i\u00e7erisinde kad\u0131nlar\u0131n yapt\u0131\u011f\u0131 her at\u0131l\u0131m\u0131n, her \u00e7\u0131k\u0131\u015f\u0131n ne kadar k\u0131ymetli oldu\u011funu ifade etmeye gerek bile duymuyorum.\u201d dedi.<\/p>\n\n\n\n<p>\u201cT\u00dc\u0130OSB olarak kad\u0131n \u00e7al\u0131\u015fanlar\u0131n say\u0131s\u0131 noktas\u0131nda \u00f6ne \u00e7\u0131kaca\u011f\u0131m\u0131z\u0131 rahatl\u0131kla&nbsp;<\/p>\n\n\n\n<p>s\u00f6yleyebilirim\u201d<\/p>\n\n\n\n<p>Aky\u00fcrek Balta \u015funlar\u0131 s\u00f6yledi;<\/p>\n\n\n\n<p>\u201cTar\u0131m sekt\u00f6r\u00fc kad\u0131n istihdam\u0131 konusunda \u00f6nemli bir f\u0131rsat\u0131 bar\u0131nd\u0131r\u0131yor. Burada bir s\u0131k\u0131nt\u0131m\u0131z mevcut ve T\u00dc\u0130OSB\u2019nin bu anlamda da bu s\u0131k\u0131nt\u0131y\u0131 giderecek bir y\u00f6n\u00fc olaca\u011f\u0131n\u0131 g\u00f6r\u00fcyorum. T\u00dc\u0130K\u2019in Tar\u0131m Sekt\u00f6r\u00fcndeki istatistiklerine bakt\u0131\u011f\u0131n\u0131zda \u00fccretsiz tar\u0131m i\u015f\u00e7isi olan kad\u0131nlar\u0131n oran\u0131 2021 y\u0131l\u0131nda y\u00fczde 80 civar\u0131nda iken \u00fccretli olarak \u00e7al\u0131\u015fan kad\u0131nlar\u0131n oran\u0131 y\u00fczde 10&#8217;dur. Sekt\u00f6rde kad\u0131n \u00e7al\u0131\u015fan say\u0131lar\u0131 olduk\u00e7a y\u00fcksektir. Bizim hedefimiz T\u00dc\u0130OSB ile kad\u0131n \u00e7al\u0131\u015fanlar\u0131n kay\u0131t alt\u0131na al\u0131nmas\u0131 ve sosyal g\u00fcvenlik \u015femsiyesi alt\u0131na girmeleridir. \u00d6te yandan ister mavi ister beyaz yakal\u0131 olsun, kad\u0131n \u00e7al\u0131\u015fanlar\u0131n artmas\u0131 da bir di\u011fer hedefimizdir. Di\u011fer bir de\u011fi\u015fle T\u00dc\u0130OSB olarak kad\u0131n \u00e7al\u0131\u015fanlar\u0131n say\u0131s\u0131 noktas\u0131nda \u00f6ne \u00e7\u0131kaca\u011f\u0131m\u0131z\u0131 rahatl\u0131kla s\u00f6yleyebilirim.\u201d<\/p>\n\n\n\n<p>\u201cT\u00fcrkiye y\u00fczy\u0131l\u0131na imzam\u0131z\u0131&nbsp;<\/p>\n\n\n\n<p>atmak istiyoruz\u201d<\/p>\n\n\n\n<p>\u201cDaha \u00f6nce haz\u0131rlad\u0131\u011f\u0131m\u0131z ve T\u00dc\u0130OSB G\u0131da \u0130novasyon Merkezimiz kapsam\u0131nda \u00e7al\u0131\u015fmalar\u0131n\u0131 ger\u00e7ekle\u015ftirdi\u011fimiz Kad\u0131n Ortak Giri\u015fim Fabrikalar\u0131 (KOG\u0130F) projesini ger\u00e7ekle\u015ftiriyoruz. \u0130novasyon merkezimiz, fikri olan kad\u0131n, erkek, gen\u00e7 t\u00fcm giri\u015fimcilere y\u00f6nelik olmas\u0131na kar\u015f\u0131n, ilk \u00e7a\u011fr\u0131y\u0131 kad\u0131nlar\u0131m\u0131za yapmay\u0131 tercih ettik. KOG\u0130F projesi ile i\u015f d\u00fcnyas\u0131nda giri\u015fimci, nitelikli, \u00fcretken ve etkin kad\u0131nlar olmas\u0131n\u0131 hedefledik. Proje ile g\u0131da ve tar\u0131m konusunda kad\u0131nlar\u0131m\u0131z, geli\u015ftirecekleri \u00f6zg\u00fcn, inovatif ve teknoloji tabanl\u0131 i\u015f fikirlerini hayata ge\u00e7irecekler.&nbsp; \u00d6n\u00fcm\u00fczdeki s\u00fcre\u00e7te de yine kad\u0131nlar\u0131m\u0131z i\u00e7in model olu\u015fturacak yeni projelerimizi hayata ge\u00e7irece\u011fiz. Cumhuriyetin ikinci 100 y\u0131l\u0131nda \u00fclke sanayinde, ticaretinde, ihracat\u0131nda \u00f6zetle \u00fcretimin her dal\u0131nda daha \u00e7ok kad\u0131n\u0131n kat\u0131l\u0131m\u0131 ile T\u00fcrkiye y\u00fczy\u0131l\u0131na imzam\u0131z\u0131 atmak istiyoruz.\u201d<\/p>\n\n\n\n<p>\u201cYe\u015fil Do\u011fan\u201d vurgusunu yapmam\u0131z hi\u00e7 tesad\u00fcf de\u011fildi\u201d<\/p>\n\n\n\n<p>\u201cTabi \u015funu \u00f6zellikle belirtmek isterim. \u0130klim de\u011fi\u015fikli\u011fi ya da ye\u015fil ve dijital d\u00f6n\u00fc\u015f\u00fcm gibi \u00e7ok \u00f6zel hassasiyetler gerektiren alanlarda kad\u0131nlar\u0131m\u0131z daha duyarl\u0131lar. Bizde bu duyarl\u0131l\u0131ktan g\u00fc\u00e7 alarak ikiz d\u00f6n\u00fc\u015f\u00fcme dikkat \u00e7ekecek bir kavram geli\u015ftirdik. Bu anlamda, T\u00dc\u0130OSB\u2019nin tan\u0131t\u0131lmas\u0131 noktas\u0131nda \u201cYe\u015fil Do\u011fan\u201d vurgusunu yapmam\u0131z hi\u00e7 tesad\u00fcf de\u011fildi. Hem \u00e7evre duyarl\u0131l\u0131\u011f\u0131n\u0131 hem de yeni bir do\u011fu\u015fu, yeni bir varolu\u015fu \u00f6ne \u00e7\u0131karmaya \u00e7al\u0131\u015ft\u0131k. \u00c7evre ve iklim hassasiyetleri ile ekonomik bir kalk\u0131nman\u0131n m\u00fcmk\u00fcn olaca\u011f\u0131n\u0131 anlatt\u0131k. \u015eu ana kadar da bu konuda ba\u015far\u0131l\u0131 oldu\u011fumuzu g\u00f6r\u00fcyorum. 2018 y\u0131l\u0131nda kurulu\u015funu ger\u00e7ekle\u015ftirdi\u011fimiz T\u00dc\u0130OSB\u2019nin 2023 y\u0131l\u0131nda b\u00f6lge arazi d\u00fczenleme \u00e7al\u0131\u015fmalar\u0131n\u0131 ve arsa tahsislerini tamamland\u0131k. Akabinde altyap\u0131 ihalemizi ger\u00e7ekle\u015ftirdik.&nbsp; B\u00f6lgemizde yo\u011fun yat\u0131r\u0131mc\u0131 ilgisi sonucunda 125 hektarl\u0131k ilave alan i\u00e7in Sanayi ve Teknoloji Bakanl\u0131\u011f\u0131ndan kurum olurunu ald\u0131k ve y\u00fczde 90 doluluk oran\u0131na ula\u015ft\u0131\u011f\u0131m\u0131z i\u00e7in ek geni\u015fleme alan\u0131 i\u00e7in talep ba\u015fvurular\u0131n\u0131 da almaya ba\u015flad\u0131k. 2025 y\u0131l\u0131nda \u00fcretim tesislerimiz hayata ge\u00e7meye ba\u015flayacak. \u0130klim ve \u00e7evre duyarl\u0131l\u0131\u011f\u0131m\u0131z sonucunda b\u00f6ylesi bir ba\u015far\u0131y\u0131 elde etmek bizi ziyadesiyle memnun ediyor.\u201d<\/p>\n\n\n\n<p>\u201cKararl\u0131l\u0131kla y\u00fcr\u00fcyen her kad\u0131n, \u00e7al\u0131\u015fma hayat\u0131nda \u00e7ok \u00f6nemli a\u015famalar kaydedebilir\u201d<\/p>\n\n\n\n<p>\u201cAncak, istihdam konusuna \u00e7\u00f6z\u00fcm bulmak kadar, bulundu\u011fum konumda gerek kendi i\u015fimde ve gerekse T\u00dc\u0130OSB Y\u00f6netim Kurulu Ba\u015fkan\u0131 olarak, kad\u0131nlar\u0131n y\u00f6netim kadrolar\u0131 ba\u015fta olmak \u00fczere \u00fcretimin her alan\u0131nda yer almalar\u0131 i\u00e7in daha fazla projeye imza atmak gerekti\u011fine inan\u0131yorum. Di\u011fer bir hedefim de \u00fclkemizde kad\u0131n sanayicilerin say\u0131s\u0131n\u0131 art\u0131rmak ve \u00f6zellikle karar verici mercilerde daha fazla &nbsp;g\u00f6rev almalar\u0131n\u0131 istiyorum. Bu ba\u011flamda da \u00e7ok kapsaml\u0131 \u00e7al\u0131\u015fmalar y\u00fcr\u00fct\u00fcyorum. \u015eunu \u00e7ok rahat s\u00f6yleyebilirim ki, kad\u0131nlar\u0131n yapamayacaklar\u0131 i\u015f olmad\u0131\u011f\u0131n\u0131 d\u00fc\u015f\u00fcn\u00fcyorum. Kad\u0131nlar, e\u011fer isterlerse ve f\u0131rsat verilirse her alanda \u00e7al\u0131\u015fabilirler. Kad\u0131nlar\u0131m\u0131z\u0131n ba\u015far\u0131l\u0131 olmas\u0131, i\u015f hayat\u0131na girebilmeleri i\u00e7in baz\u0131 konularda donan\u0131ml\u0131 olmalar\u0131 gerekiyor. \u00d6nce iyi bir e\u011fitim i\u00e7in ne gerekiyorsa, ko\u015fullar\u0131 \u00e7er\u00e7evesinde bunu yapmalar\u0131 \u00f6nemli. E\u011fitim, kad\u0131n\u0131n cesaretinin temelini olu\u015fturan en \u00f6nemli etkenlerden birisi. Bir di\u011fer husus da tabi ki cesur ve atak olmalar\u0131 gerekiyor. Bu iki ko\u015fulun \u00fczerine koyabilecekleri t\u00fcm art\u0131lar\u0131 zaman i\u00e7inde eklemeleri de kad\u0131n\u0131 \u00e7al\u0131\u015fma hayat\u0131nda ba\u015far\u0131ya ta\u015f\u0131yacakt\u0131r. Yenilik, disiplin ve kararl\u0131l\u0131kla y\u00fcr\u00fcyen her kad\u0131n, \u00e7al\u0131\u015fma hayat\u0131nda \u00e7ok \u00f6nemli a\u015famalar kaydedebilir.\u201d<\/p>\n","protected":false},"excerpt":{"rendered":"<p>Tarsus Tar\u0131msal \u00dcr\u00fcn \u0130\u015fleme Organize Sanayi B\u00f6lgesi (T\u00dc\u0130OSB) Y\u00f6netim Kurulu Ba\u015fkan\u0131, OSB\u00dcK Ye\u015fil D\u00f6n\u00fc\u015f\u00fcm ve S\u00fcrd\u00fcr\u00fclebilirlik \u0130htisas Kurulu Ba\u015fkan\u0131 ve OSB\u00dcK Y\u00f6netim Kurulu \u00dcyesi G\u00fcl Aky\u00fcrek Balta, 25 Kas\u0131m Kad\u0131na Y\u00f6nelik \u015eiddete Kar\u015f\u0131 Uluslararas\u0131 M\u00fccadele G\u00fcn\u00fc\u2019nde a\u00e7\u0131klamalarda bulundu. Aky\u00fcrek Balta, \u201cBildi\u011fimiz bir ger\u00e7ek var. Her \u00fclke n\u00fcfusunun y\u00fczde 50\u2019sini kad\u0131nlar olu\u015fturur. Bu n\u00fcfusun \u00f6nemli bir [&hellip;]<\/p>\n","protected":false},"author":2,"featured_media":37250,"comment_status":"closed","ping_status":"closed","sticky":false,"template":"","format":"standard","meta":{"footnotes":""},"categories":[34,3],"tags":[],"class_list":["post-37249","post","type-post","status-publish","format-standard","has-post-thumbnail","hentry","category-flas-haber","category-manset"],"views":8,"_links":{"self":[{"href":"https:\/\/mersinkadingazetesi.com\/index.php?rest_route=\/wp\/v2\/posts\/37249"}],"collection":[{"href":"https:\/\/mersinkadingazetesi.com\/index.php?rest_route=\/wp\/v2\/posts"}],"about":[{"href":"https:\/\/mersinkadingazetesi.com\/index.php?rest_route=\/wp\/v2\/types\/post"}],"author":[{"embeddable":true,"href":"https:\/\/mersinkadingazetesi.com\/index.php?rest_route=\/wp\/v2\/users\/2"}],"replies":[{"embeddable":true,"href":"https:\/\/mersinkadingazetesi.com\/index.php?rest_route=%2Fwp%2Fv2%2Fcomments&post=37249"}],"version-history":[{"count":1,"href":"https:\/\/mersinkadingazetesi.com\/index.php?rest_route=\/wp\/v2\/posts\/37249\/revisions"}],"predecessor-version":[{"id":37251,"href":"https:\/\/mersinkadingazetesi.com\/index.php?rest_route=\/wp\/v2\/posts\/37249\/revisions\/37251"}],"wp:featuredmedia":[{"embeddable":true,"href":"https:\/\/mersinkadingazetesi.com\/index.php?rest_route=\/wp\/v2\/media\/37250"}],"wp:attachment":[{"href":"https:\/\/mersinkadingazetesi.com\/index.php?rest_route=%2Fwp%2Fv2%2Fmedia&parent=37249"}],"wp:term":[{"taxonomy":"category","embeddable":true,"href":"https:\/\/mersinkadingazetesi.com\/index.php?rest_route=%2Fwp%2Fv2%2Fcategories&post=37249"},{"taxonomy":"post_tag","embeddable":true,"href":"https:\/\/mersinkadingazetesi.com\/index.php?rest_route=%2Fwp%2Fv2%2Ftags&post=37249"}],"curies":[{"name":"wp","href":"https:\/\/api.w.org\/{rel}","templated":true}]}}