{"id":37252,"date":"2024-11-24T17:36:49","date_gmt":"2024-11-24T14:36:49","guid":{"rendered":"https:\/\/mersinkadingazetesi.com\/?p=37252"},"modified":"2024-11-24T17:36:50","modified_gmt":"2024-11-24T14:36:50","slug":"ekmen-temel-ilkemiz-kadinlarin-toplumsal-yasama-esit-katilimini-saglamak","status":"publish","type":"post","link":"https:\/\/mersinkadingazetesi.com\/?p=37252","title":{"rendered":"EKMEN: \u2018TEMEL \u0130LKEM\u0130Z KADINLARIN\u00a0TOPLUMSAL YA\u015eAMA E\u015e\u0130T KATILIMINI SA\u011eLAMAK\u2019"},"content":{"rendered":"\n<p><strong>Deva Partisi Mersin Milletvekili Mehmet Emin Ekmen 25 Kas\u0131m Kad\u0131na Y\u00f6nelik \u015eiddete Kar\u015f\u0131 Uluslararas\u0131 M\u00fccadele G\u00fcn\u00fc dolay\u0131s\u0131yla a\u00e7\u0131klamalarda&nbsp;<\/strong><\/p>\n\n\n\n<p><strong>bulundu.<\/strong><\/p>\n\n\n\n<p><strong>Kad\u0131n ve \u00e7ocuklar\u0131n g\u00fcvenli\u011fini her daim \u00f6ncelikli g\u00fcndem maddesi olarak g\u00f6ren Mersin Kad\u0131n Gazetesi\u2019nin haber-lerini ve \u00e7al\u0131\u015fmalar\u0131n\u0131 ilgiyle takip etti\u011fini belirten Ekmen, \u201cKad\u0131na y\u00f6nelik aile i\u00e7i \u015fiddet, fiziksel \u015fiddet, cinsel \u015fiddet, duygusal istismar ve ekonomik istismar gibi kavramlar, toplumumuzda acil olarak ele al\u0131nmas\u0131 gereken konular aras\u0131nda yer almaktad\u0131r. Bu t\u00fcr \u015fiddet olaylar\u0131, kad\u0131nlar\u0131n ya\u015fam kalitesini ve genel sa\u011fl\u0131k durumunu derinden etkilemekte, ne yaz\u0131k ki kad\u0131n \u00f6l\u00fcmlerine kadar varan trajik sonu\u00e7lar do\u011furmaktad\u0131r Kad\u0131nlar\u0131n maruz kald\u0131\u011f\u0131 i\u015fsizlik, ekonomik problemler ve k\u0131skan\u00e7l\u0131k gibi durumlar da, bu sorunlar\u0131 daha da derinle\u015ftirmekte ve kad\u0131nlar\u0131n hayat\u0131n\u0131 olumsuz y\u00f6nde etkilemektedir. Bu ba\u011flamda, aile i\u00e7i \u015fiddete kar\u015f\u0131 fark\u0131ndal\u0131\u011f\u0131n art\u0131r\u0131lmas\u0131, m\u00fccademe y\u00f6ntemlerinin bilinmesi ve kad\u0131nlar\u0131n haklar\u0131 konusunda bilgilendirilmesi b\u00fcy\u00fck \u00f6nem ta\u015f\u0131maktad\u0131r. Ayr\u0131ca, sosyal destek mekanizmalar\u0131n\u0131n g\u00fc\u00e7lendiril-mesi, bu sorunlar\u0131n \u00e7\u00f6z\u00fcm\u00fcnde faydal\u0131 olacakt\u0131r. \u201d dedi.<\/strong><\/p>\n\n\n\n<p><strong>\u201cHedefimiz, kad\u0131nlar\u0131m\u0131z\u0131 her alanda s\u00f6z sahibi bireyler haline&nbsp;<\/strong><\/p>\n\n\n\n<p><strong>getirmek\u201d<\/strong><\/p>\n\n\n\n<p><strong>DEVA Partisi olarak, kuruldu\u011fu ilk g\u00fcnden itibaren kad\u0131n politikalar\u0131n\u0131 s\u00fcrekli g\u00fcndemde tuttuklar\u0131n\u0131 vurgulayan Ekmen, \u201cPartimizde Genel Ba\u015fkan Yard\u0131mc\u0131l\u0131\u011f\u0131 d\u00fczeyinde Kad\u0131n Politikalar\u0131 Ba\u015fkanl\u0131\u011f\u0131 bulunmaktad\u0131r. Aile i\u00e7i \u015fiddete y\u00f6nelik nedenler, etkiler ve \u00e7\u00f6z\u00fcm \u00f6nerileri \u00fczerine \u00e7al\u0131\u015fmalar y\u00fcr\u00fctmekteyiz. Toplumsal cinsiyet e\u015fitli\u011fi, sosyal adalet ve g\u00fc\u00e7l\u00fc bir toplum i\u00e7in kad\u0131nlar\u0131n sosyal ve ekonomik durumlar\u0131n\u0131 g\u00fc\u00e7lendirmek bir zorunluluk olarak kabul edilmektedir. Kad\u0131nlar\u0131n e\u011fitimi, \u00e7al\u0131\u015fma imkanlar\u0131na eri\u015fimi, psikolojik taciz ve \u015fiddete kar\u015f\u0131 korunmas\u0131, yasalar \u00f6n\u00fcnde sa\u011flanan e\u015fitli\u011fin toplumsal ya\u015fam\u0131n her alan\u0131na ta\u015f\u0131nmas\u0131 gerekti\u011fine inan\u0131yoruz.&nbsp;<\/strong><\/p>\n\n\n\n<p><strong>Hedefimiz, kad\u0131nlar\u0131m\u0131z\u0131 g\u00fc\u00e7l\u00fc, \u00fcretken ve her alanda s\u00f6z sahibi bireyler haline getirmektir. E\u015fitlik, \u00f6zg\u00fcrl\u00fck ve adalet ilkeleri do\u011frultusunda, kad\u0131nlar\u0131n toplumsal ya\u015fam\u0131n her alan\u0131na e\u015fit kat\u0131l\u0131m\u0131n\u0131 sa\u011flamak temel ilkemizdir Kad\u0131nlar\u0131n toplumdaki yerinin g\u00fc\u00e7lendirilmesi; ailede, ekonomik sistemde ve siyasal alanda eme\u011finin ve rol\u00fcn\u00fcn kar\u015f\u0131l\u0131\u011f\u0131n\u0131 bulmas\u0131 ana amac\u0131m\u0131zd\u0131r. Kad\u0131nlara y\u00f6nelik ayr\u0131mc\u0131l\u0131\u011f\u0131 ortadan kald\u0131rmak ve e\u015fit haklara sahip olmalar\u0131n\u0131 s\u0131n\u0131rlayan her t\u00fcrl\u00fc uygulama ve engelle m\u00fccadele edece\u011fiz.\u201d \u015feklinde konu\u015ftu.<\/strong><\/p>\n\n\n\n<p><strong>\u201cKad\u0131n-erkek aras\u0131nda f\u0131rsat e\u015fitli\u011fini g\u00f6zeten istihdam modelle-rini destekliyoruz\u201d<\/strong><\/p>\n\n\n\n<p><strong>Temsilde adalet ilkesi \u00e7er\u00e7evesinde, kad\u0131nlar\u0131n siyasal hayatta liyakate dayal\u0131 olarak daha g\u00fc\u00e7l\u00fc bir \u015fekilde yer almas\u0131n\u0131 sa\u011flaman\u0131n da \u00f6ncelikli hedeflerinden oldu\u011funu ifade eden Ekmen, \u201c\u00dclkemizin ekonomik kalk\u0131nmas\u0131n\u0131 s\u00fcrd\u00fcr\u00fclebilir k\u0131lmak i\u00e7in, kad\u0131nlar\u0131n rol\u00fcn\u00fcn b\u00fcy\u00fck \u00f6nem ta\u015f\u0131d\u0131\u011f\u0131na inan\u0131yoruz. Kad\u0131n\u0131n \u00fcretime katk\u0131s\u0131n\u0131n art\u0131r\u0131lmas\u0131 i\u00e7in, kad\u0131n-erkek aras\u0131nda f\u0131rsat e\u015fitli\u011fini g\u00f6zeten istihdam modellerini destekliyoruz. \u0130stihdam uygulamalar\u0131nda gelirler, \u00fccretler ve di\u011fer kazan\u00e7lar konusunda cinsiyet e\u015fitli\u011fini sa\u011flamak \u00fczere gerekli \u00f6nlemleri alaca\u011f\u0131m\u0131z\u0131 her f\u0131rsatta ifade ediyoruz. Toplumsal cinsiyet e\u015fitli\u011fi konusunda net hedefleri olan uygulama planlar\u0131 geli\u015ftirecek, ilgili kamu kurulu\u015flar\u0131 ve kad\u0131n \u00f6rg\u00fctleri ile i\u015f birli\u011fi yaparak bu alanlarda sa\u011flanan ilerlemeyi \u00f6l\u00e7\u00fcmlemeyi planl\u0131yoruz. Kad\u0131n \u00f6l\u00fcmlerinin ve kad\u0131na, \u00e7ocuklara y\u00f6nelik \u015fiddetin \u00f6nlenmesi i\u00e7in t\u00fcm bu \u00e7abalar\u0131m\u0131z\u0131 kararl\u0131l\u0131kla s\u00fcrd\u00fcrece\u011fiz.\u201d ifadelerini kulland\u0131.<\/strong><\/p>\n\n\n\n<p><strong>\u201cAnneler \u00e7ocuklar\u0131n\u0131n&nbsp;<\/strong><strong>en basit&nbsp;<\/strong><strong>temel ihtiya\u00e7lar\u0131n\u0131 kar\u015f\u0131layamaz hale geldi\u201d<\/strong><\/p>\n\n\n\n<p><strong>Ekmen s\u00f6zlerini \u015f\u00f6yle tamamlad\u0131;<\/strong><\/p>\n\n\n\n<p><strong>\u201cSon olarak ifade etmek gerekir ki T\u00fcrkiye\u2019nin i\u00e7ine d\u00fc\u015ft\u00fc\u011f\u00fc ekonomik krizin en b\u00fcy\u00fck ma\u011fduru da yine kad\u0131nlard\u0131r. En alt gelir grubundaki aileler bu krizden derin olarak etkilenmi\u015f ve anneler \u00e7ocuklar\u0131n\u0131n en basit g\u00fcndelik temel ihtiya\u00e7lar\u0131n\u0131 kar\u015f\u0131layamaz hale gelmi\u015ftir. Anneli\u011fin kutsall\u0131\u011f\u0131n\u0131 her g\u00fcn hat\u0131rlatan bu siyasi iktidar, \u00e7ocuklar\u0131na \u00e7orap ya da g\u00f6mlek alamayan, okul \u00e7antas\u0131na bir meyve suyu ve po\u011fa\u00e7a koyamayan, pazar al\u0131\u015fveri\u015fini ve evinin temel ihtiya\u00e7lar\u0131n\u0131 kar\u015f\u0131layamayan, tencere kaynatamayan, evde i\u015fsiz olarak vaktini ge\u00e7iren ve depresyona giren gen\u00e7 \u00e7ocu\u011funun cebine har\u00e7l\u0131k koyamayan annelerin sesini duymamakta ve \u00e7\u00f6z\u00fcm \u00fcretememektedir. Oysa ekonomik sorunlar\u0131 \u00e7\u00f6z\u00fclm\u00fc\u015f bir anne topluma \u00e7ok daha kaliteli ve faydal\u0131 evlatlar yeti\u015ftirecektir. Biz deva Partisi olarak t\u00fcm bu sorunlar\u0131 sadece dillendirmekle yetinmemekte ve bunun i\u00e7in \u00e7\u00f6z\u00fcm planlar\u0131n\u0131 iktidarla siyasetle kamuoyuyla d\u00fczenli olarak payla\u015fmaktay\u0131z.\u201d<\/strong><\/p>\n","protected":false},"excerpt":{"rendered":"<p>Deva Partisi Mersin Milletvekili Mehmet Emin Ekmen 25 Kas\u0131m Kad\u0131na Y\u00f6nelik \u015eiddete Kar\u015f\u0131 Uluslararas\u0131 M\u00fccadele G\u00fcn\u00fc dolay\u0131s\u0131yla a\u00e7\u0131klamalarda&nbsp; bulundu. Kad\u0131n ve \u00e7ocuklar\u0131n g\u00fcvenli\u011fini her daim \u00f6ncelikli g\u00fcndem maddesi olarak g\u00f6ren Mersin Kad\u0131n Gazetesi\u2019nin haber-lerini ve \u00e7al\u0131\u015fmalar\u0131n\u0131 ilgiyle takip etti\u011fini belirten Ekmen, \u201cKad\u0131na y\u00f6nelik aile i\u00e7i \u015fiddet, fiziksel \u015fiddet, cinsel \u015fiddet, duygusal istismar ve ekonomik istismar [&hellip;]<\/p>\n","protected":false},"author":2,"featured_media":37253,"comment_status":"closed","ping_status":"closed","sticky":false,"template":"","format":"standard","meta":{"footnotes":""},"categories":[34,3],"tags":[],"class_list":["post-37252","post","type-post","status-publish","format-standard","has-post-thumbnail","hentry","category-flas-haber","category-manset"],"views":4,"_links":{"self":[{"href":"https:\/\/mersinkadingazetesi.com\/index.php?rest_route=\/wp\/v2\/posts\/37252"}],"collection":[{"href":"https:\/\/mersinkadingazetesi.com\/index.php?rest_route=\/wp\/v2\/posts"}],"about":[{"href":"https:\/\/mersinkadingazetesi.com\/index.php?rest_route=\/wp\/v2\/types\/post"}],"author":[{"embeddable":true,"href":"https:\/\/mersinkadingazetesi.com\/index.php?rest_route=\/wp\/v2\/users\/2"}],"replies":[{"embeddable":true,"href":"https:\/\/mersinkadingazetesi.com\/index.php?rest_route=%2Fwp%2Fv2%2Fcomments&post=37252"}],"version-history":[{"count":1,"href":"https:\/\/mersinkadingazetesi.com\/index.php?rest_route=\/wp\/v2\/posts\/37252\/revisions"}],"predecessor-version":[{"id":37254,"href":"https:\/\/mersinkadingazetesi.com\/index.php?rest_route=\/wp\/v2\/posts\/37252\/revisions\/37254"}],"wp:featuredmedia":[{"embeddable":true,"href":"https:\/\/mersinkadingazetesi.com\/index.php?rest_route=\/wp\/v2\/media\/37253"}],"wp:attachment":[{"href":"https:\/\/mersinkadingazetesi.com\/index.php?rest_route=%2Fwp%2Fv2%2Fmedia&parent=37252"}],"wp:term":[{"taxonomy":"category","embeddable":true,"href":"https:\/\/mersinkadingazetesi.com\/index.php?rest_route=%2Fwp%2Fv2%2Fcategories&post=37252"},{"taxonomy":"post_tag","embeddable":true,"href":"https:\/\/mersinkadingazetesi.com\/index.php?rest_route=%2Fwp%2Fv2%2Ftags&post=37252"}],"curies":[{"name":"wp","href":"https:\/\/api.w.org\/{rel}","templated":true}]}}