{"id":37255,"date":"2024-11-24T17:38:29","date_gmt":"2024-11-24T14:38:29","guid":{"rendered":"https:\/\/mersinkadingazetesi.com\/?p=37255"},"modified":"2024-11-24T17:38:29","modified_gmt":"2024-11-24T14:38:29","slug":"tarsus-belediyesinden-kadinlara-tam-destek","status":"publish","type":"post","link":"https:\/\/mersinkadingazetesi.com\/?p=37255","title":{"rendered":"TARSUS BELED\u0130YES\u0130\u2019NDEN KADINLARA TAM DESTEK"},"content":{"rendered":"\n<p>Tarsus Belediyesi 01-31 Ekim Meme Kanseri Bilin\u00e7lendirme ve Fark\u0131ndal\u0131k Ay\u0131&#8217;nda, Tarsuslu kad\u0131nlarla bir araya gelerek s\u00f6yle\u015fi program\u0131 d\u00fczenledi.&nbsp; S\u00f6yle\u015fide y\u00fczlerce kad\u0131n, Meme Kanseri konusunda bilin\u00e7lenme f\u0131rsat\u0131 buldu.<\/p>\n\n\n\n<p>&nbsp;Tarsus\u2019ta Meme Kanseri Bilin\u00e7lendirme ve Fark\u0131ndal\u0131k Ay\u0131&#8217;nda anlaml\u0131 bir etkinlik d\u00fczenlendi. Kad\u0131n ve Aile Hizmetleri M\u00fcd\u00fcrl\u00fc\u011f\u00fc ve Sa\u011fl\u0131k \u0130\u015fleri M\u00fcd\u00fcrl\u00fc\u011f\u00fc koordinesinde Belediye Meclis Salonu\u2019nda ger\u00e7ekle\u015fen toplant\u0131, y\u00fczlerce kad\u0131n\u0131n kat\u0131l\u0131m\u0131yla Meme Kanseri konusunda fark\u0131ndal\u0131\u011f\u0131n artmas\u0131na ve bilin\u00e7lenmeye destek oldu.&nbsp; S\u00f6yle\u015fi Genel Cerrah Uzman\u0131 Dr. Ali G\u00f6rkem Y\u0131ld\u0131r\u0131m ve Diyetisyen Cansu D\u00fczel Cengiz\u2019in kat\u0131l\u0131m\u0131yla ger\u00e7ekle\u015fti. Erken te\u015fhisin hayat kurtar\u0131c\u0131 rol\u00fc, meme kanseri tarama y\u00f6ntemleri ve sa\u011fl\u0131kl\u0131 beslenmenin \u00f6nemi gibi bir\u00e7ok konu detayl\u0131 bir \u015fekilde ele al\u0131nd\u0131.<\/p>\n\n\n\n<figure class=\"wp-block-image size-full\"><img loading=\"lazy\" decoding=\"async\" width=\"1600\" height=\"1200\" src=\"http:\/\/mersinkadingazetesi.com\/wp-content\/uploads\/2024\/11\/l_4102024161343473.jpeg\" alt=\"\" class=\"wp-image-37259\" srcset=\"https:\/\/mersinkadingazetesi.com\/wp-content\/uploads\/2024\/11\/l_4102024161343473.jpeg 1600w, https:\/\/mersinkadingazetesi.com\/wp-content\/uploads\/2024\/11\/l_4102024161343473-540x405.jpeg 540w\" sizes=\"(max-width: 1600px) 100vw, 1600px\" \/><\/figure>\n\n\n\n<p>KATILIMCILAR MERAK ED\u0130LENLER\u0130 SORMA \u0130MKANI BULDU<\/p>\n\n\n\n<p>Ayr\u0131ca kat\u0131l\u0131mc\u0131lar, uzmanlara sorular\u0131n\u0131 sorma ve birebir g\u00f6r\u00fc\u015fme imk\u00e2n\u0131 bularak merak ettikleri&nbsp;<\/p>\n\n\n\n<p>konularda bilgi ald\u0131lar. Bu etkinlik, Tarsus Belediyesi&#8217;nin kad\u0131n sa\u011fl\u0131\u011f\u0131na verdi\u011fi \u00f6nemi bir kez daha g\u00f6zler \u00f6n\u00fcne serdi.<\/p>\n\n\n\n<p>TARSUS BELED\u0130YES\u0130\u2019NDEN MECL\u0130S \u00dcYELER\u0130NE KADINA Y\u00d6NEL\u0130K \u015e\u0130DDETLE M\u00dcCADELE TOPLANTISI<\/p>\n\n\n\n<p>Tarsus Belediyesi, Mersin Valili\u011fi \u0130l Eylem Plan\u0131 kapsam\u0131nda kad\u0131na y\u00f6nelik \u015fiddetle m\u00fccadele konusunda fark\u0131ndal\u0131k yaratmak amac\u0131yla meclis \u00fcyelerine bilgilendirme toplant\u0131s\u0131 d\u00fczenledi. Toplant\u0131da toplumsal cinsiyet e\u015fitli\u011finin \u00f6nemi ve 6284 say\u0131l\u0131 kanunun detaylar\u0131 ele al\u0131nd\u0131.<\/p>\n\n\n\n<p>Tarsus Belediyesi Kad\u0131n ve Aile Hizmetleri M\u00fcd\u00fcrl\u00fc\u011f\u00fc koordinasyonunda belediye meclis \u00fcyele-rine, \u00c7a\u011f \u00dcniversitesi \u00d6\u011fretim \u00dcyesi Emine Sara\u00e7 ve Mersin Barosu Tarsus Temsilcili\u011finden Avukat T\u00fcrkan \u00d6z\u00fcm \u00d6z taraf\u0131ndan e\u011fitim verildi. E\u011fitimde kad\u0131nlar\u0131n toplumdaki stat\u00fcs\u00fcn\u00fcn g\u00fc\u00e7lendirilmesi gerekti\u011fi vurguland\u0131. Bunun yan\u0131 s\u0131ra, \u00f6zellikle aile i\u00e7i \u015fiddet vakalar\u0131n\u0131n \u00f6nlenmesi i\u00e7in b\u00fcy\u00fck \u00f6nem ta\u015f\u0131yan 6284 say\u0131l\u0131 \u201cAilenin Korunmas\u0131 ve Kad\u0131na Kar\u015f\u0131 \u015eiddetin \u00d6nlenmesi Kanunu\u201d detayl\u0131 bir \u015fekilde ele al\u0131nd\u0131.<\/p>\n\n\n\n<p>TOPLUMSAL C\u0130NS\u0130YET E\u015e\u0130TL\u0130\u011e\u0130N\u0130N \u00d6NEM\u0130NE&nbsp;<\/p>\n\n\n\n<p>VURGULANDI<\/p>\n\n\n\n<figure class=\"wp-block-image size-full\"><img loading=\"lazy\" decoding=\"async\" width=\"1600\" height=\"1200\" src=\"http:\/\/mersinkadingazetesi.com\/wp-content\/uploads\/2024\/11\/l_8112024135020634.jpeg\" alt=\"\" class=\"wp-image-37257\" srcset=\"https:\/\/mersinkadingazetesi.com\/wp-content\/uploads\/2024\/11\/l_8112024135020634.jpeg 1600w, https:\/\/mersinkadingazetesi.com\/wp-content\/uploads\/2024\/11\/l_8112024135020634-540x405.jpeg 540w\" sizes=\"(max-width: 1600px) 100vw, 1600px\" \/><\/figure>\n\n\n\n<p>Kat\u0131l\u0131mc\u0131lara verilen e\u011fitimde, \u015fiddet ma\u011fduru kad\u0131nlar\u0131n korunmas\u0131 i\u00e7in yasal \u00e7er\u00e7eve, hukuki haklar ve ba\u015fvuru yollar\u0131 anlat\u0131ld\u0131. Ayr\u0131ca toplumsal cinsiyet e\u015fitli\u011finin \u00f6nemine vurgu yap\u0131l\u0131rken, cinsiyet temelli ayr\u0131mc\u0131l\u0131\u011f\u0131n toplumun her kesiminde ortadan kald\u0131r\u0131lmas\u0131 i\u00e7in yerel y\u00f6netimlerin oynad\u0131\u011f\u0131 kritik role dikkat \u00e7ekildi.<\/p>\n\n\n\n<p>TARSUS BELED\u0130YES\u0130\u2019NDEN MEME KANSER\u0130 FARKINDALIK AYI\u2019NDA \u00d6RNEK ETK\u0130NL\u0130K<\/p>\n\n\n\n<p>Tarsus Belediyesi 01-31 Ekim Meme Kanseri Bilin\u00e7-lendirme ve Fark\u0131ndal\u0131k Ay\u0131\u2019nda, Tarsuslu kad\u0131nlarla bir araya gelerek s\u00f6yle\u015fi program\u0131 d\u00fczenledi.&nbsp; S\u00f6yle\u015fide y\u00fczlerce kad\u0131n, Meme Kanseri konusunda bilin\u00e7lenme f\u0131rsat\u0131 buldu.<\/p>\n\n\n\n<p>Tarsus\u2019ta Meme Kanseri Bilin\u00e7lendirme ve Fark\u0131ndal\u0131k Ay\u0131\u2019nda anlaml\u0131 bir etkinlik d\u00fczenlendi. Kad\u0131n ve Aile Hizmetleri M\u00fcd\u00fcrl\u00fc\u011f\u00fc ve Sa\u011fl\u0131k \u0130\u015fleri M\u00fcd\u00fcrl\u00fc\u011f\u00fc koordinesinde Belediye Meclis Salonu\u2019nda ger\u00e7ekle\u015fen toplant\u0131, y\u00fczlerce kad\u0131n\u0131n kat\u0131l\u0131m\u0131yla Meme Kanseri konusunda fark\u0131ndal\u0131\u011f\u0131n artmas\u0131na ve bilin\u00e7lenmeye destek oldu.&nbsp; S\u00f6yle\u015fi Genel Cerrah Uzman\u0131 Dr. Ali G\u00f6rkem Y\u0131ld\u0131r\u0131m ve Diyetisyen Cansu D\u00fczel Cengiz\u2019in kat\u0131l\u0131m\u0131yla ger\u00e7ekle\u015fti. Erken te\u015fhisin hayat kurtar\u0131c\u0131 rol\u00fc, meme kanseri tarama y\u00f6ntemleri ve sa\u011fl\u0131kl\u0131 beslenmenin \u00f6nemi gibi bir\u00e7ok konu detayl\u0131 bir \u015fekilde ele al\u0131nd\u0131.<\/p>\n\n\n\n<p>KATILIMCILAR MERAK ED\u0130LENLER\u0130 SORMA \u0130MKANI BULDU<\/p>\n\n\n\n<p>Ayr\u0131ca kat\u0131l\u0131mc\u0131lar, uzmanlara sorular\u0131n\u0131 sorma ve birebir g\u00f6r\u00fc\u015fme imk\u00e2n\u0131 bularak merak ettikleri konularda bilgi ald\u0131lar. Bu etkinlik, Tarsus Belediyesi\u2019nin kad\u0131n sa\u011fl\u0131\u011f\u0131na verdi\u011fi \u00f6nemi bir kez daha g\u00f6zler \u00f6n\u00fcne serdi.<\/p>\n","protected":false},"excerpt":{"rendered":"<p>Tarsus Belediyesi 01-31 Ekim Meme Kanseri Bilin\u00e7lendirme ve Fark\u0131ndal\u0131k Ay\u0131&#8217;nda, Tarsuslu kad\u0131nlarla bir araya gelerek s\u00f6yle\u015fi program\u0131 d\u00fczenledi.&nbsp; S\u00f6yle\u015fide y\u00fczlerce kad\u0131n, Meme Kanseri konusunda bilin\u00e7lenme f\u0131rsat\u0131 buldu. &nbsp;Tarsus\u2019ta Meme Kanseri Bilin\u00e7lendirme ve Fark\u0131ndal\u0131k Ay\u0131&#8217;nda anlaml\u0131 bir etkinlik d\u00fczenlendi. Kad\u0131n ve Aile Hizmetleri M\u00fcd\u00fcrl\u00fc\u011f\u00fc ve Sa\u011fl\u0131k \u0130\u015fleri M\u00fcd\u00fcrl\u00fc\u011f\u00fc koordinesinde Belediye Meclis Salonu\u2019nda ger\u00e7ekle\u015fen toplant\u0131, y\u00fczlerce kad\u0131n\u0131n [&hellip;]<\/p>\n","protected":false},"author":2,"featured_media":37260,"comment_status":"closed","ping_status":"closed","sticky":false,"template":"","format":"standard","meta":{"footnotes":""},"categories":[34,3],"tags":[],"class_list":["post-37255","post","type-post","status-publish","format-standard","has-post-thumbnail","hentry","category-flas-haber","category-manset"],"views":4,"_links":{"self":[{"href":"https:\/\/mersinkadingazetesi.com\/index.php?rest_route=\/wp\/v2\/posts\/37255"}],"collection":[{"href":"https:\/\/mersinkadingazetesi.com\/index.php?rest_route=\/wp\/v2\/posts"}],"about":[{"href":"https:\/\/mersinkadingazetesi.com\/index.php?rest_route=\/wp\/v2\/types\/post"}],"author":[{"embeddable":true,"href":"https:\/\/mersinkadingazetesi.com\/index.php?rest_route=\/wp\/v2\/users\/2"}],"replies":[{"embeddable":true,"href":"https:\/\/mersinkadingazetesi.com\/index.php?rest_route=%2Fwp%2Fv2%2Fcomments&post=37255"}],"version-history":[{"count":1,"href":"https:\/\/mersinkadingazetesi.com\/index.php?rest_route=\/wp\/v2\/posts\/37255\/revisions"}],"predecessor-version":[{"id":37261,"href":"https:\/\/mersinkadingazetesi.com\/index.php?rest_route=\/wp\/v2\/posts\/37255\/revisions\/37261"}],"wp:featuredmedia":[{"embeddable":true,"href":"https:\/\/mersinkadingazetesi.com\/index.php?rest_route=\/wp\/v2\/media\/37260"}],"wp:attachment":[{"href":"https:\/\/mersinkadingazetesi.com\/index.php?rest_route=%2Fwp%2Fv2%2Fmedia&parent=37255"}],"wp:term":[{"taxonomy":"category","embeddable":true,"href":"https:\/\/mersinkadingazetesi.com\/index.php?rest_route=%2Fwp%2Fv2%2Fcategories&post=37255"},{"taxonomy":"post_tag","embeddable":true,"href":"https:\/\/mersinkadingazetesi.com\/index.php?rest_route=%2Fwp%2Fv2%2Ftags&post=37255"}],"curies":[{"name":"wp","href":"https:\/\/api.w.org\/{rel}","templated":true}]}}